{"id":1301,"date":"2024-07-14T21:43:20","date_gmt":"2024-07-14T20:43:20","guid":{"rendered":"https:\/\/lequotidien-deconstantine.dz\/?p=1301"},"modified":"2024-07-14T21:43:23","modified_gmt":"2024-07-14T20:43:23","slug":"inscriptions-universitaires-deux-formations-durant-la-meme-annee","status":"publish","type":"post","link":"https:\/\/lequotidien-deconstantine.dz\/?p=1301","title":{"rendered":"Inscriptions universitaires\u00a0: Deux formations durant la m\u00eame ann\u00e9e"},"content":{"rendered":"\n<p>Les pr\u00e9inscriptions pour les nouveaux bacheliers auront lieu du 23 au 27 juillet, alors que les r\u00e9sultats d\u2019orientation seront annonc\u00e9s le 6 ao\u00fbt prochain, a indiqu\u00e9 ce dimanche le&nbsp;ministre de l\u2019Enseignement sup\u00e9rieur et de la Recherche scientifique, Kamel Baddari.<\/p>\n\n\n\n<p>S\u2019exprimant lors d\u2019une conf\u00e9rence de presse consacr\u00e9e aux nouveaut\u00e9s de la circulaire minist\u00e9rielle relative \u00e0 la pr\u00e9inscription et \u00e0 l\u2019orientation des nouveaux bacheliers au titre de l\u2019ann\u00e9e universitaire 2024-2025, M. Baddari a pr\u00e9cis\u00e9 que \u00ab les pr\u00e9inscriptions des nouveaux bacheliers auront lieu du 23 au 27 juillet, alors que les r\u00e9sultats d\u2019orientation seront annonc\u00e9s le 6 ao\u00fbt prochain. L\u2019\u00e9tudiant devra ensuite payer les droits de scolarit\u00e9 du 10 au 15 ao\u00fbt \u00bb, selon le compte rendu de l\u2019agence officielle.<\/p>\n\n\n\n<p>S\u2019agissant du double dipl\u00f4me, l\u2019\u00e9tudiant peut d\u00e9sormais poursuivre deux formations durant la m\u00eame p\u00e9riode d\u2019\u00e9tude, \u00e0 l\u2019instar de l\u2019Economie et les Math\u00e9matiques.<\/p>\n\n\n\n<p>Quant au domaine de la M\u00e9decine, des offres de formation ont \u00e9t\u00e9 propos\u00e9es pour permettre au m\u00e9decin d\u2019avoir deux dipl\u00f4mes et ce au niveau de huit Facult\u00e9s de M\u00e9decine.<\/p>\n\n\n\n<p>Ces offres concernent: M\u00e9decine\/Big Data, aux universit\u00e9s d\u2019Annaba, Batna 2, Ouargla, S\u00e9tif 1 et Bejaia, M\u00e9decine\/ Intelligence Artificielle \u00e0 Bejaia, M\u00e9decine\/\u00c9conomie de la Sant\u00e9 au niveau des universit\u00e9s de Constantine 3, de S\u00e9tif 1, de Ouargla,&nbsp; M\u00e9decine\/Bioinformatique \u00e0 l\u2019universit\u00e9 d\u2019Alger 1, et M\u00e9decine\/Psychologie m\u00e9dicale \u00e0 l\u2019universit\u00e9 de Tlemcen.<\/p>\n\n\n\n<p>Dans le m\u00eame sillage, quatre&nbsp; offres de formations de double dipl\u00f4me ont \u00e9galement \u00e9t\u00e9 habilit\u00e9es au niveau de sept&nbsp; universit\u00e9s, \u00e0 l\u2019instar des Math\u00e9matiques et de l\u2019Informatique aux universit\u00e9s d\u2019Annaba, S\u00e9tif 1, M\u2019sila, Alger 3 et l\u2019\u00c9conomie quantitative et l\u2019Informatique \u00e0 l\u2019universit\u00e9 d\u2019Alger 3.<\/p>\n\n\n\n<p>L.R.<\/p>\n","protected":false},"excerpt":{"rendered":"<p>Les pr\u00e9inscriptions pour les nouveaux bacheliers auront lieu du 23 au 27 juillet, alors que les r\u00e9sultats d\u2019orientation seront annonc\u00e9s le 6 ao\u00fbt prochain, a indiqu\u00e9 ce dimanche le&nbsp;ministre de l\u2019Enseignement sup\u00e9rieur et de la Recherche scientifique, Kamel Baddari. S\u2019exprimant lors d\u2019une conf\u00e9rence de presse consacr\u00e9e aux nouveaut\u00e9s de la circulaire minist\u00e9rielle relative \u00e0 la [&hellip;]<\/p>\n","protected":false},"author":3,"featured_media":1302,"comment_status":"open","ping_status":"open","sticky":false,"template":"","format":"standard","meta":{"footnotes":""},"categories":[7,10],"tags":[],"class_list":{"0":"post-1301","1":"post","2":"type-post","3":"status-publish","4":"format-standard","5":"has-post-thumbnail","7":"category-actualite","8":"category-magazine"},"_links":{"self":[{"href":"https:\/\/lequotidien-deconstantine.dz\/index.php?rest_route=\/wp\/v2\/posts\/1301","targetHints":{"allow":["GET"]}}],"collection":[{"href":"https:\/\/lequotidien-deconstantine.dz\/index.php?rest_route=\/wp\/v2\/posts"}],"about":[{"href":"https:\/\/lequotidien-deconstantine.dz\/index.php?rest_route=\/wp\/v2\/types\/post"}],"author":[{"embeddable":true,"href":"https:\/\/lequotidien-deconstantine.dz\/index.php?rest_route=\/wp\/v2\/users\/3"}],"replies":[{"embeddable":true,"href":"https:\/\/lequotidien-deconstantine.dz\/index.php?rest_route=%2Fwp%2Fv2%2Fcomments&post=1301"}],"version-history":[{"count":1,"href":"https:\/\/lequotidien-deconstantine.dz\/index.php?rest_route=\/wp\/v2\/posts\/1301\/revisions"}],"predecessor-version":[{"id":1303,"href":"https:\/\/lequotidien-deconstantine.dz\/index.php?rest_route=\/wp\/v2\/posts\/1301\/revisions\/1303"}],"wp:featuredmedia":[{"embeddable":true,"href":"https:\/\/lequotidien-deconstantine.dz\/index.php?rest_route=\/wp\/v2\/media\/1302"}],"wp:attachment":[{"href":"https:\/\/lequotidien-deconstantine.dz\/index.php?rest_route=%2Fwp%2Fv2%2Fmedia&parent=1301"}],"wp:term":[{"taxonomy":"category","embeddable":true,"href":"https:\/\/lequotidien-deconstantine.dz\/index.php?rest_route=%2Fwp%2Fv2%2Fcategories&post=1301"},{"taxonomy":"post_tag","embeddable":true,"href":"https:\/\/lequotidien-deconstantine.dz\/index.php?rest_route=%2Fwp%2Fv2%2Ftags&post=1301"}],"curies":[{"name":"wp","href":"https:\/\/api.w.org\/{rel}","templated":true}]}}