{"id":2247,"date":"2025-05-25T08:38:19","date_gmt":"2025-05-25T07:38:19","guid":{"rendered":"https:\/\/lequotidien-deconstantine.dz\/?p=2247"},"modified":"2025-05-25T08:38:22","modified_gmt":"2025-05-25T07:38:22","slug":"ladieu-au-patriote-cineaste","status":"publish","type":"post","link":"https:\/\/lequotidien-deconstantine.dz\/?p=2247","title":{"rendered":"L\u2019adieu au patriote cin\u00e9aste"},"content":{"rendered":"\n<p>Le d\u00e9c\u00e8s du moudjahid, r\u00e9alisateur et producteur alg\u00e9rien <strong>Mohamed Lakhdar-Hamina<\/strong>repr\u00e9sente une grande perte pour le cin\u00e9ma alg\u00e9rien et arabe. Il a \u00e9t\u00e9 inhum\u00e9 samedi, apr\u00e8s-midi, au <strong>cimeti\u00e8re de Sidi Yahia<\/strong> \u00e0 Alger, dans une atmosph\u00e8re solennelle et \u00e9mouvante.<\/p>\n\n\n\n<p>La c\u00e9r\u00e9monie fun\u00e9raire a vu la pr\u00e9sence de nombreuses <strong>personnalit\u00e9s officielles, culturelles et artistiques<\/strong>, parmi lesquelles <strong>Azouz Nasri<\/strong>, pr\u00e9sident du Conseil de la Nation, <strong>Zouhir Bellou<\/strong>, ministre de la Culture, le grand r\u00e9alisateur <strong>Ahmed Rachedi<\/strong><strong>,<\/strong> et l&rsquo;artiste et musicien <strong>Safy Boutella<\/strong><strong>.<\/strong><\/p>\n\n\n\n<p>Mohamed Lakhdar-Hamina est d\u00e9c\u00e9d\u00e9 <strong>vendredi<\/strong>, \u00e0 l\u2019\u00e2ge de <strong>95 ans<\/strong><strong>.<\/strong> Il est consid\u00e9r\u00e9 comme l\u2019un des piliers du cin\u00e9ma alg\u00e9rien. Son nom reste notamment associ\u00e9 au film <strong>\u00ab\u00a0Chronique des ann\u00e9es de braise\u00a0\u00bb<\/strong><strong>,<\/strong> qui a remport\u00e9 la <strong>Palme d\u2019or<\/strong> au Festival de Cannes en 1975 \u2014 une distinction historique pour le cin\u00e9ma arabe et africain.<\/p>\n\n\n\n<p><strong>Mohammed Lakhdar-Hamina est le seul Africain \u00e0 avoir remport\u00e9 une Palme d\u2019or<\/strong><\/p>\n\n\n\n<p>En 1975, Mohammed Lakhdar-Hamina avait marqu\u00e9 l\u2019histoire du <a href=\"https:\/\/www.programme-tv.net\/news\/cinema\/379548-festival-de-cannes-2025-julia-piatton-brille-en-robe-argentee-cecile-de-france-eblouie-de-nouveau-la-croisette-le-casting-de-la-venue-de-l-avenir-fait-le-show-photos\/\">Festival de Cannes<\/a> en remportant la <a href=\"https:\/\/www.programme-tv.net\/news\/cinema\/379491-t-attends-qu-ils-te-disent-ca-serait-bien-que-vous-restiez-mathieu-kassovitz-raconte-les-coulisses-de-la-palme-d-or-au-festival-de-cannes\/\">Palme d\u2019or <\/a>pour <em>Chronique des ann\u00e9es de braise<\/em>. \u00c0 ce jour, il s\u2019agit encore de la seule Palme d\u2019Or africaine de l\u2019histoire du Festival. Ce film, c\u00e9l\u00e9br\u00e9 \u00e0 nouveau ce 23 mai 2025 par le cin\u00e9ma dans le cadre de la projection d\u2019une version restaur\u00e9e, est une fresque de l\u2019Alg\u00e9rie entre 1930 et 1954 cens\u00e9e donner des cl\u00e9s de compr\u00e9hension sur les \u00e9v\u00e9nements qui ont men\u00e9 \u00e0 la guerre. En 1975, lors de sa pr\u00e9sentation officielle \u00e0 Cannes, des militants de l\u2019OAS auraient tent\u00e9 de perturber la f\u00eate en lan\u00e7ant de fausses alertes \u00e0 la bombe. Cela n\u2019avait finalement pas emp\u00each\u00e9 le jury pr\u00e9sid\u00e9 par <a href=\"https:\/\/www.programme-tv.net\/biographie\/164713-moreau-jeanne\/\">Jeanne Moreau<\/a> de reconna\u00eetre le g\u00e9nie de Mohammed Lakhdar-Hamina, d\u00e9j\u00e0 r\u00e9compens\u00e9 du Prix de la premi\u00e8re \u0153uvre en 1967 pour <em>Le vent des Aur\u00e8s<\/em>.<\/p>\n\n\n\n<p><strong>Le pr\u00e9sident alg\u00e9rien salue la m\u00e9moire de Mohammed Lakhdar-Hamina<\/strong><\/p>\n\n\n\n<p>Ce vendredi 23 mai, le fils du r\u00e9alisateur, Malek, qui incarnait un enfant dans <em>Chronique des ann\u00e9es de braise<\/em>, \u00e9tait pr\u00e9sent \u00e0 Cannes pour l\u2019hommage rendu \u00e0 son p\u00e8re. <em>\u00ab\u00a0\u00c0 travers ce film, Mohamed Lakhdar-Hamina a tendu la main pour rassembler et non diviser. Il a fait du cin\u00e9ma une terre d&rsquo;accueil\u00a0\u00bb,<\/em> a-t-il dit, \u00e9mu, quelques instants avant l\u2019annonce du d\u00e9c\u00e8s du cin\u00e9aste. Le pr\u00e9sident alg\u00e9rien Abdelmadjid Tebboune a publi\u00e9 un message de condol\u00e9ances pour la disparition de<em> \u00ab\u00a0ce g\u00e9ant du cin\u00e9ma mondial\u00a0\u00bb<\/em>.<\/p>\n\n\n\n<p>N\u00e9 \u00e0 M\u2019sila, Mohamed Lakhdar Hamina manifeste, d\u00e8s son enfance, un penchant prononc\u00e9 pour la photo et l\u2019image. Il effectue ses premi\u00e8res classes d\u2019enseignement g\u00e9n\u00e9ral en Alg\u00e9rie, les poursuit en France, avant de rejoindre Tunis en 1958. C\u2019est l\u00e0 qu\u2019il suit une formation avant de retrouver ses camarades de combat et de tourner ses premiers films au maquis.<\/p>\n\n\n\n<p><strong>De Prague \u00e0 l\u2019Office des Actualit\u00e9s<\/strong><\/p>\n\n\n\n<p>Un an plus tard, il est envoy\u00e9 par le FLN en Tch\u00e9coslovaquie pour suivre des \u00e9tudes de cin\u00e9ma \u00e0 Prague, o\u00f9 il se sp\u00e9cialise dans la prise de vue. Parall\u00e8lement, il retourne r\u00e9guli\u00e8rement \u00e0 Tunis pour tourner, notamment avec Djamel Chanderli (1920-1990), \u00ab Yasmina \u00bb, \u00ab La Voix du peuple \u00bb et \u00ab Les Fusils de la libert\u00e9 \u00bb.<\/p>\n\n\n\n<p>Apr\u00e8s l\u2019Ind\u00e9pendance, il rassemble ses anciens collaborateurs de Tunis pour jeter les bases de ce qui deviendra l\u2019\u00ab Office des actualit\u00e9s alg\u00e9riennes \u00bb, dont il est le directeur de 1963 \u00e0 1974.<\/p>\n\n\n\n<p><strong>L\u2019\u00e9closion d\u2019un talent<\/strong><\/p>\n\n\n\n<p>En 1965, il tourne son premier long-m\u00e9trage, \u00ab Le Vent des Aur\u00e8s \u00bb, avec la grande Keltoum (A\u00efcha Adjouri, 1916-2010), \u00e9poustouflante dans le r\u00f4le d\u2019une m\u00e8re d\u00e9sempar\u00e9e errant entre les prisons et les camps de concentration de l\u2019arm\u00e9e coloniale fran\u00e7aise, \u00e0 la recherche de son fils emmen\u00e9 lors d\u2019une rafle par la police coloniale.<\/p>\n\n\n\n<p>\u00ab Le Vent des Aur\u00e8s \u00bb est alors couronn\u00e9 du Prix de la premi\u00e8re \u0153uvre au Festival de Cannes en 1967, marquant ainsi l\u2019entr\u00e9e du cin\u00e9ma alg\u00e9rien sur la sc\u00e8ne internationale.<\/p>\n\n\n\n<p>En 1968, il tourne \u00ab Hassen Terro \u00bb, interpr\u00e9t\u00e9 par le regrett\u00e9 Rouiched (Ahmed Ayad, 1921-1999), un 2e long-m\u00e9trage qui lui ouvre les portes de la popularit\u00e9 en Alg\u00e9rie. Il r\u00e9cidive en 1972 avec le film \u00abD\u00e9cembre\u00bb, qui d\u00e9nonce l\u2019abjection et la barbarie de la torture pratiqu\u00e9e par l\u2019arm\u00e9e coloniale fran\u00e7aise.<\/p>\n\n\n\n<p><strong>Le triomphe de \u00ab&nbsp;Chronique des ann\u00e9es de braise&nbsp;\u00bb au Festival de Cannes<\/strong><\/p>\n\n\n\n<p>En 1974, Mohamed Lakhdar Hamina r\u00e9alise \u00ab Chronique des ann\u00e9es de braise \u00bb, une grande fresque historique en 6 tableaux, d\u00e9peignant la p\u00e9riode allant des premiers mouvements de r\u00e9sistance jusqu\u2019\u00e0 la glorieuse R\u00e9volution de Novembre 1954. Cette \u00e9pop\u00e9e d\u2019une grande force visuelle remporte la Palme d\u2019or au <a href=\"https:\/\/www.festival-cannes.com\/\" target=\"_blank\" rel=\"noreferrer noopener\">Festival de Cannes<\/a> en 1975.<\/p>\n\n\n\n<p>Directeur de l\u2019Office national du cin\u00e9ma et de l\u2019industrie cin\u00e9matographique (ONCIC) de 1981 \u00e0 1984, le d\u00e9funt signe durant cette p\u00e9riode deux films : \u00abVent de sable\u00bb (1982) et \u00abLa Derni\u00e8re Image\u00bb (1985). Son dernier long-m\u00e9trage, \u00ab Cr\u00e9puscule des ombres \u00bb, sortira en 2014.<\/p>\n\n\n\n<p>Mohamed Lakhdar Hamina a \u00e9galement produit plusieurs films \u00e0 succ\u00e8s, tels que \u00ab Z \u00bb (1969) de Costa-Gavras et \u00abLe Bal\u00bb (1983) d\u2019Ettore Scola. Il est \u00e9galement connu pour ses apparitions en cam\u00e9o dans certains de ses propres films.<\/p>\n\n\n\n<p>Que Dieu ait son \u00e2me et accorde \u00e0 sa famille, ainsi qu\u2019\u00e0 toute la communaut\u00e9 artistique et culturelle, patience et r\u00e9confort.<\/p>\n\n\n\n<p>L.R.<\/p>\n","protected":false},"excerpt":{"rendered":"<p>Le d\u00e9c\u00e8s du moudjahid, r\u00e9alisateur et producteur alg\u00e9rien Mohamed Lakhdar-Haminarepr\u00e9sente une grande perte pour le cin\u00e9ma alg\u00e9rien et arabe. Il a \u00e9t\u00e9 inhum\u00e9 samedi, apr\u00e8s-midi, au cimeti\u00e8re de Sidi Yahia \u00e0 Alger, dans une atmosph\u00e8re solennelle et \u00e9mouvante. La c\u00e9r\u00e9monie fun\u00e9raire a vu la pr\u00e9sence de nombreuses personnalit\u00e9s officielles, culturelles et artistiques, parmi lesquelles Azouz [&hellip;]<\/p>\n","protected":false},"author":3,"featured_media":2248,"comment_status":"open","ping_status":"open","sticky":false,"template":"","format":"standard","meta":{"footnotes":""},"categories":[5],"tags":[],"class_list":{"0":"post-2247","1":"post","2":"type-post","3":"status-publish","4":"format-standard","5":"has-post-thumbnail","7":"category-culture"},"_links":{"self":[{"href":"https:\/\/lequotidien-deconstantine.dz\/index.php?rest_route=\/wp\/v2\/posts\/2247","targetHints":{"allow":["GET"]}}],"collection":[{"href":"https:\/\/lequotidien-deconstantine.dz\/index.php?rest_route=\/wp\/v2\/posts"}],"about":[{"href":"https:\/\/lequotidien-deconstantine.dz\/index.php?rest_route=\/wp\/v2\/types\/post"}],"author":[{"embeddable":true,"href":"https:\/\/lequotidien-deconstantine.dz\/index.php?rest_route=\/wp\/v2\/users\/3"}],"replies":[{"embeddable":true,"href":"https:\/\/lequotidien-deconstantine.dz\/index.php?rest_route=%2Fwp%2Fv2%2Fcomments&post=2247"}],"version-history":[{"count":1,"href":"https:\/\/lequotidien-deconstantine.dz\/index.php?rest_route=\/wp\/v2\/posts\/2247\/revisions"}],"predecessor-version":[{"id":2249,"href":"https:\/\/lequotidien-deconstantine.dz\/index.php?rest_route=\/wp\/v2\/posts\/2247\/revisions\/2249"}],"wp:featuredmedia":[{"embeddable":true,"href":"https:\/\/lequotidien-deconstantine.dz\/index.php?rest_route=\/wp\/v2\/media\/2248"}],"wp:attachment":[{"href":"https:\/\/lequotidien-deconstantine.dz\/index.php?rest_route=%2Fwp%2Fv2%2Fmedia&parent=2247"}],"wp:term":[{"taxonomy":"category","embeddable":true,"href":"https:\/\/lequotidien-deconstantine.dz\/index.php?rest_route=%2Fwp%2Fv2%2Fcategories&post=2247"},{"taxonomy":"post_tag","embeddable":true,"href":"https:\/\/lequotidien-deconstantine.dz\/index.php?rest_route=%2Fwp%2Fv2%2Ftags&post=2247"}],"curies":[{"name":"wp","href":"https:\/\/api.w.org\/{rel}","templated":true}]}}