{"id":2250,"date":"2025-05-25T08:42:10","date_gmt":"2025-05-25T07:42:10","guid":{"rendered":"https:\/\/lequotidien-deconstantine.dz\/?p=2250"},"modified":"2025-05-25T08:42:11","modified_gmt":"2025-05-25T07:42:11","slug":"angem-le-challenge-de-deux-millions-de-microentreprises","status":"publish","type":"post","link":"https:\/\/lequotidien-deconstantine.dz\/?p=2250","title":{"rendered":"ANGEM\u00a0: Le challenge de deux millions de microentreprises"},"content":{"rendered":"\n<p>L\u2019Alg\u00e9rie s\u2019engage r\u00e9solument sur la voie du soutien \u00e0 l\u2019initiative individuelle. Samedi, la biblioth\u00e8que principale de lecture publique Mustapha Netour de Constantine a accueilli une journ\u00e9e d\u2019\u00e9tude consacr\u00e9e au r\u00f4le de l\u2019ANGEM (Agence nationale de gestion du microcr\u00e9dit) dans le d\u00e9veloppement \u00e9conomique local et national. Une rencontre intersectorielle, riche en \u00e9changes, qui illustre l\u2019importance croissante accord\u00e9e \u00e0 la microentreprise dans les politiques publiques alg\u00e9riennes.<\/p>\n\n\n\n<p>Autour de la table, des repr\u00e9sentants des secteurs de la formation professionnelle, de l\u2019enseignement sup\u00e9rieur, des banques, des assurances, des services agricoles, ainsi que des m\u00e9dias et de la soci\u00e9t\u00e9 civile. Tous r\u00e9unis pour r\u00e9fl\u00e9chir au r\u00f4le strat\u00e9gique de l\u2019ANGEM dans la transformation du tissu \u00e9conomique national.<\/p>\n\n\n\n<p><strong>Un \u00e9cosyst\u00e8me d\u2019appui aux jeunes porteurs de projets<\/strong><\/p>\n\n\n\n<p>Dans son discours inaugural, Lokmane Messaoudene, directeur de l\u2019emploi, a soulign\u00e9 la mont\u00e9e en puissance des opportunit\u00e9s offertes aux jeunes. Financement, accompagnement, formation : autant de leviers d\u00e9sormais activ\u00e9s pour encourager l\u2019esprit d\u2019initiative chez les jeunes Alg\u00e9riens.<\/p>\n\n\n\n<p>Une dynamique confirm\u00e9e par Karim Draoui, directeur r\u00e9gional de l\u2019ANGEM, qui a d\u00e9taill\u00e9 les efforts de l\u2019agence pour r\u00e9pondre aux besoins sp\u00e9cifiques des porteurs de projets, dans un environnement \u00e9conomique de plus en plus concurrentiel. \u00ab Nous devons accompagner cette jeunesse qui innove, qui s\u2019adapte, qui ose \u00bb, a-t-il martel\u00e9, \u00e9voquant notamment la convention sign\u00e9e avec Alg\u00e9rie T\u00e9l\u00e9com pour ouvrir l\u2019investissement dans la fibre optique aux jeunes dipl\u00f4m\u00e9s.<\/p>\n\n\n\n<p><strong>La microentreprise au centre d\u2019un projet national<\/strong><\/p>\n\n\n\n<p>Cette rencontre s\u2019inscrit dans une strat\u00e9gie gouvernementale plus large, qui fait de la microentreprise un pilier de la relance \u00e9conomique et de la lutte contre le ch\u00f4mage. Le plan du gouvernement pr\u00e9voit, \u00e0 moyen terme, la cr\u00e9ation de deux millions de microentreprises, un objectif ambitieux qui repose sur la mobilisation de plusieurs dispositifs publics, dont l\u2019ANGEM constitue l\u2019un des bras op\u00e9rationnels majeurs.<\/p>\n\n\n\n<p>L&rsquo;\u00c9tat a multipli\u00e9 les incitations fiscales, les facilitations administratives et les m\u00e9canismes de financement \u00e0 taux bonifi\u00e9s pour encourager les jeunes \u00e0 se lancer. L\u2019acc\u00e8s au cr\u00e9dit solidaire, l\u2019all\u00e8gement des garanties bancaires, et l\u2019accompagnement technique en amont et en aval du projet font d\u00e9sormais partie int\u00e9grante de la politique de promotion de la microentreprise.<\/p>\n\n\n\n<p>Pour Samy Hebbache, directeur de l\u2019agence ANGEM de Constantine, le d\u00e9fi est aussi organisationnel : \u00ab Le monde change \u00e0 une vitesse vertigineuse. Il faut des dispositifs flexibles, capables de s\u2019adapter aux besoins \u00e9mergents, aux nouvelles fili\u00e8res et aux aspirations des jeunes. \u00bb<\/p>\n\n\n\n<p>Les intervenants ont ainsi appel\u00e9 \u00e0 une refonte des modes de gestion, une plus grande ouverture sur les cr\u00e9neaux innovants (\u00e9conomie num\u00e9rique, \u00e9nergies renouvelables, artisanat technologique), et \u00e0 un renforcement des synergies interinstitutionnelles. Car derri\u00e8re l\u2019objectif des deux millions de microentreprises se joue la transformation du mod\u00e8le \u00e9conomique alg\u00e9rien, avec une \u00e9conomie plus inclusive, d\u00e9centralis\u00e9e et r\u00e9active.<\/p>\n\n\n\n<p><strong>Une volont\u00e9 de rupture avec le pass\u00e9<\/strong><\/p>\n\n\n\n<p>En filigrane, cette journ\u00e9e d\u2019\u00e9tude marque aussi une rupture avec une vision administrative et centralis\u00e9e de la politique de l\u2019emploi. L\u2019\u00c9tat ne se contente plus d\u2019assister, il veut d\u00e9sormais impulser, accompagner et valoriser l\u2019initiative individuelle. La microentreprise devient ainsi un outil de souverainet\u00e9 \u00e9conomique, un moyen de lutter contre le ch\u00f4mage, mais aussi de r\u00e9duire la d\u00e9pendance aux hydrocarbures.<\/p>\n\n\n\n<p>La rencontre de Constantine, appel\u00e9e \u00e0 \u00eatre suivie par d\u2019autres, trace les contours d\u2019un changement de paradigme : faire de l\u2019Alg\u00e9rie un pays d\u2019entrepreneurs, o\u00f9 chaque jeune peut transformer une id\u00e9e en r\u00e9alit\u00e9, un r\u00eave en activit\u00e9, une passion en profession.<\/p>\n\n\n\n<p>L.R.<\/p>\n","protected":false},"excerpt":{"rendered":"<p>L\u2019Alg\u00e9rie s\u2019engage r\u00e9solument sur la voie du soutien \u00e0 l\u2019initiative individuelle. Samedi, la biblioth\u00e8que principale de lecture publique Mustapha Netour de Constantine a accueilli une journ\u00e9e d\u2019\u00e9tude consacr\u00e9e au r\u00f4le de l\u2019ANGEM (Agence nationale de gestion du microcr\u00e9dit) dans le d\u00e9veloppement \u00e9conomique local et national. Une rencontre intersectorielle, riche en \u00e9changes, qui illustre l\u2019importance croissante [&hellip;]<\/p>\n","protected":false},"author":3,"featured_media":2251,"comment_status":"open","ping_status":"open","sticky":false,"template":"","format":"standard","meta":{"footnotes":""},"categories":[4],"tags":[],"class_list":{"0":"post-2250","1":"post","2":"type-post","3":"status-publish","4":"format-standard","5":"has-post-thumbnail","7":"category-actuest"},"_links":{"self":[{"href":"https:\/\/lequotidien-deconstantine.dz\/index.php?rest_route=\/wp\/v2\/posts\/2250","targetHints":{"allow":["GET"]}}],"collection":[{"href":"https:\/\/lequotidien-deconstantine.dz\/index.php?rest_route=\/wp\/v2\/posts"}],"about":[{"href":"https:\/\/lequotidien-deconstantine.dz\/index.php?rest_route=\/wp\/v2\/types\/post"}],"author":[{"embeddable":true,"href":"https:\/\/lequotidien-deconstantine.dz\/index.php?rest_route=\/wp\/v2\/users\/3"}],"replies":[{"embeddable":true,"href":"https:\/\/lequotidien-deconstantine.dz\/index.php?rest_route=%2Fwp%2Fv2%2Fcomments&post=2250"}],"version-history":[{"count":1,"href":"https:\/\/lequotidien-deconstantine.dz\/index.php?rest_route=\/wp\/v2\/posts\/2250\/revisions"}],"predecessor-version":[{"id":2252,"href":"https:\/\/lequotidien-deconstantine.dz\/index.php?rest_route=\/wp\/v2\/posts\/2250\/revisions\/2252"}],"wp:featuredmedia":[{"embeddable":true,"href":"https:\/\/lequotidien-deconstantine.dz\/index.php?rest_route=\/wp\/v2\/media\/2251"}],"wp:attachment":[{"href":"https:\/\/lequotidien-deconstantine.dz\/index.php?rest_route=%2Fwp%2Fv2%2Fmedia&parent=2250"}],"wp:term":[{"taxonomy":"category","embeddable":true,"href":"https:\/\/lequotidien-deconstantine.dz\/index.php?rest_route=%2Fwp%2Fv2%2Fcategories&post=2250"},{"taxonomy":"post_tag","embeddable":true,"href":"https:\/\/lequotidien-deconstantine.dz\/index.php?rest_route=%2Fwp%2Fv2%2Ftags&post=2250"}],"curies":[{"name":"wp","href":"https:\/\/api.w.org\/{rel}","templated":true}]}}