{"id":2432,"date":"2025-06-25T09:54:41","date_gmt":"2025-06-25T08:54:41","guid":{"rendered":"https:\/\/lequotidien-deconstantine.dz\/?p=2432"},"modified":"2025-06-25T09:54:43","modified_gmt":"2025-06-25T08:54:43","slug":"salon-national-de-lartisanat-constantine-patrimoine-artisanal-riche-et-diversifie","status":"publish","type":"post","link":"https:\/\/lequotidien-deconstantine.dz\/?p=2432","title":{"rendered":"Salon national de l\u2019artisanat Constantine\u00a0: Patrimoine artisanal riche et diversifi\u00e9"},"content":{"rendered":"\n<p>Plus de 70 artisans de toutes les r\u00e9gions du pays sont venus pr\u00e9senter leurs cr\u00e9ations et promouvoir le savoir-faire traditionnel au Salon national de l\u2019artisanat tenu \u00e0 Constantine depuis le 21 de ce mois en redonnant vie aux galeries souterraines du centre-ville qui ont \u00e9t\u00e9 r\u00e9habilit\u00e9es apr\u00e8s plusieurs ann\u00e9es de fermeture.<\/p>\n\n\n\n<p>Les articles expos\u00e9s t\u00e9moignent de la richesse et de la vari\u00e9t\u00e9 du patrimoine alg\u00e9rien que ce soit des tenues traditionnelles aux styles multiples, des objets en cuivre, en c\u00e9ramiques d\u00e9coratives mais aussi des cr\u00e9ations en cuir, des produits naturels et cosm\u00e9tiques \u00e0 base de plantes sans oublier la vannerie et les articles con\u00e7us \u00e0 partir de mat\u00e9riaux respectueux de l\u2019environnement.<\/p>\n\n\n\n<p>Parmi les participants, Mme. Nassira Safia de Touggourt a expliqu\u00e9 au \u201c Quotidien de Constantine \u201d que le m\u00e9tier de tissage et du filage de la laine est tr\u00e8s r\u00e9pandu dans sa ville et que cet art est perp\u00e9tu\u00e9 de g\u00e9n\u00e9ration en g\u00e9n\u00e9ration et qui plus est valoris\u00e9 par la population t\u00e9moignant d\u2019un v\u00e9ritable attachement \u00e0 ce savoir-faire ancestral.<\/p>\n\n\n\n<p>Pour Mme. Soulef Lemchenak de Constantine, cr\u00e9atrice de \u201c IDIM BIO \u201d sp\u00e9cialis\u00e9e dans la distillation et l\u2019extraction des huiles v\u00e9g\u00e9tales, essentielles et la fabrication des produits cosm\u00e9tiques naturelles, elle estime qu\u2019il est important d\u2019avoir un esprit cr\u00e9atif et une volont\u00e9 de se d\u00e9velopper en continuant \u00e0 se former pour s\u2019agrandir et avoir une gamme diversifi\u00e9e, bio et de qualit\u00e9.<\/p>\n\n\n\n<p><strong>&nbsp;&nbsp;&nbsp;&nbsp;&nbsp;&nbsp;&nbsp;&nbsp;&nbsp;&nbsp;&nbsp;&nbsp;&nbsp;&nbsp;&nbsp;&nbsp;&nbsp;&nbsp;&nbsp;&nbsp;&nbsp;&nbsp;&nbsp;&nbsp;&nbsp; Valorisation du patrimoine<\/strong><\/p>\n\n\n\n<p>Quant au repr\u00e9sentant de M. Noureddine Boumezbeur, fabricant de la c\u00e9ramique artisanale dans la capitale de l\u2019Est depuis les ann\u00e9es 90, a soulign\u00e9 l&rsquo;importance de l&rsquo;art de la d\u00e9coration architecturale en c\u00e9ramique et \u00e9mail et a mis en avant l&rsquo;engagement de cette entreprise dans la valorisation du patrimoine et la qualit\u00e9 de ses produits avec des prix comp\u00e9titifs.<\/p>\n\n\n\n<p>Venu de Bouira, l\u2019artisan Redouane Aiche, sp\u00e9cialis\u00e9 dans la poterie traditionnelle a tenu \u00e0 mettre l\u2019accent sur la qualit\u00e9 de leurs produits fabriqu\u00e9s manuellement avec le s\u00e9chage qui se fait au soleil. Et de pr\u00e9ciser qu&rsquo;actuellement, le manque de main d&rsquo;\u0153uvre et de stagiaires pour apprendre ce m\u00e9tier constitue un frein r\u00e9el surtout lors des grandes commandes.&nbsp;<\/p>\n\n\n\n<p>Ce salon demeure une occasion pour attirer un large public, notamment les jeunes, afin de leur faire d\u00e9couvrir ces m\u00e9tiers artisanaux menac\u00e9s de disparition et de pr\u00e9server le patrimoine mat\u00e9riel alg\u00e9rien.<\/p>\n\n\n\n<p>Organis\u00e9 par la Chambre de l\u2019artisanat et des m\u00e9tiers de Constantine en coordination avec la direction du Tourisme et inaugur\u00e9 dimanche dernier par le chef de l&rsquo;ex\u00e9cutif local, M. Abdelkhalek Sayouda, la manifestation se poursuivra jusqu\u2019au 30 du mois en cours pour permettre aux visiteurs de d\u00e9couvrir des produits artisanaux tr\u00e8s authentiques qui font partie int\u00e9grante de l\u2019identit\u00e9 alg\u00e9rienne tout en \u00e9tant un p\u00f4le d\u2019attractivit\u00e9 touristique et \u00e9conomique.&nbsp;<\/p>\n\n\n\n<p>&nbsp;&nbsp;&nbsp;&nbsp;&nbsp;&nbsp;&nbsp;&nbsp;&nbsp;&nbsp;&nbsp;&nbsp;&nbsp;&nbsp;&nbsp;&nbsp;&nbsp;&nbsp;&nbsp;&nbsp;&nbsp;&nbsp;&nbsp;&nbsp;&nbsp;&nbsp;&nbsp;&nbsp;&nbsp;&nbsp;&nbsp;&nbsp;&nbsp;&nbsp;&nbsp;&nbsp;&nbsp;&nbsp;&nbsp;&nbsp;&nbsp;&nbsp;&nbsp;&nbsp;&nbsp;&nbsp;&nbsp;&nbsp;&nbsp;&nbsp;&nbsp;&nbsp;&nbsp;&nbsp;&nbsp;&nbsp;&nbsp;&nbsp;&nbsp;&nbsp;&nbsp;&nbsp;&nbsp;&nbsp;&nbsp;&nbsp;&nbsp;&nbsp;&nbsp;&nbsp;&nbsp;&nbsp;&nbsp;&nbsp;&nbsp;&nbsp;&nbsp;&nbsp;&nbsp;&nbsp;&nbsp;&nbsp;&nbsp;&nbsp;&nbsp;&nbsp;&nbsp;&nbsp;&nbsp;&nbsp;&nbsp;&nbsp;&nbsp;&nbsp;&nbsp;&nbsp;&nbsp; Soumeya B.M<\/p>\n\n\n\n<p><\/p>\n","protected":false},"excerpt":{"rendered":"<p>Plus de 70 artisans de toutes les r\u00e9gions du pays sont venus pr\u00e9senter leurs cr\u00e9ations et promouvoir le savoir-faire traditionnel au Salon national de l\u2019artisanat tenu \u00e0 Constantine depuis le 21 de ce mois en redonnant vie aux galeries souterraines du centre-ville qui ont \u00e9t\u00e9 r\u00e9habilit\u00e9es apr\u00e8s plusieurs ann\u00e9es de fermeture. Les articles expos\u00e9s t\u00e9moignent [&hellip;]<\/p>\n","protected":false},"author":3,"featured_media":2433,"comment_status":"open","ping_status":"open","sticky":false,"template":"","format":"standard","meta":{"footnotes":""},"categories":[4],"tags":[],"class_list":{"0":"post-2432","1":"post","2":"type-post","3":"status-publish","4":"format-standard","5":"has-post-thumbnail","7":"category-actuest"},"_links":{"self":[{"href":"https:\/\/lequotidien-deconstantine.dz\/index.php?rest_route=\/wp\/v2\/posts\/2432","targetHints":{"allow":["GET"]}}],"collection":[{"href":"https:\/\/lequotidien-deconstantine.dz\/index.php?rest_route=\/wp\/v2\/posts"}],"about":[{"href":"https:\/\/lequotidien-deconstantine.dz\/index.php?rest_route=\/wp\/v2\/types\/post"}],"author":[{"embeddable":true,"href":"https:\/\/lequotidien-deconstantine.dz\/index.php?rest_route=\/wp\/v2\/users\/3"}],"replies":[{"embeddable":true,"href":"https:\/\/lequotidien-deconstantine.dz\/index.php?rest_route=%2Fwp%2Fv2%2Fcomments&post=2432"}],"version-history":[{"count":1,"href":"https:\/\/lequotidien-deconstantine.dz\/index.php?rest_route=\/wp\/v2\/posts\/2432\/revisions"}],"predecessor-version":[{"id":2434,"href":"https:\/\/lequotidien-deconstantine.dz\/index.php?rest_route=\/wp\/v2\/posts\/2432\/revisions\/2434"}],"wp:featuredmedia":[{"embeddable":true,"href":"https:\/\/lequotidien-deconstantine.dz\/index.php?rest_route=\/wp\/v2\/media\/2433"}],"wp:attachment":[{"href":"https:\/\/lequotidien-deconstantine.dz\/index.php?rest_route=%2Fwp%2Fv2%2Fmedia&parent=2432"}],"wp:term":[{"taxonomy":"category","embeddable":true,"href":"https:\/\/lequotidien-deconstantine.dz\/index.php?rest_route=%2Fwp%2Fv2%2Fcategories&post=2432"},{"taxonomy":"post_tag","embeddable":true,"href":"https:\/\/lequotidien-deconstantine.dz\/index.php?rest_route=%2Fwp%2Fv2%2Ftags&post=2432"}],"curies":[{"name":"wp","href":"https:\/\/api.w.org\/{rel}","templated":true}]}}