{"id":2435,"date":"2025-06-25T09:56:56","date_gmt":"2025-06-25T08:56:56","guid":{"rendered":"https:\/\/lequotidien-deconstantine.dz\/?p=2435"},"modified":"2025-06-25T09:56:58","modified_gmt":"2025-06-25T08:56:58","slug":"italie-algerie-un-forum-daffaires-a-rome-en-juillet","status":"publish","type":"post","link":"https:\/\/lequotidien-deconstantine.dz\/?p=2435","title":{"rendered":"Italie- Alg\u00e9rie : Un forum d\u2019affaires \u00e0 Rome en juillet"},"content":{"rendered":"\n<p>Un nouveau pas s\u2019appr\u00eate \u00e0 \u00eatre franchi dans le renforcement des relations \u00e9conomiques entre l\u2019Italie et l\u2019Alg\u00e9rie. Le 23 juillet prochain, la ville de Rome accueillera un Forum d\u2019affaires alg\u00e9ro-italien d\u00e9di\u00e9 \u00e0 l\u2019\u00e9nergie et \u00e0 la coop\u00e9ration industrielle, \u00e0 l\u2019initiative du minist\u00e8re italien des Affaires \u00e9trang\u00e8res, de l\u2019Agence ICE pour la promotion et l\u2019internationalisation des entreprises italiennes, en collaboration avec l\u2019ambassade d\u2019Italie \u00e0 Alger et plusieurs institutions \u00e9conomiques alg\u00e9riennes.<\/p>\n\n\n\n<p><strong>Une plateforme de dialogue \u00e9conomique de haut niveau<\/strong><\/p>\n\n\n\n<p>L\u2019\u00e9v\u00e9nement, qui se tiendra au Parco dei Principi Grand Hotel &amp; Spa, r\u00e9unira d\u00e9cideurs publics, investisseurs, op\u00e9rateurs \u00e9conomiques et repr\u00e9sentants d\u2019entreprises des deux pays. Au programme : des panels th\u00e9matiques approfondis ainsi que des rencontres B2B destin\u00e9es \u00e0 explorer de nouvelles perspectives de collaboration bilat\u00e9rale.<\/p>\n\n\n\n<p>Selon les organisateurs, ce forum se veut ouvert \u00e0 l\u2019ensemble des op\u00e9rateurs \u00e9conomiques souhaitant d\u00e9velopper des synergies autour de projets d\u2019investissement et d\u2019\u00e9change technologique entre Alger et Rome.<\/p>\n\n\n\n<p><strong>Trois piliers de coop\u00e9ration : \u00e9nergie, infrastructure et agro-industrie<\/strong><\/p>\n\n\n\n<p>L\u2019agenda du forum repose sur trois grands axes macro-sectoriels, illustrant la diversit\u00e9 et la compl\u00e9mentarit\u00e9 des \u00e9conomies des deux pays :<\/p>\n\n\n\n<ol start=\"1\" class=\"wp-block-list\">\n<li>\u00c9nergie et \u00e9conomie circulaire : discussions autour de l\u2019\u00e9nergie conventionnelle et renouvelable, avec un accent particulier sur l\u2019hydrog\u00e8ne vert, les infrastructures \u00e9nerg\u00e9tiques, la gestion des d\u00e9chets et l\u2019industrie mini\u00e8re.<\/li>\n\n\n\n<li>Infrastructures et transport : le forum abordera les enjeux li\u00e9s aux infrastructures publiques et priv\u00e9es, au transport multimodal (maritime, ferroviaire, routier), \u00e0 la logistique, \u00e0 la gestion des ressources hydriques, ainsi qu\u2019au tourisme et aux infrastructures sanitaires.<\/li>\n\n\n\n<li>Industrie et agriculture : focus sur l\u2019agritech, l\u2019agroalimentaire, les industries m\u00e9caniques, les machines-outils, l\u2019automobile, le secteur pharmaceutique et les nouvelles technologies.<\/li>\n<\/ol>\n\n\n\n<p><strong>Des \u00e9changes en nette progression<\/strong><\/p>\n\n\n\n<p>Selon les donn\u00e9es communiqu\u00e9es par l\u2019agence <em>Agenzianova<\/em>, sur la base des statistiques d\u2019Eurostat, les \u00e9changes commerciaux entre l\u2019Italie et l\u2019Alg\u00e9rie ont atteint environ 14 milliards d\u2019euros en 2024, consolidant une dynamique de croissance constante entre les deux rives de la M\u00e9diterran\u00e9e.<\/p>\n\n\n\n<p>Les importations italiennes depuis l\u2019Alg\u00e9rie s\u2019\u00e9l\u00e8vent \u00e0 2,9 milliards d\u2019euros, tandis que les exportations vers le march\u00e9 alg\u00e9rien avoisinent 2,7 milliards, refl\u00e9tant une relation commerciale relativement \u00e9quilibr\u00e9e.<\/p>\n\n\n\n<p><strong>L\u2019Alg\u00e9rie, fournisseur cl\u00e9 de gaz pour l\u2019Italie<\/strong><\/p>\n\n\n\n<p>L\u2019Italie reste le premier client des exportations alg\u00e9riennes, notamment en mati\u00e8re de gaz naturel, et occupe la deuxi\u00e8me place parmi les fournisseurs de l\u2019Alg\u00e9rie, derri\u00e8re la Chine. Les exportations italiennes \u00e0 destination de l\u2019Alg\u00e9rie ont d\u2019ailleurs enregistr\u00e9 une hausse de 5 % par rapport \u00e0 2023, confirmant l\u2019int\u00e9r\u00eat croissant des entreprises italiennes pour le march\u00e9 alg\u00e9rien.<\/p>\n\n\n\n<p><strong>Un partenariat m\u00e9diterran\u00e9en renforc\u00e9<\/strong><\/p>\n\n\n\n<p>Rome consid\u00e8re l\u2019Alg\u00e9rie comme un partenaire strat\u00e9gique de premier plan en M\u00e9diterran\u00e9e, tant sur le plan \u00e9nerg\u00e9tique qu\u2019industriel. De nombreux groupes italiens sont d\u00e9j\u00e0 pr\u00e9sents en Alg\u00e9rie, actifs dans les secteurs de l\u2019\u00e9nergie, des infrastructures, des transports et du BTP.<\/p>\n\n\n\n<p>Pour l\u2019Italie, cette collaboration s\u2019inscrit dans une vision \u00e0 long terme visant \u00e0 b\u00e2tir un arc m\u00e9diterran\u00e9en de stabilit\u00e9, d\u2019\u00e9changes et de cod\u00e9veloppement, \u00e0 travers des partenariats concrets et durables.<\/p>\n\n\n\n<p><strong>L.R.<\/strong><\/p>\n\n\n\n<p><\/p>\n","protected":false},"excerpt":{"rendered":"<p>Un nouveau pas s\u2019appr\u00eate \u00e0 \u00eatre franchi dans le renforcement des relations \u00e9conomiques entre l\u2019Italie et l\u2019Alg\u00e9rie. Le 23 juillet prochain, la ville de Rome accueillera un Forum d\u2019affaires alg\u00e9ro-italien d\u00e9di\u00e9 \u00e0 l\u2019\u00e9nergie et \u00e0 la coop\u00e9ration industrielle, \u00e0 l\u2019initiative du minist\u00e8re italien des Affaires \u00e9trang\u00e8res, de l\u2019Agence ICE pour la promotion et l\u2019internationalisation des [&hellip;]<\/p>\n","protected":false},"author":3,"featured_media":2436,"comment_status":"open","ping_status":"open","sticky":false,"template":"","format":"standard","meta":{"footnotes":""},"categories":[7],"tags":[],"class_list":{"0":"post-2435","1":"post","2":"type-post","3":"status-publish","4":"format-standard","5":"has-post-thumbnail","7":"category-actualite"},"_links":{"self":[{"href":"https:\/\/lequotidien-deconstantine.dz\/index.php?rest_route=\/wp\/v2\/posts\/2435","targetHints":{"allow":["GET"]}}],"collection":[{"href":"https:\/\/lequotidien-deconstantine.dz\/index.php?rest_route=\/wp\/v2\/posts"}],"about":[{"href":"https:\/\/lequotidien-deconstantine.dz\/index.php?rest_route=\/wp\/v2\/types\/post"}],"author":[{"embeddable":true,"href":"https:\/\/lequotidien-deconstantine.dz\/index.php?rest_route=\/wp\/v2\/users\/3"}],"replies":[{"embeddable":true,"href":"https:\/\/lequotidien-deconstantine.dz\/index.php?rest_route=%2Fwp%2Fv2%2Fcomments&post=2435"}],"version-history":[{"count":1,"href":"https:\/\/lequotidien-deconstantine.dz\/index.php?rest_route=\/wp\/v2\/posts\/2435\/revisions"}],"predecessor-version":[{"id":2437,"href":"https:\/\/lequotidien-deconstantine.dz\/index.php?rest_route=\/wp\/v2\/posts\/2435\/revisions\/2437"}],"wp:featuredmedia":[{"embeddable":true,"href":"https:\/\/lequotidien-deconstantine.dz\/index.php?rest_route=\/wp\/v2\/media\/2436"}],"wp:attachment":[{"href":"https:\/\/lequotidien-deconstantine.dz\/index.php?rest_route=%2Fwp%2Fv2%2Fmedia&parent=2435"}],"wp:term":[{"taxonomy":"category","embeddable":true,"href":"https:\/\/lequotidien-deconstantine.dz\/index.php?rest_route=%2Fwp%2Fv2%2Fcategories&post=2435"},{"taxonomy":"post_tag","embeddable":true,"href":"https:\/\/lequotidien-deconstantine.dz\/index.php?rest_route=%2Fwp%2Fv2%2Ftags&post=2435"}],"curies":[{"name":"wp","href":"https:\/\/api.w.org\/{rel}","templated":true}]}}