{"id":2439,"date":"2025-06-26T10:08:27","date_gmt":"2025-06-26T09:08:27","guid":{"rendered":"https:\/\/lequotidien-deconstantine.dz\/?p=2439"},"modified":"2025-06-26T10:08:28","modified_gmt":"2025-06-26T09:08:28","slug":"unesco-lalgerie-prepare-ses-pepites-patrimoniales","status":"publish","type":"post","link":"https:\/\/lequotidien-deconstantine.dz\/?p=2439","title":{"rendered":"UNESCO\u00a0: L\u2019Alg\u00e9rie pr\u00e9pare ses p\u00e9pites patrimoniales"},"content":{"rendered":"\n<p>L\u2019Alg\u00e9rie renforce sa pr\u00e9sence sur la sc\u00e8ne patrimoniale internationale. Dans une annonce publi\u00e9e mardi 24 juin sur son site officiel, le Centre du patrimoine mondial de l\u2019UNESCO a d\u00e9voil\u00e9 l\u2019actualisation de la liste indicative de l\u2019Alg\u00e9rie, qui compte d\u00e9sormais onze sites culturels, naturels et mixtes. Une \u00e9tape strat\u00e9gique, selon le minist\u00e8re de la Culture et des Arts, qui pr\u00e9pare ainsi le terrain \u00e0 de futures candidatures en vue d\u2019une reconnaissance officielle.<\/p>\n\n\n\n<p><strong>Une d\u00e9marche strat\u00e9gique et structur\u00e9e<\/strong><\/p>\n\n\n\n<p>L\u2019inscription sur la liste indicative constitue une pr\u00e9requis indispensable avant toute demande d\u2019inscription au patrimoine mondial de l\u2019UNESCO. Cette actualisation refl\u00e8te, selon le minist\u00e8re, \u00ab la richesse du patrimoine alg\u00e9rien, sa diversit\u00e9 g\u00e9ographique, environnementale et civilisationnelle \u00bb, tout en s\u2019inscrivant dans une strat\u00e9gie nationale de valorisation et de rayonnement culturel.<\/p>\n\n\n\n<p>Cette initiative d\u00e9coule d\u2019un travail engag\u00e9 depuis d\u00e9cembre 2024 par un Comit\u00e9 scientifique national, mis en place par le ministre de la Culture et des Arts, Zouhir Ballalou. Objectif : relancer un dossier longtemps en sommeil et d\u00e9sormais consid\u00e9r\u00e9 comme prioritaire par les autorit\u00e9s.<\/p>\n\n\n\n<p>\u00ab Ce processus marque une volont\u00e9 politique claire, celle de faire du patrimoine un levier identitaire, un vecteur de diplomatie culturelle et un outil de d\u00e9veloppement durable \u00bb, affirme une source au sein du minist\u00e8re.<\/p>\n\n\n\n<p><strong>Un patrimoine pluriel : des oasis aux forteresses<\/strong><\/p>\n\n\n\n<p>La nouvelle liste couvre une grande diversit\u00e9 de sites, m\u00ealant patrimoine mat\u00e9riel, naturel, arch\u00e9ologique et paysager. On y retrouve notamment :<\/p>\n\n\n\n<ul class=\"wp-block-list\">\n<li>Le Parc national du Djurdjura<\/li>\n\n\n\n<li>Le Parc national d\u2019El-Kala<\/li>\n\n\n\n<li>Les forteresses-greniers collectifs du parc culturel Touat-Gourara-Tidikelt<\/li>\n\n\n\n<li>Le massif de la Tafedest (Ahaggar)<\/li>\n\n\n\n<li>Les syst\u00e8mes oasiens des gorges du Ghoufi et d\u2019Oued Labiod<\/li>\n\n\n\n<li>Les paysages oasiens d\u2019Oued Souf<\/li>\n\n\n\n<li>Les ksour de l\u2019Atlas saharien<\/li>\n\n\n\n<li>Les mausol\u00e9es royaux de l\u2019Alg\u00e9rie antique<\/li>\n\n\n\n<li>Le patrimoine arch\u00e9ologique de T\u00e9bessa<\/li>\n\n\n\n<li>Les itin\u00e9raires augustiniens<\/li>\n\n\n\n<li>La ville de Nedroma et les Trara<\/li>\n<\/ul>\n\n\n\n<p>Cette s\u00e9lection marque aussi une premi\u00e8re : l\u2019introduction de deux sites purement naturels, en collaboration avec le minist\u00e8re de l\u2019Agriculture, t\u00e9moigne d\u2019un \u00e9largissement des crit\u00e8res pris en compte.<\/p>\n\n\n\n<p><strong>Une vision patrimoniale \u00e0 long terme<\/strong><\/p>\n\n\n\n<p>L\u2019enjeu ne se limite pas \u00e0 l\u2019honneur symbolique d\u2019une reconnaissance par l\u2019UNESCO. \u00c0 travers cette d\u00e9marche, l\u2019Alg\u00e9rie cherche \u00e0 red\u00e9finir sa strat\u00e9gie patrimoniale \u00e0 l\u2019\u00e9chelle nationale et internationale. Le processus d\u2019inscription se veut rigoureux, m\u00e9thodologique, et conforme aux crit\u00e8res de la Convention de 1972 sur la protection du patrimoine mondial.<\/p>\n\n\n\n<p>Le minist\u00e8re \u00e9voque un travail \u00e0 long terme, fond\u00e9 sur l\u2019\u00e9laboration de dossiers solides et argument\u00e9s, s\u2019appuyant sur l\u2019expertise nationale, la concertation intersectorielle et la mobilisation des acteurs locaux.<\/p>\n\n\n\n<p>\u00ab Ce n\u2019est pas une simple vitrine culturelle. C\u2019est une dynamique de fond qui engage les territoires, les universit\u00e9s, les chercheurs et les citoyens \u00bb, note un membre du comit\u00e9 scientifique.<\/p>\n\n\n\n<p><strong>Prochaine \u00e9tape : les candidatures officielles<\/strong><\/p>\n\n\n\n<p>L\u2019Alg\u00e9rie compte aujourd\u2019hui sept sites inscrits au patrimoine mondial de l\u2019UNESCO, dont la Casbah d\u2019Alger, les sites romains de Timgad et Djemila, ou encore la vall\u00e9e du M\u2019Zab. L\u2019ajout de ces onze sites sur la liste indicative ouvre d\u00e9sormais la voie \u00e0 de nouvelles propositions de classement, dans les ann\u00e9es \u00e0 venir.<\/p>\n\n\n\n<p>Pour le minist\u00e8re, cette actualisation marque une \u00e9tape charni\u00e8re : elle replace le patrimoine au c\u0153ur des priorit\u00e9s nationales, en tant qu\u2019atout identitaire, diplomatique et \u00e9conomique. Elle trace \u00e9galement une perspective claire : celle d\u2019une Alg\u00e9rie qui regarde vers l\u2019avenir tout en valorisant les traces de son pass\u00e9.<\/p>\n\n\n\n<p>L.R.<\/p>\n\n\n\n<p><\/p>\n","protected":false},"excerpt":{"rendered":"<p>L\u2019Alg\u00e9rie renforce sa pr\u00e9sence sur la sc\u00e8ne patrimoniale internationale. Dans une annonce publi\u00e9e mardi 24 juin sur son site officiel, le Centre du patrimoine mondial de l\u2019UNESCO a d\u00e9voil\u00e9 l\u2019actualisation de la liste indicative de l\u2019Alg\u00e9rie, qui compte d\u00e9sormais onze sites culturels, naturels et mixtes. Une \u00e9tape strat\u00e9gique, selon le minist\u00e8re de la Culture et [&hellip;]<\/p>\n","protected":false},"author":3,"featured_media":2440,"comment_status":"open","ping_status":"open","sticky":false,"template":"","format":"standard","meta":{"footnotes":""},"categories":[5],"tags":[],"class_list":{"0":"post-2439","1":"post","2":"type-post","3":"status-publish","4":"format-standard","5":"has-post-thumbnail","7":"category-culture"},"_links":{"self":[{"href":"https:\/\/lequotidien-deconstantine.dz\/index.php?rest_route=\/wp\/v2\/posts\/2439","targetHints":{"allow":["GET"]}}],"collection":[{"href":"https:\/\/lequotidien-deconstantine.dz\/index.php?rest_route=\/wp\/v2\/posts"}],"about":[{"href":"https:\/\/lequotidien-deconstantine.dz\/index.php?rest_route=\/wp\/v2\/types\/post"}],"author":[{"embeddable":true,"href":"https:\/\/lequotidien-deconstantine.dz\/index.php?rest_route=\/wp\/v2\/users\/3"}],"replies":[{"embeddable":true,"href":"https:\/\/lequotidien-deconstantine.dz\/index.php?rest_route=%2Fwp%2Fv2%2Fcomments&post=2439"}],"version-history":[{"count":1,"href":"https:\/\/lequotidien-deconstantine.dz\/index.php?rest_route=\/wp\/v2\/posts\/2439\/revisions"}],"predecessor-version":[{"id":2441,"href":"https:\/\/lequotidien-deconstantine.dz\/index.php?rest_route=\/wp\/v2\/posts\/2439\/revisions\/2441"}],"wp:featuredmedia":[{"embeddable":true,"href":"https:\/\/lequotidien-deconstantine.dz\/index.php?rest_route=\/wp\/v2\/media\/2440"}],"wp:attachment":[{"href":"https:\/\/lequotidien-deconstantine.dz\/index.php?rest_route=%2Fwp%2Fv2%2Fmedia&parent=2439"}],"wp:term":[{"taxonomy":"category","embeddable":true,"href":"https:\/\/lequotidien-deconstantine.dz\/index.php?rest_route=%2Fwp%2Fv2%2Fcategories&post=2439"},{"taxonomy":"post_tag","embeddable":true,"href":"https:\/\/lequotidien-deconstantine.dz\/index.php?rest_route=%2Fwp%2Fv2%2Ftags&post=2439"}],"curies":[{"name":"wp","href":"https:\/\/api.w.org\/{rel}","templated":true}]}}