{"id":2483,"date":"2025-07-02T20:53:44","date_gmt":"2025-07-02T19:53:44","guid":{"rendered":"https:\/\/lequotidien-deconstantine.dz\/?p=2483"},"modified":"2025-07-02T20:58:00","modified_gmt":"2025-07-02T19:58:00","slug":"affaire-marwa-un-suspect-place-en-garde-a-vue","status":"publish","type":"post","link":"https:\/\/lequotidien-deconstantine.dz\/?p=2483","title":{"rendered":"Affaire Marwa\u00a0: Un suspect plac\u00e9 en d\u00e9tention provisoire"},"content":{"rendered":"\n<p>D\u00e9nouement dans l\u2019affaire Marwa Boughachiche. Un suspect r\u00e9pondant aux initiales D.S, a \u00e9t\u00e9 appr\u00e9hend\u00e9 par les services de s\u00e9curit\u00e9 et pr\u00e9sent\u00e9 devant le juge d\u2019instruction qui a pris la d\u00e9cision de le placer en d\u00e9tention provisoire. Le pr\u00e9sum\u00e9 assassin de la petite coll\u00e9gienne est poursuivi pour les chefs d\u2019inculpation de kidnapping suivi de meurtre. C\u2019est ce qui ressort du communiqu\u00e9 du procureur de la R\u00e9publique pr\u00e8s le tribunal de Constantine via un communiqu\u00e9 rendu public dans la nuit de ce mercredi.<\/p>\n\n\n\n<p>Plus de d\u00e9tails sur l\u2019enqu\u00eate concernant le kidnapping et l\u2019assassinat de la petite Marwa qui a \u00e9mu toute l\u2019Alg\u00e9rie.<\/p>\n\n\n\n<p>A suivre&#8230;<\/p>\n","protected":false},"excerpt":{"rendered":"<p>D\u00e9nouement dans l\u2019affaire Marwa Boughachiche. Un suspect r\u00e9pondant aux initiales D.S, a \u00e9t\u00e9 appr\u00e9hend\u00e9 par les services de s\u00e9curit\u00e9 et pr\u00e9sent\u00e9 devant le juge d\u2019instruction qui a pris la d\u00e9cision de le placer en d\u00e9tention provisoire. Le pr\u00e9sum\u00e9 assassin de la petite coll\u00e9gienne est poursuivi pour les chefs d\u2019inculpation de kidnapping suivi de meurtre. C\u2019est [&hellip;]<\/p>\n","protected":false},"author":3,"featured_media":2484,"comment_status":"open","ping_status":"open","sticky":false,"template":"","format":"standard","meta":{"footnotes":""},"categories":[4],"tags":[],"class_list":{"0":"post-2483","1":"post","2":"type-post","3":"status-publish","4":"format-standard","5":"has-post-thumbnail","7":"category-actuest"},"_links":{"self":[{"href":"https:\/\/lequotidien-deconstantine.dz\/index.php?rest_route=\/wp\/v2\/posts\/2483","targetHints":{"allow":["GET"]}}],"collection":[{"href":"https:\/\/lequotidien-deconstantine.dz\/index.php?rest_route=\/wp\/v2\/posts"}],"about":[{"href":"https:\/\/lequotidien-deconstantine.dz\/index.php?rest_route=\/wp\/v2\/types\/post"}],"author":[{"embeddable":true,"href":"https:\/\/lequotidien-deconstantine.dz\/index.php?rest_route=\/wp\/v2\/users\/3"}],"replies":[{"embeddable":true,"href":"https:\/\/lequotidien-deconstantine.dz\/index.php?rest_route=%2Fwp%2Fv2%2Fcomments&post=2483"}],"version-history":[{"count":3,"href":"https:\/\/lequotidien-deconstantine.dz\/index.php?rest_route=\/wp\/v2\/posts\/2483\/revisions"}],"predecessor-version":[{"id":2488,"href":"https:\/\/lequotidien-deconstantine.dz\/index.php?rest_route=\/wp\/v2\/posts\/2483\/revisions\/2488"}],"wp:featuredmedia":[{"embeddable":true,"href":"https:\/\/lequotidien-deconstantine.dz\/index.php?rest_route=\/wp\/v2\/media\/2484"}],"wp:attachment":[{"href":"https:\/\/lequotidien-deconstantine.dz\/index.php?rest_route=%2Fwp%2Fv2%2Fmedia&parent=2483"}],"wp:term":[{"taxonomy":"category","embeddable":true,"href":"https:\/\/lequotidien-deconstantine.dz\/index.php?rest_route=%2Fwp%2Fv2%2Fcategories&post=2483"},{"taxonomy":"post_tag","embeddable":true,"href":"https:\/\/lequotidien-deconstantine.dz\/index.php?rest_route=%2Fwp%2Fv2%2Ftags&post=2483"}],"curies":[{"name":"wp","href":"https:\/\/api.w.org\/{rel}","templated":true}]}}