{"id":2703,"date":"2025-08-11T00:07:11","date_gmt":"2025-08-10T23:07:11","guid":{"rendered":"https:\/\/lequotidien-deconstantine.dz\/?p=2703"},"modified":"2025-08-11T00:07:14","modified_gmt":"2025-08-10T23:07:14","slug":"radiographie-des-menages-pres-de-400-enqueteurs-sur-le-terrain","status":"publish","type":"post","link":"https:\/\/lequotidien-deconstantine.dz\/?p=2703","title":{"rendered":"Radiographie des m\u00e9nages\u00a0: Pr\u00e8s de 400 enqu\u00eateurs sur le terrain"},"content":{"rendered":"\n<p>\u00c0 partir d\u2019octobre 2025, l\u2019Office national des statistiques (ONS) lancera l\u2019une des enqu\u00eates les plus ambitieuses jamais r\u00e9alis\u00e9es en Alg\u00e9rie sur les d\u00e9penses de consommation et le niveau de vie des m\u00e9nages. S\u2019\u00e9tendant sur 13 mois et couvrant 540 communes \u00e0 travers le pays, cette op\u00e9ration statistique vise \u00e0 actualiser les donn\u00e9es socio\u00e9conomiques essentielles \u00e0 l\u2019\u00e9laboration des politiques publiques et \u00e0 la refonte des indicateurs de r\u00e9f\u00e9rence, dont le Produit int\u00e9rieur brut (PIB).<\/p>\n\n\n\n<p><strong>Une boussole pour les r\u00e9formes \u00e9conomiques et sociales<\/strong><\/p>\n\n\n\n<p>\u00ab Une politique publique efficace repose sur des donn\u00e9es fiables, pas sur des hypoth\u00e8ses \u00bb, a martel\u00e9 ce dimanche la ministre haut-commissaire \u00e0 la Num\u00e9risation, Meriem Benmouloud, en marge du lancement officiel d\u2019une session de formation destin\u00e9e aux enqu\u00eateurs et superviseurs, organis\u00e9e \u00e0 l\u2019Universit\u00e9 Alger 3.<\/p>\n\n\n\n<p>L\u2019enqu\u00eate nationale s\u2019inscrit dans une dynamique de r\u00e9formes globales initi\u00e9es par les autorit\u00e9s et vise \u00e0 jeter les bases d\u2019une nouvelle ann\u00e9e de r\u00e9f\u00e9rence statistique, 2025, pour remplacer progressivement celles de 2001 et 2011.<\/p>\n\n\n\n<p>\u00ab Il ne s\u2019agit pas simplement de collecter des chiffres, mais de produire une lecture fine de la r\u00e9alit\u00e9 alg\u00e9rienne pour mieux orienter les priorit\u00e9s nationales \u00bb, a soulign\u00e9 la ministre.<\/p>\n\n\n\n<p><strong>Mobilisation massive et formation intensive<\/strong><\/p>\n\n\n\n<p>Pour garantir le s\u00e9rieux et la rigueur de cette entreprise, pas moins de 400 agents ont \u00e9t\u00e9 mobilis\u00e9s, dont 308 enqu\u00eatrices, 84 contr\u00f4leurs, encadr\u00e9s par 25 formateurs sp\u00e9cialis\u00e9s de l\u2019ONS. Ces effectifs ont \u00e9t\u00e9 d\u00e9sign\u00e9s en coordination avec le minist\u00e8re de l\u2019Int\u00e9rieur, tandis que le minist\u00e8re de l\u2019Enseignement sup\u00e9rieur met \u00e0 disposition ses infrastructures pour accueillir les formations.<\/p>\n\n\n\n<p>Du 10 au 30 ao\u00fbt, ces futurs enqu\u00eateurs suivent une formation intensive sur les fondamentaux de la statistique sociale : structure des m\u00e9nages, niveaux de revenus, d\u00e9penses, modes de consommation, acc\u00e8s aux services publics, activit\u00e9 \u00e9conomique, etc. L\u2019accent est \u00e9galement mis sur la communication avec les m\u00e9nages et la ma\u00eetrise des outils num\u00e9riques pour faciliter la collecte des donn\u00e9es sur le terrain.<\/p>\n\n\n\n<p>Avant le lancement officiel, une enqu\u00eate pilote sera r\u00e9alis\u00e9e sur un \u00e9chantillon restreint, afin de tester les dispositifs op\u00e9rationnels, corriger les \u00e9ventuelles failles et affiner les m\u00e9thodologies.<\/p>\n\n\n\n<p><strong>Des donn\u00e9es cruciales pour planifier et \u00e9valuer<\/strong><\/p>\n\n\n\n<p>Les objectifs de l\u2019enqu\u00eate sont multiples : mesurer les conditions de vie r\u00e9elles des citoyens, comprendre l\u2019impact des politiques \u00e9conomiques, \u00e9valuer le pouvoir d\u2019achat, et rep\u00e9rer les in\u00e9galit\u00e9s r\u00e9gionales.<\/p>\n\n\n\n<p>\u00ab Mieux comprendre le comportement des consommateurs, c\u2019est mieux orienter la production, l\u2019investissement, et les aides sociales. C\u2019est aussi identifier les zones qui souffrent d\u2019un d\u00e9ficit en infrastructures \u00bb, a expliqu\u00e9 Benmouloud.<\/p>\n\n\n\n<p>L\u2019enqu\u00eate permettra de fournir des indicateurs d\u00e9taill\u00e9s sur l\u2019acc\u00e8s aux services essentiels \u2014 sant\u00e9, \u00e9ducation, logement, eau, \u00e9lectricit\u00e9, gaz, Internet \u2014 et d\u2019\u00e9valuer l\u2019efficacit\u00e9 des programmes de soutien social.<\/p>\n\n\n\n<p>Sur le plan macro\u00e9conomique, les r\u00e9sultats serviront \u00e0 mettre \u00e0 jour les comptes nationaux, recalibrer les agr\u00e9gats \u00e9conomiques et renforcer la qualit\u00e9 des pr\u00e9visions budg\u00e9taires.<\/p>\n\n\n\n<p><strong>Am\u00e9liorer la visibilit\u00e9 internationale de l\u2019Alg\u00e9rie<\/strong><\/p>\n\n\n\n<p>Au-del\u00e0 de l\u2019analyse nationale, cette enqu\u00eate a aussi une dimension diplomatique et strat\u00e9gique. En mettant \u00e0 disposition des donn\u00e9es fiables, pr\u00e9cises et actualis\u00e9es, l\u2019Alg\u00e9rie esp\u00e8re am\u00e9liorer son classement dans les indices internationaux \u2014 d\u00e9veloppement humain, pauvret\u00e9, gouvernance \u2014 pilot\u00e9s notamment par les agences onusiennes.<\/p>\n\n\n\n<p>\u00ab L\u2019image d\u2019une Alg\u00e9rie en marche, dot\u00e9e d\u2019une capacit\u00e9 de planification solide, renforcera sa cr\u00e9dibilit\u00e9 comme puissance r\u00e9gionale dynamique \u00bb, a d\u00e9clar\u00e9 la ministre.<\/p>\n\n\n\n<p><strong>Une responsabilit\u00e9 nationale<\/strong><\/p>\n\n\n\n<p>Consciente de l\u2019ampleur de la t\u00e2che, la ministre a appel\u00e9 les participants \u00e0 s\u2019approprier pleinement leur mission :<\/p>\n\n\n\n<p>\u00ab Vous \u00eates les architectes de cette grande photographie sociale de notre pays. Vos donn\u00e9es fa\u00e7onneront les politiques de demain. \u00bb<\/p>\n\n\n\n<p>En effet, dans un contexte \u00e9conomique marqu\u00e9 par l\u2019inflation, les d\u00e9s\u00e9quilibres sociaux et les d\u00e9fis structurels, disposer de statistiques robustes devient un imp\u00e9ratif. Cette enqu\u00eate repr\u00e9sente ainsi une \u00e9tape strat\u00e9gique vers un pilotage plus efficace des politiques publiques, et vers une vision plus transparente et moderne de la gouvernance \u00e9conomique et sociale en Alg\u00e9rie.<\/p>\n\n\n\n<p>L.R.<\/p>\n\n\n\n<p><\/p>\n","protected":false},"excerpt":{"rendered":"<p>\u00c0 partir d\u2019octobre 2025, l\u2019Office national des statistiques (ONS) lancera l\u2019une des enqu\u00eates les plus ambitieuses jamais r\u00e9alis\u00e9es en Alg\u00e9rie sur les d\u00e9penses de consommation et le niveau de vie des m\u00e9nages. S\u2019\u00e9tendant sur 13 mois et couvrant 540 communes \u00e0 travers le pays, cette op\u00e9ration statistique vise \u00e0 actualiser les donn\u00e9es socio\u00e9conomiques essentielles \u00e0 [&hellip;]<\/p>\n","protected":false},"author":3,"featured_media":2704,"comment_status":"open","ping_status":"open","sticky":false,"template":"","format":"standard","meta":{"footnotes":""},"categories":[10],"tags":[],"class_list":{"0":"post-2703","1":"post","2":"type-post","3":"status-publish","4":"format-standard","5":"has-post-thumbnail","7":"category-magazine"},"_links":{"self":[{"href":"https:\/\/lequotidien-deconstantine.dz\/index.php?rest_route=\/wp\/v2\/posts\/2703","targetHints":{"allow":["GET"]}}],"collection":[{"href":"https:\/\/lequotidien-deconstantine.dz\/index.php?rest_route=\/wp\/v2\/posts"}],"about":[{"href":"https:\/\/lequotidien-deconstantine.dz\/index.php?rest_route=\/wp\/v2\/types\/post"}],"author":[{"embeddable":true,"href":"https:\/\/lequotidien-deconstantine.dz\/index.php?rest_route=\/wp\/v2\/users\/3"}],"replies":[{"embeddable":true,"href":"https:\/\/lequotidien-deconstantine.dz\/index.php?rest_route=%2Fwp%2Fv2%2Fcomments&post=2703"}],"version-history":[{"count":1,"href":"https:\/\/lequotidien-deconstantine.dz\/index.php?rest_route=\/wp\/v2\/posts\/2703\/revisions"}],"predecessor-version":[{"id":2705,"href":"https:\/\/lequotidien-deconstantine.dz\/index.php?rest_route=\/wp\/v2\/posts\/2703\/revisions\/2705"}],"wp:featuredmedia":[{"embeddable":true,"href":"https:\/\/lequotidien-deconstantine.dz\/index.php?rest_route=\/wp\/v2\/media\/2704"}],"wp:attachment":[{"href":"https:\/\/lequotidien-deconstantine.dz\/index.php?rest_route=%2Fwp%2Fv2%2Fmedia&parent=2703"}],"wp:term":[{"taxonomy":"category","embeddable":true,"href":"https:\/\/lequotidien-deconstantine.dz\/index.php?rest_route=%2Fwp%2Fv2%2Fcategories&post=2703"},{"taxonomy":"post_tag","embeddable":true,"href":"https:\/\/lequotidien-deconstantine.dz\/index.php?rest_route=%2Fwp%2Fv2%2Ftags&post=2703"}],"curies":[{"name":"wp","href":"https:\/\/api.w.org\/{rel}","templated":true}]}}