{"id":2749,"date":"2025-08-18T00:05:08","date_gmt":"2025-08-17T23:05:08","guid":{"rendered":"https:\/\/lequotidien-deconstantine.dz\/?p=2749"},"modified":"2025-08-18T00:05:10","modified_gmt":"2025-08-17T23:05:10","slug":"barrage-vert-lurgence-verte","status":"publish","type":"post","link":"https:\/\/lequotidien-deconstantine.dz\/?p=2749","title":{"rendered":"Barrage Vert\u00a0: L&rsquo;urgence verte"},"content":{"rendered":"\n<p>Le projet national de r\u00e9habilitation et d\u2019extension du Barrage Vert entre dans une phase d\u00e9cisive, avec pour objectif central le respect rigoureux des d\u00e9lais fix\u00e9s pour son lancement et sa mise en \u0153uvre. Ce programme d\u2019envergure, couvrant 13 wilayas et visant la reforestation d\u2019environ 4,7 millions d\u2019hectares, a r\u00e9cemment fait l\u2019objet d\u2019une r\u00e9union d\u2019\u00e9valuation au si\u00e8ge du minist\u00e8re de l\u2019Agriculture, du D\u00e9veloppement rural et de la P\u00eache.<\/p>\n\n\n\n<p><strong>Une mobilisation accrue pour une mise en oeuvre efficace<\/strong><\/p>\n\n\n\n<p>Lors de cette rencontre strat\u00e9gique, pr\u00e9sid\u00e9e par le secr\u00e9taire g\u00e9n\u00e9ral du minist\u00e8re, Hamid Ben Sa\u00e2d, l\u2019accent a \u00e9t\u00e9 mis sur la n\u00e9cessit\u00e9 de mobiliser l\u2019ensemble des moyens organisationnels et op\u00e9rationnels pour garantir le lancement effectif du programme dans les d\u00e9lais impartis. Selon le communiqu\u00e9 officiel publi\u00e9 \u00e0 l\u2019issue de cette r\u00e9union, le responsable a rappel\u00e9 que ce projet constitue une priorit\u00e9 nationale, en raison de ses implications environnementales, \u00e9conomiques et sociales majeures.<\/p>\n\n\n\n<p>Il a notamment soulign\u00e9 que le respect du calendrier d\u2019ex\u00e9cution est une exigence fondamentale pour permettre la concr\u00e9tisation des objectifs fix\u00e9s. En ce sens, la coordination entre les diff\u00e9rents acteurs institutionnels, techniques et territoriaux est appel\u00e9e \u00e0 \u00eatre renforc\u00e9e et rationalis\u00e9e.<\/p>\n\n\n\n<p><strong>Objectifs ambitieux pour 2025 et perspectives pour 2026<\/strong><\/p>\n\n\n\n<p>Au cours de la r\u00e9union, un \u00e9tat des lieux des op\u00e9rations men\u00e9es en 2025 dans le cadre du Programme Barrage Vert a \u00e9t\u00e9 pr\u00e9sent\u00e9, en parall\u00e8le avec une projection d\u00e9taill\u00e9e des actions programm\u00e9es pour l\u2019ann\u00e9e 2026. Cette nouvelle phase du projet s\u2019inscrit dans une approche r\u00e9nov\u00e9e, fond\u00e9e sur une logique d\u2019investissement durable, valorisant \u00e0 la fois les dimensions \u00e9cologique, \u00e9conomique et sociale de la ceinture verte.<\/p>\n\n\n\n<p>L\u2019ambition affich\u00e9e est de porter la surface foresti\u00e8re prot\u00e9g\u00e9e et restaur\u00e9e de 3,7 \u00e0 4,7 millions d\u2019hectares, principalement au sein des zones steppiques menac\u00e9es par l\u2019ensablement et la d\u00e9sertification. L\u2019intervention touchera 183 communes r\u00e9parties sur 13 wilayas, incluant M\u2019Sila, Bouira, Laghouat, El Bayadh, M\u00e9d\u00e9a, S\u00e9tif, Djelfa, Batna, T\u00e9bessa, Khenchela, Biskra, Bordj Bou Arr\u00e9ridj et Na\u00e2ma. Ce p\u00e9rim\u00e8tre couvre environ 1 200 localit\u00e9s, totalisant plus de 7 millions d\u2019habitants directement concern\u00e9s par les retomb\u00e9es du projet.<\/p>\n\n\n\n<p><strong>Une vision int\u00e9gr\u00e9e : \u00e9cologie, agriculture et d\u00e9veloppement local<\/strong><\/p>\n\n\n\n<p>L\u2019un des aspects novateurs du projet r\u00e9side dans la volont\u00e9 d\u2019int\u00e9grer l\u2019agriculture et l\u2019\u00e9levage dans la dynamique de reboisement. Une ceinture verte compos\u00e9e d\u2019arbres forestiers et fruitiers sera implant\u00e9e dans une zone de transition entre deux climats saisonniers distincts. Elle servira \u00e0 restaurer les \u00e9cosyst\u00e8mes d\u00e9grad\u00e9s tout en cr\u00e9ant de nouvelles opportunit\u00e9s \u00e9conomiques.<\/p>\n\n\n\n<p>L\u2019objectif est \u00e9galement d\u2019encourager les populations locales \u00e0 s\u2019investir dans l\u2019agriculture, notamment \u00e0 travers la r\u00e9cup\u00e9ration des terres d\u00e9grad\u00e9es et leur conversion en espaces de production de cultures saisonni\u00e8res adapt\u00e9es. En parall\u00e8le, le projet vise \u00e0 stimuler la fili\u00e8re de l\u2019\u00e9levage, particuli\u00e8rement dans les zones de steppe et semi-arides, par la cr\u00e9ation de p\u00e2turages rebois\u00e9s durables.<\/p>\n\n\n\n<p><strong>Une impulsion pr\u00e9sidentielle forte pour un projet strat\u00e9gique<\/strong><\/p>\n\n\n\n<p>Le coup d\u2019envoi de la premi\u00e8re phase du programme a \u00e9t\u00e9 donn\u00e9 en octobre 2023, depuis la wilaya de Djelfa, par le Pr\u00e9sident de la R\u00e9publique Abdelmadjid Tebboune. Cette premi\u00e8re \u00e9tape pr\u00e9voit le reboisement de 400 000 hectares d\u2019ici 2026, en mobilisant une diversit\u00e9 d\u2019esp\u00e8ces v\u00e9g\u00e9tales adapt\u00e9es aux conditions climatiques locales.<\/p>\n\n\n\n<p>Le Pr\u00e9sident a insist\u00e9 \u00e0 plusieurs reprises sur la n\u00e9cessit\u00e9 d\u2019ex\u00e9cuter ce projet selon un cahier des charges rigoureux, et a ordonn\u00e9 la cr\u00e9ation de micro-entreprises sp\u00e9cialis\u00e9es dans les domaines du reboisement, de l\u2019irrigation, de l\u2019entretien des surfaces foresti\u00e8res et du suivi des plantations. Il a \u00e9galement demand\u00e9 l\u2019extension du programme aux zones dunaires, afin d\u2019en renforcer la r\u00e9silience \u00e9cologique.<\/p>\n\n\n\n<p>Selon ses d\u00e9clarations, ce programme incarne une nouvelle approche du d\u00e9veloppement rural durable, associant protection de l\u2019environnement, s\u00e9curit\u00e9 alimentaire, cr\u00e9ation d\u2019emplois, lutte contre l\u2019exode rural, et am\u00e9lioration des conditions de vie des populations dans les territoires concern\u00e9s.<\/p>\n\n\n\n<p>La r\u00e9habilitation du Barrage Vert s\u2019inscrit d\u00e9sormais dans une logique de d\u00e9veloppement int\u00e9gr\u00e9, o\u00f9 la pr\u00e9servation de l\u2019environnement s\u2019allie \u00e0 la valorisation des ressources naturelles et humaines. V\u00e9ritable projet strat\u00e9gique national, il constitue un levier important pour la r\u00e9silience \u00e9cologique de l\u2019Alg\u00e9rie face aux menaces climatiques, tout en ouvrant de nouvelles perspectives \u00e9conomiques pour les r\u00e9gions steppiques.<\/p>\n\n\n\n<p>Le respect des d\u00e9lais et la coordination des efforts entre toutes les parties prenantes seront d\u00e9terminants pour assurer le succ\u00e8s de cette ambitieuse entreprise verte.<\/p>\n\n\n\n<p>S.B.<\/p>\n\n\n\n<p><\/p>\n","protected":false},"excerpt":{"rendered":"<p>Le projet national de r\u00e9habilitation et d\u2019extension du Barrage Vert entre dans une phase d\u00e9cisive, avec pour objectif central le respect rigoureux des d\u00e9lais fix\u00e9s pour son lancement et sa mise en \u0153uvre. Ce programme d\u2019envergure, couvrant 13 wilayas et visant la reforestation d\u2019environ 4,7 millions d\u2019hectares, a r\u00e9cemment fait l\u2019objet d\u2019une r\u00e9union d\u2019\u00e9valuation au [&hellip;]<\/p>\n","protected":false},"author":3,"featured_media":2750,"comment_status":"open","ping_status":"open","sticky":false,"template":"","format":"standard","meta":{"footnotes":""},"categories":[10],"tags":[],"class_list":{"0":"post-2749","1":"post","2":"type-post","3":"status-publish","4":"format-standard","5":"has-post-thumbnail","7":"category-magazine"},"_links":{"self":[{"href":"https:\/\/lequotidien-deconstantine.dz\/index.php?rest_route=\/wp\/v2\/posts\/2749","targetHints":{"allow":["GET"]}}],"collection":[{"href":"https:\/\/lequotidien-deconstantine.dz\/index.php?rest_route=\/wp\/v2\/posts"}],"about":[{"href":"https:\/\/lequotidien-deconstantine.dz\/index.php?rest_route=\/wp\/v2\/types\/post"}],"author":[{"embeddable":true,"href":"https:\/\/lequotidien-deconstantine.dz\/index.php?rest_route=\/wp\/v2\/users\/3"}],"replies":[{"embeddable":true,"href":"https:\/\/lequotidien-deconstantine.dz\/index.php?rest_route=%2Fwp%2Fv2%2Fcomments&post=2749"}],"version-history":[{"count":1,"href":"https:\/\/lequotidien-deconstantine.dz\/index.php?rest_route=\/wp\/v2\/posts\/2749\/revisions"}],"predecessor-version":[{"id":2751,"href":"https:\/\/lequotidien-deconstantine.dz\/index.php?rest_route=\/wp\/v2\/posts\/2749\/revisions\/2751"}],"wp:featuredmedia":[{"embeddable":true,"href":"https:\/\/lequotidien-deconstantine.dz\/index.php?rest_route=\/wp\/v2\/media\/2750"}],"wp:attachment":[{"href":"https:\/\/lequotidien-deconstantine.dz\/index.php?rest_route=%2Fwp%2Fv2%2Fmedia&parent=2749"}],"wp:term":[{"taxonomy":"category","embeddable":true,"href":"https:\/\/lequotidien-deconstantine.dz\/index.php?rest_route=%2Fwp%2Fv2%2Fcategories&post=2749"},{"taxonomy":"post_tag","embeddable":true,"href":"https:\/\/lequotidien-deconstantine.dz\/index.php?rest_route=%2Fwp%2Fv2%2Ftags&post=2749"}],"curies":[{"name":"wp","href":"https:\/\/api.w.org\/{rel}","templated":true}]}}