{"id":2814,"date":"2025-09-03T00:13:10","date_gmt":"2025-09-02T23:13:10","guid":{"rendered":"https:\/\/lequotidien-deconstantine.dz\/?p=2814"},"modified":"2025-09-03T00:16:53","modified_gmt":"2025-09-02T23:16:53","slug":"himayati-la-voix-numerique-des-femmes-victimes-de-violence","status":"publish","type":"post","link":"https:\/\/lequotidien-deconstantine.dz\/?p=2814","title":{"rendered":"Himayati, la voix num\u00e9rique des femmes victimes de violence"},"content":{"rendered":"\n<p>Le minist\u00e8re de la Solidarit\u00e9 nationale, de la Famille et de la Condition de la femme a franchi un nouveau pas dans la lutte contre les violences faites aux femmes. Lundi, il a annonc\u00e9 le lancement officiel de \u00ab Himayati \u00bb, une plateforme num\u00e9rique d\u00e9di\u00e9e \u00e0 l\u2019\u00e9coute, au signalement et \u00e0 l\u2019accompagnement des femmes victimes de violences.<\/p>\n\n\n\n<p><strong>Une r\u00e9ponse institutionnelle \u00e0 un fl\u00e9au social<\/strong><\/p>\n\n\n\n<p>\u00c0 travers cet outil, les victimes pourront signaler des violences, mais aussi obtenir conseils, soutien et orientation vers les services comp\u00e9tents. Le projet se veut une solution moderne et accessible, capable d\u2019apporter des r\u00e9ponses concr\u00e8tes \u00e0 une probl\u00e9matique souvent tue.<\/p>\n\n\n\n<p><strong>Un dispositif int\u00e9gr\u00e9 et interconnect\u00e9<\/strong><\/p>\n\n\n\n<p>Pr\u00e9sent\u00e9e comme la premi\u00e8re plateforme nationale sp\u00e9cialis\u00e9e dans la prise en charge globale des femmes victimes de violences, <em>Himayati<\/em> s\u2019inscrit dans le cadre de la politique de l\u2019\u00c9tat visant \u00e0 renforcer la protection de la femme et la promotion de ses droits.<br>Elle repose sur une interconnexion des services : s\u00e9curit\u00e9, justice, sant\u00e9 et accompagnement social. Cette approche transversale doit permettre une prise en charge plus rapide, coordonn\u00e9e et efficace, quel que soit l\u2019endroit o\u00f9 vit la victime.<\/p>\n\n\n\n<p><strong>Un espace d\u2019information et de sensibilisation<\/strong><\/p>\n\n\n\n<p>Au-del\u00e0 du soutien direct, <em>Himayati<\/em> se veut aussi une plateforme p\u00e9dagogique. Elle offrira aux femmes des contenus de sensibilisation, afin de les informer de leurs droits, des recours possibles et des services existants. Objectif : rompre l\u2019isolement, encourager la solidarit\u00e9 et consolider le r\u00f4le social de la femme dans une soci\u00e9t\u00e9 qui aspire \u00e0 plus de stabilit\u00e9 et de justice.<\/p>\n\n\n\n<p><strong>Une ambition : b\u00e2tir une soci\u00e9t\u00e9 prot\u00e9g\u00e9e et apais\u00e9e<\/strong><\/p>\n\n\n\n<p>Dans son communiqu\u00e9, le minist\u00e8re a rappel\u00e9 que ce projet s\u2019inscrit dans la continuit\u00e9 des programmes nationaux de <strong>protection familiale<\/strong> et vise \u00e0 cr\u00e9er un environnement o\u00f9 la femme peut \u00e9voluer en s\u00e9curit\u00e9, contribuer pleinement \u00e0 la vie sociale et pr\u00e9server l\u2019\u00e9quilibre de la cellule familiale.<\/p>\n\n\n\n<p>Les femmes concern\u00e9es peuvent consulter la plateforme et acc\u00e9der aux services via le site officiel : <a href=\"http:\/\/www.himayati.dz?utm_source=chatgpt.com\"><strong>www.himayati.dz<\/strong><\/a><\/p>\n","protected":false},"excerpt":{"rendered":"<p>Le minist\u00e8re de la Solidarit\u00e9 nationale, de la Famille et de la Condition de la femme a franchi un nouveau pas dans la lutte contre les violences faites aux femmes. Lundi, il a annonc\u00e9 le lancement officiel de \u00ab Himayati \u00bb, une plateforme num\u00e9rique d\u00e9di\u00e9e \u00e0 l\u2019\u00e9coute, au signalement et \u00e0 l\u2019accompagnement des femmes victimes [&hellip;]<\/p>\n","protected":false},"author":3,"featured_media":2815,"comment_status":"open","ping_status":"open","sticky":false,"template":"","format":"standard","meta":{"footnotes":""},"categories":[10],"tags":[],"class_list":{"0":"post-2814","1":"post","2":"type-post","3":"status-publish","4":"format-standard","5":"has-post-thumbnail","7":"category-magazine"},"_links":{"self":[{"href":"https:\/\/lequotidien-deconstantine.dz\/index.php?rest_route=\/wp\/v2\/posts\/2814","targetHints":{"allow":["GET"]}}],"collection":[{"href":"https:\/\/lequotidien-deconstantine.dz\/index.php?rest_route=\/wp\/v2\/posts"}],"about":[{"href":"https:\/\/lequotidien-deconstantine.dz\/index.php?rest_route=\/wp\/v2\/types\/post"}],"author":[{"embeddable":true,"href":"https:\/\/lequotidien-deconstantine.dz\/index.php?rest_route=\/wp\/v2\/users\/3"}],"replies":[{"embeddable":true,"href":"https:\/\/lequotidien-deconstantine.dz\/index.php?rest_route=%2Fwp%2Fv2%2Fcomments&post=2814"}],"version-history":[{"count":1,"href":"https:\/\/lequotidien-deconstantine.dz\/index.php?rest_route=\/wp\/v2\/posts\/2814\/revisions"}],"predecessor-version":[{"id":2816,"href":"https:\/\/lequotidien-deconstantine.dz\/index.php?rest_route=\/wp\/v2\/posts\/2814\/revisions\/2816"}],"wp:featuredmedia":[{"embeddable":true,"href":"https:\/\/lequotidien-deconstantine.dz\/index.php?rest_route=\/wp\/v2\/media\/2815"}],"wp:attachment":[{"href":"https:\/\/lequotidien-deconstantine.dz\/index.php?rest_route=%2Fwp%2Fv2%2Fmedia&parent=2814"}],"wp:term":[{"taxonomy":"category","embeddable":true,"href":"https:\/\/lequotidien-deconstantine.dz\/index.php?rest_route=%2Fwp%2Fv2%2Fcategories&post=2814"},{"taxonomy":"post_tag","embeddable":true,"href":"https:\/\/lequotidien-deconstantine.dz\/index.php?rest_route=%2Fwp%2Fv2%2Ftags&post=2814"}],"curies":[{"name":"wp","href":"https:\/\/api.w.org\/{rel}","templated":true}]}}