{"id":2880,"date":"2025-09-14T09:34:16","date_gmt":"2025-09-14T08:34:16","guid":{"rendered":"https:\/\/lequotidien-deconstantine.dz\/?p=2880"},"modified":"2025-09-14T09:34:18","modified_gmt":"2025-09-14T08:34:18","slug":"algerie-italie-attaf-salue-un-partenariat-excellent","status":"publish","type":"post","link":"https:\/\/lequotidien-deconstantine.dz\/?p=2880","title":{"rendered":"Alg\u00e9rie -Italie\u00a0: Attaf salue un partenariat \u00ab excellent \u00bb"},"content":{"rendered":"\n<p>Le ministre des Affaires \u00e9trang\u00e8res, de la Communaut\u00e9 nationale \u00e0 l\u2019\u00e9tranger et des Affaires africaines, Ahmed Attaf, a qualifi\u00e9 samedi \u00e0 Alger le partenariat alg\u00e9ro-italien d\u2019\u00ab excellent \u00bb et de \u00ab dynamique \u00bb.<\/p>\n\n\n\n<p>Lors d\u2019une conf\u00e9rence de presse organis\u00e9e au si\u00e8ge du minist\u00e8re, le chef de la diplomatie a soulign\u00e9 que, parmi les diff\u00e9rents mod\u00e8les de coop\u00e9ration internationale propos\u00e9s au continent africain, \u00ab celui avec l\u2019Italie est le plus influent \u00bb. Une influence qu\u2019il attribue \u00e0 son caract\u00e8re \u00ab concret \u00bb et aux projets structurants qui le portent.<\/p>\n\n\n\n<p><strong>Une relation mont\u00e9e en puissance<\/strong><\/p>\n\n\n\n<p>Attaf a rappel\u00e9 que les relations entre l\u2019Alg\u00e9rie et l\u2019Italie se sont \u00ab hiss\u00e9es aux premiers rangs en quelques ann\u00e9es seulement \u00bb, particuli\u00e8rement dans le domaine commercial. Il a mis en avant la diversification des investissements, allant au-del\u00e0 du gaz naturel pour inclure de grands chantiers d\u2019avenir tels que l\u2019hydrog\u00e8ne vert, la fibre optique et d\u2019autres projets strat\u00e9giques \u00e0 dimension europ\u00e9enne.<\/p>\n\n\n\n<p>L\u2019Alg\u00e9rie se dit pleinement satisfaite des r\u00e9sultats obtenus avec son partenaire italien, \u00ab tant sur le plan qualitatif que quantitatif \u00bb, et encourage les autres pays \u00e0 \u00ab emprunter la m\u00eame voie en mati\u00e8re de partenariat mutuellement b\u00e9n\u00e9fique \u00bb.<\/p>\n\n\n\n<p><strong>Clarification sur le dossier malien<\/strong><\/p>\n\n\n\n<p>Interrog\u00e9 sur des informations relay\u00e9es par certains m\u00e9dias faisant \u00e9tat d\u2019une plainte d\u00e9pos\u00e9e par le Mali contre l\u2019Alg\u00e9rie aupr\u00e8s de la Cour internationale de justice (CIJ), Attaf a \u00e9t\u00e9 cat\u00e9gorique : \u00ab L\u2019Alg\u00e9rie n\u2019a re\u00e7u aucune notification \u00e0 ce sujet de la part de la CIJ \u00bb, pr\u00e9cisant que l\u2019instance onusienne avait elle-m\u00eame d\u00e9menti l\u2019existence d\u2019une telle requ\u00eate.<\/p>\n\n\n\n<p><strong>Visa : un faux d\u00e9bat pour l\u2019investissement<\/strong><\/p>\n\n\n\n<p>Le ministre a \u00e9galement \u00e9t\u00e9 questionn\u00e9 sur les conditions d\u2019octroi des visas, souvent critiqu\u00e9es comme un obstacle au tourisme et \u00e0 l\u2019investissement \u00e9tranger. Attaf a nuanc\u00e9 ce constat, estimant que \u00ab l\u2019acte d\u2019investir n\u2019est pas tributaire du visa \u00bb, mais repose avant tout sur le climat des affaires.<\/p>\n\n\n\n<p>\u00ab Si le visa suffisait pour attirer les investissements en Alg\u00e9rie, nous aurions transform\u00e9 tous les consulats et ambassades en bureaux de visas \u00bb, a-t-il lanc\u00e9 avec ironie.<\/p>\n\n\n\n<p>Selon lui, l\u2019investissement exige une organisation globale, impliquant plusieurs secteurs et la mise en place d\u2019un environnement favorable. \u00ab Le probl\u00e8me de l\u2019investissement a de tout temps \u00e9t\u00e9 un probl\u00e8me de climat des affaires. Le visa ne peut pas lever les entraves \u00e0 l\u2019investissement \u00bb, a-t-il insist\u00e9.<\/p>\n\n\n\n<p>Pour illustrer son propos, il a rappel\u00e9 que l\u2019Alg\u00e9rie a connu une augmentation significative des flux d\u2019investissements \u00e9trangers gr\u00e2ce \u00e0 l\u2019am\u00e9lioration du climat des affaires, sans qu\u2019aucune modification n\u2019ait \u00e9t\u00e9 apport\u00e9e aux r\u00e8gles en vigueur concernant les visas.<\/p>\n\n\n\n<p><strong>IATF-2025 : un succ\u00e8s continental<\/strong><\/p>\n\n\n\n<p>Attaf est \u00e9galement revenu sur le bilan de la 4? Foire du commerce intra-africain (IATF-2025), accueillie par l\u2019Alg\u00e9rie du 4 au 10 septembre. Il a affirm\u00e9 que la d\u00e9cision d\u2019organiser cet \u00e9v\u00e9nement n\u2019\u00e9tait pas le fruit du hasard mais \u00ab un choix r\u00e9fl\u00e9chi, strat\u00e9gique et proactif \u00bb du pr\u00e9sident Abdelmadjid Tebboune.<\/p>\n\n\n\n<p>Selon lui, l\u2019engagement du chef de l\u2019\u00c9tat a contribu\u00e9 \u00e0 faire de cette \u00e9dition \u00ab une r\u00e9ussite unanimement reconnue par les institutions africaines, les participants et les visiteurs \u00bb. Les r\u00e9sultats sont d\u2019ampleur : 48,3 milliards de dollars de contrats sign\u00e9s, dont 11,4 milliards remport\u00e9s par des entreprises nationales, auxquels s\u2019ajoutent 11,6 milliards d\u2019engagements en cours de finalisation.<\/p>\n\n\n\n<p><strong>L\u2019Afrique au coeur de la strat\u00e9gie alg\u00e9rienne<\/strong><\/p>\n\n\n\n<p>Pour le ministre, cette r\u00e9ussite illustre la volont\u00e9 du pr\u00e9sident Tebboune de renforcer l\u2019int\u00e9gration \u00e9conomique africaine et de contribuer au processus de \u00ab renaissance \u00e9conomique du continent \u00bb.<\/p>\n\n\n\n<p>Attaf a rappel\u00e9 que l\u2019Alg\u00e9rie, fid\u00e8le \u00e0 son attachement \u00e0 la coop\u00e9ration Sud-Sud et au Groupe des 77 (cr\u00e9\u00e9 \u00e0 Alger), milite pour donner \u00e0 l\u2019Afrique un poids plus important dans les d\u00e9cisions \u00e9conomiques mondiales. Un continent \u00ab marginalis\u00e9 \u00bb jusqu\u2019\u00e0 r\u00e9cemment, mais qui, selon lui, \u00ab commence d\u00e9sormais \u00e0 peser davantage sur la sc\u00e8ne internationale \u00bb.<\/p>\n\n\n\n<p>L.R.<\/p>\n","protected":false},"excerpt":{"rendered":"<p>Le ministre des Affaires \u00e9trang\u00e8res, de la Communaut\u00e9 nationale \u00e0 l\u2019\u00e9tranger et des Affaires africaines, Ahmed Attaf, a qualifi\u00e9 samedi \u00e0 Alger le partenariat alg\u00e9ro-italien d\u2019\u00ab excellent \u00bb et de \u00ab dynamique \u00bb. Lors d\u2019une conf\u00e9rence de presse organis\u00e9e au si\u00e8ge du minist\u00e8re, le chef de la diplomatie a soulign\u00e9 que, parmi les diff\u00e9rents mod\u00e8les [&hellip;]<\/p>\n","protected":false},"author":3,"featured_media":2881,"comment_status":"open","ping_status":"open","sticky":false,"template":"","format":"standard","meta":{"footnotes":""},"categories":[2],"tags":[],"class_list":{"0":"post-2880","1":"post","2":"type-post","3":"status-publish","4":"format-standard","5":"has-post-thumbnail","7":"category-infos"},"_links":{"self":[{"href":"https:\/\/lequotidien-deconstantine.dz\/index.php?rest_route=\/wp\/v2\/posts\/2880","targetHints":{"allow":["GET"]}}],"collection":[{"href":"https:\/\/lequotidien-deconstantine.dz\/index.php?rest_route=\/wp\/v2\/posts"}],"about":[{"href":"https:\/\/lequotidien-deconstantine.dz\/index.php?rest_route=\/wp\/v2\/types\/post"}],"author":[{"embeddable":true,"href":"https:\/\/lequotidien-deconstantine.dz\/index.php?rest_route=\/wp\/v2\/users\/3"}],"replies":[{"embeddable":true,"href":"https:\/\/lequotidien-deconstantine.dz\/index.php?rest_route=%2Fwp%2Fv2%2Fcomments&post=2880"}],"version-history":[{"count":1,"href":"https:\/\/lequotidien-deconstantine.dz\/index.php?rest_route=\/wp\/v2\/posts\/2880\/revisions"}],"predecessor-version":[{"id":2882,"href":"https:\/\/lequotidien-deconstantine.dz\/index.php?rest_route=\/wp\/v2\/posts\/2880\/revisions\/2882"}],"wp:featuredmedia":[{"embeddable":true,"href":"https:\/\/lequotidien-deconstantine.dz\/index.php?rest_route=\/wp\/v2\/media\/2881"}],"wp:attachment":[{"href":"https:\/\/lequotidien-deconstantine.dz\/index.php?rest_route=%2Fwp%2Fv2%2Fmedia&parent=2880"}],"wp:term":[{"taxonomy":"category","embeddable":true,"href":"https:\/\/lequotidien-deconstantine.dz\/index.php?rest_route=%2Fwp%2Fv2%2Fcategories&post=2880"},{"taxonomy":"post_tag","embeddable":true,"href":"https:\/\/lequotidien-deconstantine.dz\/index.php?rest_route=%2Fwp%2Fv2%2Ftags&post=2880"}],"curies":[{"name":"wp","href":"https:\/\/api.w.org\/{rel}","templated":true}]}}