{"id":2889,"date":"2025-09-15T09:03:46","date_gmt":"2025-09-15T08:03:46","guid":{"rendered":"https:\/\/lequotidien-deconstantine.dz\/?p=2889"},"modified":"2025-09-15T09:03:49","modified_gmt":"2025-09-15T08:03:49","slug":"gouvernement-sifi-ghrieb-sept-ministres-ecartes-lenergie-reorganisee","status":"publish","type":"post","link":"https:\/\/lequotidien-deconstantine.dz\/?p=2889","title":{"rendered":"Gouvernement Sifi Ghrieb\u00a0: Sept ministres \u00e9cart\u00e9s, l\u2019\u00e9nergie r\u00e9organis\u00e9e"},"content":{"rendered":"\n<p>L\u2019Alg\u00e9rie a un nouveau gouvernement. Confirm\u00e9 dimanche 14 septembre au poste de Premier ministre, Sifi Ghrieb a d\u00e9voil\u00e9 son \u00e9quipe minist\u00e9rielle, conform\u00e9ment \u00e0 la mission confi\u00e9e par le pr\u00e9sident de la R\u00e9publique, Abdelmadjid Tebboune. Ce remaniement m\u00eale continuit\u00e9 et changements cibl\u00e9s, avec le d\u00e9part de sept ministres, la cr\u00e9ation d\u2019un nouveau d\u00e9partement et une refonte strat\u00e9gique du secteur \u00e9nerg\u00e9tique.<\/p>\n\n\n\n<p>La pr\u00e9sidence de la R\u00e9publique a annonc\u00e9 le d\u00e9part de Tayeb Zitouni (Commerce int\u00e9rieur), Lakhdar Rekhroukh (Travaux publics), Youcef Chorfa (Agriculture), Fay\u00e7al Bentaleb (Travail), Zoheir Bellalou (Culture), La\u00efd Rebiga (Moudjahidine) et Mohamed Meziane (Communication). Ces sorties s\u2019accompagnent de promotions internes et du retour de figures d\u00e9j\u00e0 connues de la sc\u00e8ne gouvernementale.<\/p>\n\n\n\n<p><strong>Une Inspection g\u00e9n\u00e9rale nouvellement cr\u00e9\u00e9e<\/strong><\/p>\n\n\n\n<p>L\u2019une des principales nouveaut\u00e9s est la cr\u00e9ation d\u2019un minist\u00e8re d\u2019\u00c9tat charg\u00e9 de l\u2019Inspection g\u00e9n\u00e9rale des services de l\u2019\u00c9tat et des collectivit\u00e9s locales. Ce portefeuille est confi\u00e9 \u00e0 Brahim Merad, ex-ministre de l\u2019Int\u00e9rieur, promu pour assurer cette mission de contr\u00f4le et de coordination. Dans la foul\u00e9e, Sa\u00efd Sayoud est nomm\u00e9 ministre de l\u2019Int\u00e9rieur, tout en conservant les Transports, ce qui en fait l\u2019un des poids lourds du nouvel ex\u00e9cutif.<\/p>\n\n\n\n<p><strong>Refonte du secteur de l\u2019\u00c9nergie<\/strong><\/p>\n\n\n\n<p>Autre changement de taille : la r\u00e9organisation du dossier \u00e9nerg\u00e9tique. Mohamed Arkab, promu ministre d\u2019\u00c9tat, prend en charge les Hydrocarbures et Mines, tandis que Mourad Adjal, ancien PDG de Sonelgaz, devient ministre de l\u2019\u00c9nergie et des \u00c9nergies renouvelables. Cette s\u00e9paration illustre la volont\u00e9 de l\u2019ex\u00e9cutif de distinguer la gestion des ressources fossiles et mini\u00e8res de la strat\u00e9gie de transition \u00e9nerg\u00e9tique.<\/p>\n\n\n\n<p><strong>Nouvelles nominations sectorielles<\/strong><\/p>\n\n\n\n<ul class=\"wp-block-list\">\n<li>\u00c0 l\u2019Industrie, laiss\u00e9e vacante par le nouveau Premier ministre, le portefeuille est confi\u00e9 \u00e0 Yahia Bachir.<\/li>\n\n\n\n<li>\u00c0 l\u2019Agriculture, Yacine Walid succ\u00e8de \u00e0 Youcef Chorfa, et laisse la Formation professionnelle \u00e0 Nassima Arhab.<\/li>\n\n\n\n<li>\u00c0 la Sant\u00e9, Mohamed Seddik A\u00eft Messaoudene remplace Abdelhak Saihi, qui prend le minist\u00e8re du Travail et de la S\u00e9curit\u00e9 sociale.<\/li>\n\n\n\n<li>\u00c0 la Culture, Malika Bendouda signe son retour en rempla\u00e7ant Zoheir Bellalou.<\/li>\n\n\n\n<li>\u00c0 la Communication, Zoheir Bouaamama, ancien conseiller politique du pr\u00e9sident, succ\u00e8de \u00e0 Mohamed Meziane.<\/li>\n\n\n\n<li>Aux Moudjahidine, Abdelmalek Tachrift prend la rel\u00e8ve de La\u00efd Rebiga.<\/li>\n\n\n\n<li>Aux Travaux publics, Abdelkader Djelaoui remplace Lakhdar Rekhroukh.<\/li>\n\n\n\n<li>Au Commerce int\u00e9rieur, Amel Abdelatif succ\u00e8de \u00e0 Tayeb Zitouni.<\/li>\n<\/ul>\n\n\n\n<p>Le wali d\u2019Alger, Abdenour Rabehi, est \u00e9galement promu au rang de ministre, signe de la volont\u00e9 de Tebboune de valoriser les profils issus du corps des walis.<\/p>\n\n\n\n<p><strong>Les minist\u00e8res r\u00e9galiens maintenus<\/strong><\/p>\n\n\n\n<p>Aucun changement n\u2019est enregistr\u00e9 au niveau des portefeuilles r\u00e9galiens. Ahmed Attaf reste aux Affaires \u00e9trang\u00e8res, Sa\u00efd Chanegriha demeure ministre d\u00e9l\u00e9gu\u00e9 aupr\u00e8s du ministre de la D\u00e9fense nationale, tandis que Lotfi Boudjemaa (Justice) et Abdelkrim Bouzerd (Finances) conservent leurs postes. Kamel Rezig, charg\u00e9 du Commerce ext\u00e9rieur et de la promotion des exportations, reste lui aussi en place, apr\u00e8s avoir r\u00e9cemment pris des mesures visant \u00e0 r\u00e9duire les importations.<\/p>\n\n\n\n<p><strong>Continuit\u00e9 et signaux politiques<\/strong><\/p>\n\n\n\n<p>\u00c0 travers cette recomposition, le pr\u00e9sident Tebboune et le Premier ministre Ghrieb envoient plusieurs messages, \u00e0 savoir la stabilit\u00e9 sur les dossiers r\u00e9galiens, afin d\u2019assurer la continuit\u00e9 des politiques diplomatiques, s\u00e9curitaires et financi\u00e8res, le renforcement du contr\u00f4le des services publics avec l\u2019Inspection g\u00e9n\u00e9rale.<\/p>\n\n\n\n<p>Il est mis aussi l\u2019accent sur l\u2019\u00e9nergie, secteur strat\u00e9gique, avec une gouvernance d\u00e9sormais divis\u00e9e entre ressources fossiles et transition \u00e9nerg\u00e9tique et l\u2019\u00e9quilibre entre renouvellement et exp\u00e9rience, avec l\u2019arriv\u00e9e de jeunes responsables comme Yacine Walid et le retour de figures comme Malika Bendouda.<\/p>\n\n\n\n<p>Ce nouveau gouvernement devra rapidement d\u00e9montrer sa capacit\u00e9 \u00e0 r\u00e9pondre aux attentes \u00e9conomiques et sociales, dans un contexte marqu\u00e9 par les r\u00e9formes de l\u2019administration, les enjeux \u00e9nerg\u00e9tiques et la n\u00e9cessaire modernisation des services publics.<\/p>\n\n\n\n<p>L.R.<\/p>\n\n\n\n<p><\/p>\n","protected":false},"excerpt":{"rendered":"<p>L\u2019Alg\u00e9rie a un nouveau gouvernement. Confirm\u00e9 dimanche 14 septembre au poste de Premier ministre, Sifi Ghrieb a d\u00e9voil\u00e9 son \u00e9quipe minist\u00e9rielle, conform\u00e9ment \u00e0 la mission confi\u00e9e par le pr\u00e9sident de la R\u00e9publique, Abdelmadjid Tebboune. Ce remaniement m\u00eale continuit\u00e9 et changements cibl\u00e9s, avec le d\u00e9part de sept ministres, la cr\u00e9ation d\u2019un nouveau d\u00e9partement et une refonte [&hellip;]<\/p>\n","protected":false},"author":3,"featured_media":2890,"comment_status":"open","ping_status":"open","sticky":false,"template":"","format":"standard","meta":{"footnotes":""},"categories":[7],"tags":[],"class_list":{"0":"post-2889","1":"post","2":"type-post","3":"status-publish","4":"format-standard","5":"has-post-thumbnail","7":"category-actualite"},"_links":{"self":[{"href":"https:\/\/lequotidien-deconstantine.dz\/index.php?rest_route=\/wp\/v2\/posts\/2889","targetHints":{"allow":["GET"]}}],"collection":[{"href":"https:\/\/lequotidien-deconstantine.dz\/index.php?rest_route=\/wp\/v2\/posts"}],"about":[{"href":"https:\/\/lequotidien-deconstantine.dz\/index.php?rest_route=\/wp\/v2\/types\/post"}],"author":[{"embeddable":true,"href":"https:\/\/lequotidien-deconstantine.dz\/index.php?rest_route=\/wp\/v2\/users\/3"}],"replies":[{"embeddable":true,"href":"https:\/\/lequotidien-deconstantine.dz\/index.php?rest_route=%2Fwp%2Fv2%2Fcomments&post=2889"}],"version-history":[{"count":1,"href":"https:\/\/lequotidien-deconstantine.dz\/index.php?rest_route=\/wp\/v2\/posts\/2889\/revisions"}],"predecessor-version":[{"id":2891,"href":"https:\/\/lequotidien-deconstantine.dz\/index.php?rest_route=\/wp\/v2\/posts\/2889\/revisions\/2891"}],"wp:featuredmedia":[{"embeddable":true,"href":"https:\/\/lequotidien-deconstantine.dz\/index.php?rest_route=\/wp\/v2\/media\/2890"}],"wp:attachment":[{"href":"https:\/\/lequotidien-deconstantine.dz\/index.php?rest_route=%2Fwp%2Fv2%2Fmedia&parent=2889"}],"wp:term":[{"taxonomy":"category","embeddable":true,"href":"https:\/\/lequotidien-deconstantine.dz\/index.php?rest_route=%2Fwp%2Fv2%2Fcategories&post=2889"},{"taxonomy":"post_tag","embeddable":true,"href":"https:\/\/lequotidien-deconstantine.dz\/index.php?rest_route=%2Fwp%2Fv2%2Ftags&post=2889"}],"curies":[{"name":"wp","href":"https:\/\/api.w.org\/{rel}","templated":true}]}}