{"id":2892,"date":"2025-09-15T09:05:25","date_gmt":"2025-09-15T08:05:25","guid":{"rendered":"https:\/\/lequotidien-deconstantine.dz\/?p=2892"},"modified":"2025-09-15T09:05:27","modified_gmt":"2025-09-15T08:05:27","slug":"constantine-accorde-ses-cordes-au-malouf","status":"publish","type":"post","link":"https:\/\/lequotidien-deconstantine.dz\/?p=2892","title":{"rendered":"Constantine accorde ses cordes au Malouf"},"content":{"rendered":"\n<p>Constantine s\u2019appr\u00eate \u00e0 vibrer aux sonorit\u00e9s du Malouf \u00e0 l\u2019occasion de la 13? \u00e9dition du Festival culturel international d\u00e9di\u00e9 \u00e0 ce patrimoine musical ancestral. L\u2019\u00e9v\u00e9nement se d\u00e9roulera du 20 au 24 septembre au Th\u00e9\u00e2tre r\u00e9gional Mohamed-Taher Fergani, sous le slogan : <em>\u00ab Le Malouf, de l\u2019\u00e9cole \u00e0 l\u2019universalit\u00e9 \u00bb<\/em>.<\/p>\n\n\n\n<p>Lors d\u2019une conf\u00e9rence de presse organis\u00e9e samedi, le commissaire du festival, Ily\u00e8s Benbakir, a d\u00e9voil\u00e9 les grandes lignes d\u2019un programme \u00e0 la fois riche et tourn\u00e9 vers l\u2019ouverture. Plus de 140 artistes, musiciens et chanteurs, venus d\u2019Alg\u00e9rie et d\u2019une dizaine de pays \u00e9trangers, prendront part \u00e0 cette \u00e9dition, t\u00e9moignant de la dimension internationale que cherche \u00e0 renforcer ce rendez-vous culturel.<\/p>\n\n\n\n<p><strong>Constantine, berceau et carrefour du Malouf<\/strong><\/p>\n\n\n\n<p>Le choix de Constantine n\u2019est pas fortuit : la ville, surnomm\u00e9e \u00ab capitale du Malouf \u00bb, est consid\u00e9r\u00e9e comme le principal foyer de ce genre musical savant en Alg\u00e9rie. H\u00e9ritier direct de la tradition andalouse transmise par les r\u00e9fugi\u00e9s andalous install\u00e9s au Maghreb \u00e0 partir du XVe si\u00e8cle, le Malouf s\u2019est enracin\u00e9 \u00e0 Constantine, o\u00f9 il a trouv\u00e9 un terreau fertile.<\/p>\n\n\n\n<p>Au fil des si\u00e8cles, cette musique, caract\u00e9ris\u00e9e par ses noubas structur\u00e9es, son raffinement po\u00e9tique et l\u2019usage d\u2019instruments embl\u00e9matiques tels que le violon, le qanoun ou le rebab, a fa\u00e7onn\u00e9 l\u2019identit\u00e9 culturelle de la cit\u00e9 des ponts suspendus. Des figures comme Mohamed Tahar Fergani, ma\u00eetre incontest\u00e9 du Malouf, mais aussi Salim Fergani ou encore Mohamed El-Arbi Ben Sma\u00efl, ont contribu\u00e9 \u00e0 asseoir la r\u00e9putation internationale de Constantine comme un haut lieu de transmission et d\u2019innovation musicale.<\/p>\n\n\n\n<p><strong>Un festival au service de la pr\u00e9servation et de la transmission<\/strong><\/p>\n\n\n\n<p>Plac\u00e9 sous le signe de la proximit\u00e9, le festival ne se limite pas aux repr\u00e9sentations au TRC. Des concerts et spectacles auront lieu dans plusieurs wilayas, dont Skikda, Guelma, Mila et Alger, ainsi qu\u2019\u00e0 la Maison de la culture Malek-Haddad de Constantine. Cette d\u00e9marche vise \u00e0 d\u00e9mocratiser l\u2019acc\u00e8s au Malouf et \u00e0 le rapprocher des jeunes g\u00e9n\u00e9rations, tout en consolidant son rayonnement national.<\/p>\n\n\n\n<p>Le commissaire a insist\u00e9 sur le r\u00f4le du festival comme plateforme d\u2019accompagnement des porteurs de projets artistiques. En ouvrant la sc\u00e8ne aux musiciens \u00e9mergents, le festival entend pr\u00e9server cet h\u00e9ritage tout en l\u2019adaptant aux sensibilit\u00e9s contemporaines, afin que le Malouf ne demeure pas un art mus\u00e9al mais un patrimoine vivant.<\/p>\n\n\n\n<p><strong>Hommages et ouverture internationale<\/strong><\/p>\n\n\n\n<p>L\u2019\u00e9v\u00e9nement sera marqu\u00e9 par des s\u00e9quences d\u2019hommage rendues aux figures embl\u00e9matiques du Malouf : Mohamed Taher Fergani, Taher Gharssa, Brahim Amouchi, Noubli Fadel, Amar Touhami et Salim Fergani, dont l\u2019apport demeure essentiel \u00e0 la consolidation de ce patrimoine immat\u00e9riel.<\/p>\n\n\n\n<p>En parall\u00e8le, la participation d\u2019artistes venus de divers horizons conf\u00e8re \u00e0 l\u2019\u00e9v\u00e9nement une dimension interculturelle. Cette ouverture illustre la capacit\u00e9 du Malouf \u00e0 dialoguer avec d\u2019autres traditions musicales, consolidant ainsi sa vocation universelle.<\/p>\n\n\n\n<p>Les participants auront \u00e9galement l\u2019occasion de d\u00e9couvrir le riche patrimoine architectural et historique de Constantine, carrefour mill\u00e9naire de civilisations, o\u00f9 la musique, la po\u00e9sie et le savoir ont toujours occup\u00e9 une place centrale.<\/p>\n\n\n\n<p><strong>Une passerelle entre tradition et modernit\u00e9<\/strong><\/p>\n\n\n\n<p>Avec cette 13? \u00e9dition, le Festival international du Malouf confirme sa mission : ancrer profond\u00e9ment le Malouf dans le patrimoine immat\u00e9riel alg\u00e9rien, tout en lui ouvrant de nouveaux horizons. En l\u2019inscrivant dans une dynamique internationale, Constantine r\u00e9affirme son r\u00f4le de capitale culturelle et carrefour de rayonnement artistique.<\/p>\n\n\n\n<p>L.R.<\/p>\n\n\n\n<p><\/p>\n","protected":false},"excerpt":{"rendered":"<p>Constantine s\u2019appr\u00eate \u00e0 vibrer aux sonorit\u00e9s du Malouf \u00e0 l\u2019occasion de la 13? \u00e9dition du Festival culturel international d\u00e9di\u00e9 \u00e0 ce patrimoine musical ancestral. L\u2019\u00e9v\u00e9nement se d\u00e9roulera du 20 au 24 septembre au Th\u00e9\u00e2tre r\u00e9gional Mohamed-Taher Fergani, sous le slogan : \u00ab Le Malouf, de l\u2019\u00e9cole \u00e0 l\u2019universalit\u00e9 \u00bb. Lors d\u2019une conf\u00e9rence de presse organis\u00e9e [&hellip;]<\/p>\n","protected":false},"author":3,"featured_media":2893,"comment_status":"open","ping_status":"open","sticky":false,"template":"","format":"standard","meta":{"footnotes":""},"categories":[4,5],"tags":[],"class_list":{"0":"post-2892","1":"post","2":"type-post","3":"status-publish","4":"format-standard","5":"has-post-thumbnail","7":"category-actuest","8":"category-culture"},"_links":{"self":[{"href":"https:\/\/lequotidien-deconstantine.dz\/index.php?rest_route=\/wp\/v2\/posts\/2892","targetHints":{"allow":["GET"]}}],"collection":[{"href":"https:\/\/lequotidien-deconstantine.dz\/index.php?rest_route=\/wp\/v2\/posts"}],"about":[{"href":"https:\/\/lequotidien-deconstantine.dz\/index.php?rest_route=\/wp\/v2\/types\/post"}],"author":[{"embeddable":true,"href":"https:\/\/lequotidien-deconstantine.dz\/index.php?rest_route=\/wp\/v2\/users\/3"}],"replies":[{"embeddable":true,"href":"https:\/\/lequotidien-deconstantine.dz\/index.php?rest_route=%2Fwp%2Fv2%2Fcomments&post=2892"}],"version-history":[{"count":1,"href":"https:\/\/lequotidien-deconstantine.dz\/index.php?rest_route=\/wp\/v2\/posts\/2892\/revisions"}],"predecessor-version":[{"id":2894,"href":"https:\/\/lequotidien-deconstantine.dz\/index.php?rest_route=\/wp\/v2\/posts\/2892\/revisions\/2894"}],"wp:featuredmedia":[{"embeddable":true,"href":"https:\/\/lequotidien-deconstantine.dz\/index.php?rest_route=\/wp\/v2\/media\/2893"}],"wp:attachment":[{"href":"https:\/\/lequotidien-deconstantine.dz\/index.php?rest_route=%2Fwp%2Fv2%2Fmedia&parent=2892"}],"wp:term":[{"taxonomy":"category","embeddable":true,"href":"https:\/\/lequotidien-deconstantine.dz\/index.php?rest_route=%2Fwp%2Fv2%2Fcategories&post=2892"},{"taxonomy":"post_tag","embeddable":true,"href":"https:\/\/lequotidien-deconstantine.dz\/index.php?rest_route=%2Fwp%2Fv2%2Ftags&post=2892"}],"curies":[{"name":"wp","href":"https:\/\/api.w.org\/{rel}","templated":true}]}}