{"id":2895,"date":"2025-09-15T09:07:05","date_gmt":"2025-09-15T08:07:05","guid":{"rendered":"https:\/\/lequotidien-deconstantine.dz\/?p=2895"},"modified":"2025-09-15T09:07:08","modified_gmt":"2025-09-15T08:07:08","slug":"neuf-femmes-ministres-un-signal-fort-pour-la-gouvernance","status":"publish","type":"post","link":"https:\/\/lequotidien-deconstantine.dz\/?p=2895","title":{"rendered":"Neuf femmes ministres, un signal fort pour la gouvernance"},"content":{"rendered":"\n<p>En pla\u00e7ant neuf femmes ministres au sein de la nouvelle \u00e9quipe dirig\u00e9e par le Premier ministre Sifi Ghrieb, le pr\u00e9sident Abdelmadjid Tebboune transforme en r\u00e9alit\u00e9 l\u2019engagement qu\u2019il avait r\u00e9affirm\u00e9 lors de la Journ\u00e9e internationale des droits des femmes, en mars dernier : renforcer la place des femmes dans la soci\u00e9t\u00e9 et leur ouvrir l\u2019acc\u00e8s aux postes de haute responsabilit\u00e9. L\u2019Alg\u00e9rie franchit ainsi un nouveau cap vers une repr\u00e9sentativit\u00e9 plus \u00e9quilibr\u00e9e dans les plus hautes sph\u00e8res de l\u2019\u00c9tat.<\/p>\n\n\n\n<p><strong>Un signal fort pour la soci\u00e9t\u00e9<\/strong><\/p>\n\n\n\n<p>Ce choix politique, qui porte \u00e0 neuf le nombre de ministres femmes contre six dans la pr\u00e9c\u00e9dente \u00e9quipe, illustre la volont\u00e9 du chef de l\u2019\u00c9tat de faire de l\u2019\u00e9galit\u00e9 une dimension active de la gouvernance. Plus qu\u2019un symbole, cette d\u00e9cision marque une avanc\u00e9e concr\u00e8te : elle rompt avec la tendance qui cantonnait souvent les femmes \u00e0 des portefeuilles jug\u00e9s \u00ab secondaires \u00bb et leur ouvre d\u00e9sormais des secteurs strat\u00e9giques.<\/p>\n\n\n\n<p><strong>Trois nouvelles venues dans des secteurs strat\u00e9giques<\/strong><\/p>\n\n\n\n<p>C\u2019est le cas notamment de Amel Abdellatif, d\u00e9sormais \u00e0 la t\u00eate du minist\u00e8re du Commerce int\u00e9rieur et de la R\u00e9gulation du march\u00e9 national, de Malika Bendouda, qui reprend le portefeuille de la Culture et des Arts, et de Nassima Arhab, nomm\u00e9e ministre de l\u2019Enseignement et de la Formation professionnels. Leur arriv\u00e9e constitue une nouveaut\u00e9 majeure : ces secteurs, traditionnellement dirig\u00e9s par des hommes, sont d\u00e9sormais confi\u00e9s \u00e0 des femmes, ce qui traduit une volont\u00e9 affirm\u00e9e de briser les st\u00e9r\u00e9otypes de genre dans la gestion publique.<\/p>\n\n\n\n<p><strong>La continuit\u00e9 assur\u00e9e par les reconductions<\/strong><\/p>\n\n\n\n<p>\u00c0 ces nouvelles nominations s\u2019ajoute la reconduction de plusieurs figures f\u00e9minines d\u00e9j\u00e0 en poste. Soraya Mouloudji (Solidarit\u00e9 nationale, Famille et Condition de la femme), Houria Meddahi (Tourisme et M\u00e9tiers de l\u2019artisanat), Selma Bakhta Mansouri (Affaires africaines) et Karima Tafer (Mines) conservent leur portefeuille, confirmant la confiance renouvel\u00e9e du pr\u00e9sident en leur capacit\u00e9 \u00e0 g\u00e9rer des secteurs essentiels.<\/p>\n\n\n\n<p>Deux autres ministres, Kaoutar Krikou et Nadjiba Djilali, ont pour leur part \u00e9chang\u00e9 leurs responsabilit\u00e9s, la premi\u00e8re passant de la Relation avec le Parlement \u00e0 l\u2019Environnement, et la seconde faisant le chemin inverse.<\/p>\n\n\n\n<p><strong>Une avanc\u00e9e institutionnelle et soci\u00e9tale<\/strong><\/p>\n\n\n\n<p>En \u00e9largissant le champ d\u2019action des femmes ministres et en augmentant leur nombre, le pr\u00e9sident Tebboune d\u00e9montre que son discours ne se limite pas \u00e0 une posture. L\u2019\u00e9l\u00e9vation de la participation f\u00e9minine au sein du gouvernement constitue une avanc\u00e9e institutionnelle majeure, mais aussi un signal soci\u00e9tal puissant. Elle traduit la volont\u00e9 d\u2019inscrire l\u2019\u00e9mancipation f\u00e9minine dans le processus de modernisation de l\u2019\u00c9tat et dans le projet de renaissance nationale.<\/p>\n\n\n\n<p><strong>De la parit\u00e9 comme horizon<\/strong><\/p>\n\n\n\n<p>Au-del\u00e0 des chiffres, cette orientation incarne une vision : celle d\u2019une Alg\u00e9rie qui avance vers un mod\u00e8le plus inclusif, o\u00f9 les femmes participent pleinement aux d\u00e9cisions qui engagent l\u2019avenir du pays. La nomination de neuf ministres femmes dans le gouvernement Ghrieb n\u2019est pas seulement un ajustement politique ; elle est un jalon historique sur le chemin de la parit\u00e9 et de la reconnaissance de la contribution f\u00e9minine au d\u00e9veloppement national.<\/p>\n\n\n\n<p>L.R.<\/p>\n","protected":false},"excerpt":{"rendered":"<p>En pla\u00e7ant neuf femmes ministres au sein de la nouvelle \u00e9quipe dirig\u00e9e par le Premier ministre Sifi Ghrieb, le pr\u00e9sident Abdelmadjid Tebboune transforme en r\u00e9alit\u00e9 l\u2019engagement qu\u2019il avait r\u00e9affirm\u00e9 lors de la Journ\u00e9e internationale des droits des femmes, en mars dernier : renforcer la place des femmes dans la soci\u00e9t\u00e9 et leur ouvrir l\u2019acc\u00e8s aux [&hellip;]<\/p>\n","protected":false},"author":3,"featured_media":2896,"comment_status":"open","ping_status":"open","sticky":false,"template":"","format":"standard","meta":{"footnotes":""},"categories":[2],"tags":[],"class_list":{"0":"post-2895","1":"post","2":"type-post","3":"status-publish","4":"format-standard","5":"has-post-thumbnail","7":"category-infos"},"_links":{"self":[{"href":"https:\/\/lequotidien-deconstantine.dz\/index.php?rest_route=\/wp\/v2\/posts\/2895","targetHints":{"allow":["GET"]}}],"collection":[{"href":"https:\/\/lequotidien-deconstantine.dz\/index.php?rest_route=\/wp\/v2\/posts"}],"about":[{"href":"https:\/\/lequotidien-deconstantine.dz\/index.php?rest_route=\/wp\/v2\/types\/post"}],"author":[{"embeddable":true,"href":"https:\/\/lequotidien-deconstantine.dz\/index.php?rest_route=\/wp\/v2\/users\/3"}],"replies":[{"embeddable":true,"href":"https:\/\/lequotidien-deconstantine.dz\/index.php?rest_route=%2Fwp%2Fv2%2Fcomments&post=2895"}],"version-history":[{"count":1,"href":"https:\/\/lequotidien-deconstantine.dz\/index.php?rest_route=\/wp\/v2\/posts\/2895\/revisions"}],"predecessor-version":[{"id":2897,"href":"https:\/\/lequotidien-deconstantine.dz\/index.php?rest_route=\/wp\/v2\/posts\/2895\/revisions\/2897"}],"wp:featuredmedia":[{"embeddable":true,"href":"https:\/\/lequotidien-deconstantine.dz\/index.php?rest_route=\/wp\/v2\/media\/2896"}],"wp:attachment":[{"href":"https:\/\/lequotidien-deconstantine.dz\/index.php?rest_route=%2Fwp%2Fv2%2Fmedia&parent=2895"}],"wp:term":[{"taxonomy":"category","embeddable":true,"href":"https:\/\/lequotidien-deconstantine.dz\/index.php?rest_route=%2Fwp%2Fv2%2Fcategories&post=2895"},{"taxonomy":"post_tag","embeddable":true,"href":"https:\/\/lequotidien-deconstantine.dz\/index.php?rest_route=%2Fwp%2Fv2%2Ftags&post=2895"}],"curies":[{"name":"wp","href":"https:\/\/api.w.org\/{rel}","templated":true}]}}