{"id":2899,"date":"2025-09-16T09:06:44","date_gmt":"2025-09-16T08:06:44","guid":{"rendered":"https:\/\/lequotidien-deconstantine.dz\/?p=2899"},"modified":"2025-09-16T09:06:46","modified_gmt":"2025-09-16T08:06:46","slug":"strategie-energetique-un-ministere-bicephale-pour-plus-defficacite","status":"publish","type":"post","link":"https:\/\/lequotidien-deconstantine.dz\/?p=2899","title":{"rendered":"Strat\u00e9gie \u00e9nerg\u00e9tique\u00a0:Un minist\u00e8re bic\u00e9phale pour plus d\u2019efficacit\u00e9"},"content":{"rendered":"\n<p>Le dernier remaniement place la strat\u00e9gie \u00e9nerg\u00e9tique au c\u0153ur de l\u2019action publique : en s\u00e9parant \u00c9nergie (renouvelables) et Hydrocarbures &amp; Mines, l\u2019ex\u00e9cutif veut acc\u00e9l\u00e9rer la diversification du mix, sp\u00e9cialiser les \u00e9quipes et mobiliser des comp\u00e9tences \u00e9prouv\u00e9es pour transformer les ambitions en r\u00e9sultats concrets.<\/p>\n\n\n\n<p>L\u2019\u00e9l\u00e9ment majeur du remaniement est moins le changement de t\u00eates que la transformation de l\u2019architecture minist\u00e9rielle. En dissociant les portefeuilles, le gouvernement institue une \u00ab architecture bic\u00e9phale \u00bb visant \u00e0 concentrer moyens et d\u00e9cisions sur deux objectifs distincts mais compl\u00e9mentaires : d\u00e9ployer massivement les renouvelables et valoriser durablement les ressources fossiles et mini\u00e8res. L\u2019id\u00e9e est simple \u2014 r\u00e9duire les frictions administratives d\u2019un minist\u00e8re trop transverse pour acc\u00e9l\u00e9rer la mise en \u0153uvre op\u00e9rationnelle des politiques.<\/p>\n\n\n\n<p>Sous la houlette d\u2019un minist\u00e8re d\u00e9di\u00e9, la priorit\u00e9 est d\u2019augmenter la part des \u00e9nergies d\u00e9carbon\u00e9es : solaire, \u00e9olien, solutions de stockage et digitalisation des r\u00e9seaux pour int\u00e9grer l\u2019intermittence. La feuille de route attendue comprend la mont\u00e9e en capacit\u00e9, l\u2019int\u00e9gration industrielle locale (fabrication de panneaux, turbines, syst\u00e8mes de stockage) et le soutien aux acteurs nationaux \u2014 start-up, PME et centres de R&amp;D \u2014 pour ancrer une cha\u00eene de valeur nationale.<\/p>\n\n\n\n<p>Le choix de Mourad Adjal \u00e0 la t\u00eate du d\u00e9partement \u00c9nergie et \u00c9nergies renouvelables illustre la logique op\u00e9rationnelle du gouvernement : confier la transition \u00e0 un technicien rompu aux r\u00e9alit\u00e9s du r\u00e9seau. Ancien PDG de Sonelgaz, Adjal apporte une exp\u00e9rience concr\u00e8te de l\u2019\u00e9lectrification, de la distribution et de la digitalisation \u2014 des atouts jug\u00e9s essentiels pour acc\u00e9l\u00e9rer la couverture des \u00ab zones d\u2019ombre \u00bb, am\u00e9liorer l\u2019efficacit\u00e9 op\u00e9rationnelle et piloter la mont\u00e9e en charge des capacit\u00e9s renouvelables.<\/p>\n\n\n\n<p>En parall\u00e8le, la cr\u00e9ation d\u2019un minist\u00e8re s\u00e9par\u00e9 pour les hydrocarbures et les mines, d\u00e9sormais dirig\u00e9 par Mohamed Arkab, vise \u00e0 maintenir un cap sur la s\u00e9curisation des revenus et la diversification des fili\u00e8res extractives. Cette s\u00e9paration doit permettre de concilier exploitation responsable, optimisation de la valeur ajout\u00e9e et soutien macro\u00e9conomique \u2014 notamment pour financer la transition \u00e9nerg\u00e9tique.<\/p>\n\n\n\n<p><strong>Attirer les investissements et favoriser la localisation industrielle<\/strong><\/p>\n\n\n\n<p><br>Le d\u00e9coupage minist\u00e9riel est aussi pens\u00e9 pour rendre l\u2019\u00c9tat plus attractif aux investisseurs. Un minist\u00e8re centr\u00e9 sur les renouvelables pourra lancer des dispositifs cibl\u00e9s : partenariats public-priv\u00e9, mesures d\u2019accompagnement pour PME\/start-up, programmes d\u2019incubation et incitations \u00e0 la production locale d\u2019\u00e9quipements. L\u2019objectif affich\u00e9 est de transformer les flux d\u2019investissements en emplois, capacit\u00e9s manufacturi\u00e8res et exportations.<\/p>\n\n\n\n<p>Parmi les chantiers prioritaires : moderniser les syst\u00e8mes de gestion des r\u00e9seaux, num\u00e9riser les op\u00e9rateurs et am\u00e9liorer l\u2019efficacit\u00e9 du service client. Un pilotage sp\u00e9cialis\u00e9 devrait permettre d\u2019agir plus vite sur la r\u00e9duction des pertes, le traitement des r\u00e9clamations et l\u2019int\u00e9gration technique des \u00e9nergies intermittentes, tout en renfor\u00e7ant la r\u00e9silience op\u00e9rationnelle.<\/p>\n\n\n\n<p>La r\u00e9forme met l\u2019accent sur l\u2019acc\u00e8s \u00e9quitable \u00e0 l\u2019\u00e9nergie : couvrir les zones rurales et agricoles, r\u00e9duire les disparit\u00e9s territoriales et s\u00e9curiser l\u2019approvisionnement des activit\u00e9s \u00e9conomiques locales. Ce volet social et territorial est pr\u00e9sent\u00e9 comme indissociable de la r\u00e9ussite technique et industrielle de la transition.<\/p>\n\n\n\n<p>La scission cr\u00e9e des opportunit\u00e9s mais expose aussi \u00e0 des d\u00e9fis : coordination inter-minist\u00e9rielle, clart\u00e9 des responsabilit\u00e9s et fluidit\u00e9 des passerelles sur les sujets transverses (stockage, hydrog\u00e8ne, infrastructures partag\u00e9es). La r\u00e9ussite d\u00e9pendra de la capacit\u00e9 \u00e0 maintenir une gouvernance coh\u00e9rente, \u00e0 attirer des investissements stables dans un contexte de volatilit\u00e9 et \u00e0 traduire les ambitions en jalons mesurables.<\/p>\n\n\n\n<p>Ce r\u00e9arrangement institutionnel se veut un instrument pragmatique pour rendre la strat\u00e9gie \u00e9nerg\u00e9tique plus lisible et plus op\u00e9rationnelle. En misant sur une gouvernance bic\u00e9phale et sur des responsables aux comp\u00e9tences av\u00e9r\u00e9es, l\u2019\u00c9tat cherche \u00e0 acc\u00e9l\u00e9rer la diversification du mix, stimuler la comp\u00e9titivit\u00e9 nationale et b\u00e2tir une trajectoire de croissance plus inclusive et durable. Le vrai test viendra avec les chiffres : capacit\u00e9s additionnelles install\u00e9es, emplois cr\u00e9\u00e9s, fili\u00e8res locales \u00e9tablies et am\u00e9lioration tangible de la r\u00e9silience \u00e9nerg\u00e9tique.<\/p>\n\n\n\n<p>L.R.<\/p>\n\n\n\n<p><\/p>\n","protected":false},"excerpt":{"rendered":"<p>Le dernier remaniement place la strat\u00e9gie \u00e9nerg\u00e9tique au c\u0153ur de l\u2019action publique : en s\u00e9parant \u00c9nergie (renouvelables) et Hydrocarbures &amp; Mines, l\u2019ex\u00e9cutif veut acc\u00e9l\u00e9rer la diversification du mix, sp\u00e9cialiser les \u00e9quipes et mobiliser des comp\u00e9tences \u00e9prouv\u00e9es pour transformer les ambitions en r\u00e9sultats concrets. L\u2019\u00e9l\u00e9ment majeur du remaniement est moins le changement de t\u00eates que la [&hellip;]<\/p>\n","protected":false},"author":3,"featured_media":2900,"comment_status":"open","ping_status":"open","sticky":false,"template":"","format":"standard","meta":{"footnotes":""},"categories":[8],"tags":[],"class_list":{"0":"post-2899","1":"post","2":"type-post","3":"status-publish","4":"format-standard","5":"has-post-thumbnail","7":"category-economie"},"_links":{"self":[{"href":"https:\/\/lequotidien-deconstantine.dz\/index.php?rest_route=\/wp\/v2\/posts\/2899","targetHints":{"allow":["GET"]}}],"collection":[{"href":"https:\/\/lequotidien-deconstantine.dz\/index.php?rest_route=\/wp\/v2\/posts"}],"about":[{"href":"https:\/\/lequotidien-deconstantine.dz\/index.php?rest_route=\/wp\/v2\/types\/post"}],"author":[{"embeddable":true,"href":"https:\/\/lequotidien-deconstantine.dz\/index.php?rest_route=\/wp\/v2\/users\/3"}],"replies":[{"embeddable":true,"href":"https:\/\/lequotidien-deconstantine.dz\/index.php?rest_route=%2Fwp%2Fv2%2Fcomments&post=2899"}],"version-history":[{"count":1,"href":"https:\/\/lequotidien-deconstantine.dz\/index.php?rest_route=\/wp\/v2\/posts\/2899\/revisions"}],"predecessor-version":[{"id":2901,"href":"https:\/\/lequotidien-deconstantine.dz\/index.php?rest_route=\/wp\/v2\/posts\/2899\/revisions\/2901"}],"wp:featuredmedia":[{"embeddable":true,"href":"https:\/\/lequotidien-deconstantine.dz\/index.php?rest_route=\/wp\/v2\/media\/2900"}],"wp:attachment":[{"href":"https:\/\/lequotidien-deconstantine.dz\/index.php?rest_route=%2Fwp%2Fv2%2Fmedia&parent=2899"}],"wp:term":[{"taxonomy":"category","embeddable":true,"href":"https:\/\/lequotidien-deconstantine.dz\/index.php?rest_route=%2Fwp%2Fv2%2Fcategories&post=2899"},{"taxonomy":"post_tag","embeddable":true,"href":"https:\/\/lequotidien-deconstantine.dz\/index.php?rest_route=%2Fwp%2Fv2%2Ftags&post=2899"}],"curies":[{"name":"wp","href":"https:\/\/api.w.org\/{rel}","templated":true}]}}