{"id":2902,"date":"2025-09-17T08:36:30","date_gmt":"2025-09-17T07:36:30","guid":{"rendered":"https:\/\/lequotidien-deconstantine.dz\/?p=2902"},"modified":"2025-09-17T08:36:32","modified_gmt":"2025-09-17T07:36:32","slug":"travaux-publics-djellaoui-trace-sa-route-sans-attendre","status":"publish","type":"post","link":"https:\/\/lequotidien-deconstantine.dz\/?p=2902","title":{"rendered":"Travaux publics\u00a0: Djellaoui trace sa route sans attendre"},"content":{"rendered":"\n<p>\u00c0 peine install\u00e9 \u00e0 la t\u00eate du minist\u00e8re des Travaux publics et des Infrastructures de base, Abdelkader Djellaoui donne d\u00e9j\u00e0 le ton. Lundi 15 septembre, quelques heures seulement apr\u00e8s avoir officiellement pris ses fonctions, le nouveau ministre s\u2019est r\u00e9uni avec ses principaux collaborateurs et responsables des grandes entreprises du secteur. Objectif : passer en revue les projets strat\u00e9giques et \u00e9tablir une feuille de route claire. Cette pr\u00e9cipitation, loin d\u2019\u00eatre anodine, traduit la volont\u00e9 de Djellaoui d\u2019imprimer une cadence soutenue \u00e0 un d\u00e9partement sensible et vital pour le d\u00e9veloppement du pays.<\/p>\n\n\n\n<p><strong>Un homme de terrain, fid\u00e8le \u00e0 sa r\u00e9putation<\/strong><\/p>\n\n\n\n<p>Connu pour son dynamisme et son sens du terrain, Abdelkader Djellaoui n\u2019arrive pas en terrain inconnu. Sa r\u00e9putation s\u2019est forg\u00e9e lors de son passage \u00e0 la wilaya de Annaba, o\u00f9 il a marqu\u00e9 les esprits par une pr\u00e9sence constante sur le terrain. Infatigable, il avait sillonn\u00e9 la Coquette B\u00f4ne de bout en bout, lan\u00e7ant, relan\u00e7ant ou parachevant des projets structurants laiss\u00e9s en suspens. Son approche pragmatique, alliant proximit\u00e9 et efficacit\u00e9, lui avait valu l\u2019estime des citoyens comme des op\u00e9rateurs \u00e9conomiques.<br>Aujourd\u2019hui, \u00e0 la t\u00eate d\u2019un minist\u00e8re aussi strat\u00e9gique que celui des Travaux publics, son style semble se confirmer : agir vite, frapper fort et donner la priorit\u00e9 \u00e0 l\u2019action.<\/p>\n\n\n\n<p><strong>Les grands chantiers strat\u00e9giques sur la table<\/strong><\/p>\n\n\n\n<p>Lors de ses premi\u00e8res r\u00e9unions de travail, Djellaoui a rassembl\u00e9 les directeurs g\u00e9n\u00e9raux du minist\u00e8re, le conseiller charg\u00e9 du suivi des projets ferroviaires ainsi que le directeur g\u00e9n\u00e9ral de l\u2019Alg\u00e9rienne des autoroutes (ADA). Les dossiers abord\u00e9s ne laissaient place \u00e0 aucune ambigu\u00eft\u00e9 : il s\u2019agit des projets les plus strat\u00e9giques et les plus sensibles pour l\u2019avenir du pays.<\/p>\n\n\n\n<p>Au programme figuraient notamment la ligne mini\u00e8re Est-Ouest, essentielle pour l\u2019exploitation et l\u2019exportation des ressources mini\u00e8res ; la ligne ferroviaire Nord-Sud, v\u00e9ritable colonne vert\u00e9brale reliant Alger \u00e0 Tamanrasset et devant d\u00e9senclaver le Grand Sud ; et l\u2019extension du port d\u2019Annaba, porte d\u2019ouverture \u00e9conomique vers la M\u00e9diterran\u00e9e.<\/p>\n\n\n\n<p>Ces projets structurants b\u00e9n\u00e9ficient d\u2019un suivi particulier de la pr\u00e9sidence de la R\u00e9publique, ce qui accentue encore davantage la responsabilit\u00e9 pesant sur le nouveau ministre.<\/p>\n\n\n\n<p><strong>Autoroutes, routes et s\u00e9curit\u00e9 routi\u00e8re : un diagnostic exigeant<\/strong><\/p>\n\n\n\n<p>Autre sujet crucial \u00e9voqu\u00e9 par le ministre : l\u2019\u00e9tat de l\u2019autoroute Est-Ouest, infrastructure embl\u00e9matique mais aussi point n\u00e9vralgique du r\u00e9seau national. Djellaoui a ordonn\u00e9 un diagnostic exhaustif, bas\u00e9 sur les r\u00e9sultats d\u2019expertises techniques men\u00e9es par des bureaux d\u2019\u00e9tudes et laboratoires sp\u00e9cialis\u00e9s. L\u2019objectif est double : assurer l\u2019entretien de l\u2019ouvrage et \u00e9liminer les \u00ab points noirs \u00bb identifi\u00e9s, afin de r\u00e9duire de mani\u00e8re significative les accidents de la route.<\/p>\n\n\n\n<p><strong>Un plan d\u2019action clair et hi\u00e9rarchis\u00e9<\/strong><\/p>\n\n\n\n<p>Conscient des attentes, Djellaoui a exig\u00e9 de ses responsables un <strong>plan d\u2019action clair<\/strong>, structur\u00e9 \u00e0 court et moyen terme, avec des priorit\u00e9s hi\u00e9rarchis\u00e9es et des d\u00e9marches pratiques. Dans un secteur o\u00f9 la moindre inertie se traduit par des retards co\u00fbteux et des impacts \u00e9conomiques lourds, le ministre entend faire de la planification rigoureuse et du suivi constant des chantiers ses principaux leviers.<\/p>\n\n\n\n<p><strong>Relancer les capacit\u00e9s nationales<\/strong><\/p>\n\n\n\n<p>Dans la m\u00eame dynamique, le ministre s\u2019est entretenu avec les dirigeants des entreprises \u00e9conomiques sous tutelle. L\u2019occasion de dresser un \u00e9tat des lieux des capacit\u00e9s nationales en mati\u00e8re d\u2019\u00e9tudes et de r\u00e9alisation, mais aussi de r\u00e9fl\u00e9chir aux voies de relance de ces entreprises, souvent confront\u00e9es \u00e0 des difficult\u00e9s financi\u00e8res et organisationnelles. Djellaoui les a invit\u00e9s \u00e0 formuler des propositions concr\u00e8tes pour renforcer leur efficacit\u00e9 et leur r\u00f4le dans la concr\u00e9tisation des projets structurants.<\/p>\n\n\n\n<p><strong>Un minist\u00e8re sensible, un engagement fort<\/strong><\/p>\n\n\n\n<p>Le minist\u00e8re des Travaux publics est l\u2019un des d\u00e9partements les plus sensibles de l\u2019ex\u00e9cutif. Ses missions touchent directement \u00e0 la vie quotidienne des citoyens et \u00e0 la comp\u00e9titivit\u00e9 \u00e9conomique du pays : routes, autoroutes, chemins de fer, ports. Chaque projet en souffrance, chaque retard accumul\u00e9 a des r\u00e9percussions visibles et mesurables. Abdelkader Djellaoui semble en \u00eatre pleinement conscient, d\u2019o\u00f9 sa volont\u00e9 de donner d\u2019embl\u00e9e une impulsion forte et de rappeler \u00e0 ses collaborateurs la n\u00e9cessit\u00e9 d\u2019une mobilisation sans faille.<\/p>\n\n\n\n<p><strong>Une nouvelle dynamique annonc\u00e9e<\/strong><\/p>\n\n\n\n<p>Ces premi\u00e8res r\u00e9unions, tenues d\u00e8s le soir de sa prise de fonction, ne sont que le pr\u00e9lude \u00e0 un cycle de concertations plus large avec l\u2019ensemble des acteurs du secteur : cadres des structures centrales, organismes sous tutelle et groupes publics. Elles traduisent d\u00e9j\u00e0 la m\u00e9thode Djellaoui : agir vite, cr\u00e9er une dynamique, et imprimer \u00e0 ce d\u00e9partement vital la marque d\u2019un homme de terrain d\u00e9termin\u00e9 \u00e0 aller droit au but.<\/p>\n\n\n\n<p>L.R.<\/p>\n","protected":false},"excerpt":{"rendered":"<p>\u00c0 peine install\u00e9 \u00e0 la t\u00eate du minist\u00e8re des Travaux publics et des Infrastructures de base, Abdelkader Djellaoui donne d\u00e9j\u00e0 le ton. Lundi 15 septembre, quelques heures seulement apr\u00e8s avoir officiellement pris ses fonctions, le nouveau ministre s\u2019est r\u00e9uni avec ses principaux collaborateurs et responsables des grandes entreprises du secteur. Objectif : passer en revue [&hellip;]<\/p>\n","protected":false},"author":3,"featured_media":2903,"comment_status":"open","ping_status":"open","sticky":false,"template":"","format":"standard","meta":{"footnotes":""},"categories":[2],"tags":[],"class_list":{"0":"post-2902","1":"post","2":"type-post","3":"status-publish","4":"format-standard","5":"has-post-thumbnail","7":"category-infos"},"_links":{"self":[{"href":"https:\/\/lequotidien-deconstantine.dz\/index.php?rest_route=\/wp\/v2\/posts\/2902","targetHints":{"allow":["GET"]}}],"collection":[{"href":"https:\/\/lequotidien-deconstantine.dz\/index.php?rest_route=\/wp\/v2\/posts"}],"about":[{"href":"https:\/\/lequotidien-deconstantine.dz\/index.php?rest_route=\/wp\/v2\/types\/post"}],"author":[{"embeddable":true,"href":"https:\/\/lequotidien-deconstantine.dz\/index.php?rest_route=\/wp\/v2\/users\/3"}],"replies":[{"embeddable":true,"href":"https:\/\/lequotidien-deconstantine.dz\/index.php?rest_route=%2Fwp%2Fv2%2Fcomments&post=2902"}],"version-history":[{"count":1,"href":"https:\/\/lequotidien-deconstantine.dz\/index.php?rest_route=\/wp\/v2\/posts\/2902\/revisions"}],"predecessor-version":[{"id":2904,"href":"https:\/\/lequotidien-deconstantine.dz\/index.php?rest_route=\/wp\/v2\/posts\/2902\/revisions\/2904"}],"wp:featuredmedia":[{"embeddable":true,"href":"https:\/\/lequotidien-deconstantine.dz\/index.php?rest_route=\/wp\/v2\/media\/2903"}],"wp:attachment":[{"href":"https:\/\/lequotidien-deconstantine.dz\/index.php?rest_route=%2Fwp%2Fv2%2Fmedia&parent=2902"}],"wp:term":[{"taxonomy":"category","embeddable":true,"href":"https:\/\/lequotidien-deconstantine.dz\/index.php?rest_route=%2Fwp%2Fv2%2Fcategories&post=2902"},{"taxonomy":"post_tag","embeddable":true,"href":"https:\/\/lequotidien-deconstantine.dz\/index.php?rest_route=%2Fwp%2Fv2%2Ftags&post=2902"}],"curies":[{"name":"wp","href":"https:\/\/api.w.org\/{rel}","templated":true}]}}