{"id":2915,"date":"2025-09-18T11:01:25","date_gmt":"2025-09-18T10:01:25","guid":{"rendered":"https:\/\/lequotidien-deconstantine.dz\/?p=2915"},"modified":"2025-09-18T11:01:28","modified_gmt":"2025-09-18T10:01:28","slug":"communication-grands-chantiers-et-reorganisation-au-programme-de-bouamama","status":"publish","type":"post","link":"https:\/\/lequotidien-deconstantine.dz\/?p=2915","title":{"rendered":"Communication : grands chantiers et r\u00e9organisation au programme de Bouamama"},"content":{"rendered":"\n<p>\u00c0 peine install\u00e9 \u00e0 la t\u00eate du minist\u00e8re de la Communication, Zoheir Bouamama donne d\u00e9j\u00e0 le ton. Lors de sa premi\u00e8re r\u00e9union d\u2019orientation avec les cadres de son d\u00e9partement, le nouveau ministre a affich\u00e9 une volont\u00e9 ferme : engager une refonte en profondeur du secteur et ouvrir de grands chantiers strat\u00e9giques. En annon\u00e7ant d\u2019embl\u00e9e la couleur, il imprime son empreinte et marque une rupture avec la gestion ant\u00e9rieure, pla\u00e7ant son mandat sous le signe de la transformation et de l\u2019efficacit\u00e9.<\/p>\n\n\n\n<p><strong>Une \u00ab r\u00e9volution \u00bb annonc\u00e9e d\u00e8s la prise de fonctions<\/strong><\/p>\n\n\n\n<p>D\u00e8s ses premiers mots, Bouamama a employ\u00e9 un vocabulaire fort : il veut \u00ab r\u00e9volutionner \u00bb le secteur de la communication. Cette ambition ne rel\u00e8ve pas du simple discours inaugural ; elle s\u2019accompagne d\u2019une feuille de route pr\u00e9cise. Selon le communiqu\u00e9 du minist\u00e8re, il s\u2019agit de replacer la politique de la communication dans une logique de modernisation, de rigueur et d\u2019adaptation aux d\u00e9fis contemporains, qu\u2019il s\u2019agisse de l\u2019audiovisuel, de la presse \u00e9crite ou des m\u00e9dias num\u00e9riques.<\/p>\n\n\n\n<p>L\u2019un des traits marquants de cette orientation est la volont\u00e9 d\u2019impliquer tous les acteurs : journalistes, \u00e9diteurs, techniciens, acteurs du num\u00e9rique et repr\u00e9sentants syndicaux. Pour Bouamama, la r\u00e9forme ne peut r\u00e9ussir que si elle repose sur la concertation et la participation, afin de refl\u00e9ter les besoins r\u00e9els du terrain et d\u2019assurer l\u2019adh\u00e9sion des professionnels.<\/p>\n\n\n\n<p><strong>La r\u00e9organisation, pierre angulaire de la r\u00e9forme<\/strong><\/p>\n\n\n\n<p>L\u2019empreinte du ministre s\u2019exprime avant tout par son insistance sur une r\u00e9organisation structurelle. Il a soulign\u00e9 la n\u00e9cessit\u00e9 d\u2019un audit organisationnel pour identifier les faiblesses et les redondances dans les \u00e9tablissements publics relevant de son d\u00e9partement. La feuille de route \u00e9voque plusieurs leviers, \u00e0 savoir la red\u00e9finition des missions des organismes publics, avec la possibilit\u00e9 de fusions ou de scissions ; la modernisation de la gouvernance interne, gr\u00e2ce \u00e0 une clarification des responsabilit\u00e9s et \u00e0 un renforcement des outils de pilotage ; et l\u2019introduction de m\u00e9canismes incitatifs favorisant l\u2019innovation et l\u2019initiative individuelle.<\/p>\n\n\n\n<p>En insistant sur cette dimension structurelle, Bouamama cherche \u00e0 laisser son empreinte non seulement sur la politique de communication, mais aussi sur son organisation m\u00eame, afin de la rendre plus performante et plus r\u00e9siliente.<\/p>\n\n\n\n<p><strong>De grands chantiers prioritaires<\/strong><\/p>\n\n\n\n<p>Au-del\u00e0 de la r\u00e9organisation, le ministre a pr\u00e9sent\u00e9 une s\u00e9rie de grands chantiers prioritaires qui traduisent concr\u00e8tement son ambition :<\/p>\n\n\n\n<ul class=\"wp-block-list\">\n<li>Modernisation de l\u2019audiovisuel : am\u00e9lioration des infrastructures techniques, acc\u00e9l\u00e9ration de la diffusion num\u00e9rique et clarification du cadre r\u00e9glementaire.<\/li>\n\n\n\n<li>R\u00e9forme de la presse \u00e9crite et \u00e9lectronique : accompagnement de la transition num\u00e9rique, r\u00e9vision du cadre juridique et fiscal, et soutien \u00e0 des mod\u00e8les \u00e9conomiques viables.<\/li>\n\n\n\n<li>R\u00e9vision des textes r\u00e9glementaires : finalisation rapide des textes en suspens afin de lever les freins administratifs et d\u2019adapter le secteur aux orientations pr\u00e9sidentielles.<\/li>\n\n\n\n<li>Formation et professionnalisation : programmes de mont\u00e9e en comp\u00e9tences pour les journalistes et techniciens, adapt\u00e9s aux exigences du num\u00e9rique et de l\u2019investigation moderne.<\/li>\n\n\n\n<li>Am\u00e9lioration des conditions de travail : prise en compte des besoins sociaux et mat\u00e9riels des agents du secteur afin de cr\u00e9er un climat propice \u00e0 la performance.<\/li>\n\n\n\n<li>Renforcement de la gouvernance et de la transparence : mise en place d\u2019indicateurs de performance, suivi public de l\u2019avancement des r\u00e9formes et dispositifs d\u2019\u00e9valuation r\u00e9guli\u00e8re.<\/li>\n\n\n\n<li>Lutte contre la d\u00e9sinformation : mise en \u0153uvre de r\u00e8gles claires et de m\u00e9canismes de v\u00e9rification adapt\u00e9s au paysage num\u00e9rique.<\/li>\n<\/ul>\n\n\n\n<p>Chacun de ces chantiers refl\u00e8te une approche \u00e0 la fois technique et politique : technique parce qu\u2019il s\u2019agit d\u2019outiller le secteur pour relever les d\u00e9fis modernes, politique parce qu\u2019il r\u00e9pond \u00e0 une volont\u00e9 pr\u00e9sidentielle d\u2019assainissement et de modernisation.<\/p>\n\n\n\n<p><strong>Une m\u00e9thode marqu\u00e9e par l\u2019urgence et la rigueur<\/strong><\/p>\n\n\n\n<p>Ce qui distingue Bouamama, c\u2019est aussi sa m\u00e9thode de travail. Plut\u00f4t que de se limiter aux annonces, il a ordonn\u00e9 la mise en place imm\u00e9diate d\u2019un groupe de travail charg\u00e9 de finaliser les textes r\u00e9glementaires en attente. Ce groupe, compos\u00e9 de cadres et d\u2019experts du minist\u00e8re, pourra recourir \u00e0 des sp\u00e9cialistes externes, preuve que le ministre privil\u00e9gie l\u2019efficacit\u00e9 sur les lourdeurs bureaucratiques.<\/p>\n\n\n\n<p>Il a \u00e9galement insist\u00e9 sur la coordination et la compl\u00e9mentarit\u00e9 entre les directions et services, rappelant que l\u2019efficacit\u00e9 collective d\u00e9pend de la coh\u00e9rence interne. Sa m\u00e9thode repose sur quatre principes : imm\u00e9diatet\u00e9, engagement, esprit d\u2019initiative et sens des responsabilit\u00e9s.<\/p>\n\n\n\n<p><strong>Un message politique et social fort<\/strong><\/p>\n\n\n\n<p>En soulignant que ses actions s\u2019inscrivent dans le cadre des orientations du pr\u00e9sident de la R\u00e9publique, Bouamama situe sa d\u00e9marche dans une logique de continuit\u00e9 institutionnelle. Mais en m\u00eame temps, il lui donne une dimension personnelle : il veut \u00eatre le ministre qui a transform\u00e9 le secteur de la communication et laiss\u00e9 une empreinte durable.<\/p>\n\n\n\n<p>Les r\u00e9formes qu\u2019il propose ne sont pas seulement organisationnelles. Elles r\u00e9pondent \u00e0 des attentes sociales fortes : un acc\u00e8s \u00e0 une information de qualit\u00e9, un pluralisme r\u00e9el, des m\u00e9dias modernes capables de cr\u00e9er des emplois et de s\u00e9curiser les parcours professionnels. C\u2019est l\u00e0 que son empreinte se veut la plus visible : faire du secteur de la communication non seulement un outil d\u2019information, mais aussi un moteur de d\u00e9veloppement et de confiance citoyenne.<\/p>\n\n\n\n<p><strong>Des r\u00e9sultats attendus et mesurables<\/strong><\/p>\n\n\n\n<p>Enfin, pour \u00e9viter que ses annonces ne restent des promesses, Bouamama a affich\u00e9 sa volont\u00e9 d\u2019inscrire la r\u00e9forme dans une logique de r\u00e9sultats. D\u00e9lais de r\u00e9vision des textes, taux de digitalisation des m\u00e9dias, am\u00e9lioration des conditions de travail, indicateurs de performance : tout sera suivi et \u00e9valu\u00e9. Cette exigence de mesure est une marque forte de son empreinte personnelle, traduisant sa volont\u00e9 de donner de la cr\u00e9dibilit\u00e9 \u00e0 ses engagements.<\/p>\n\n\n\n<p><strong>Une empreinte d\u00e9j\u00e0 visible<\/strong><\/p>\n\n\n\n<p>En quelques jours seulement, Zoheir Bouamama a r\u00e9ussi \u00e0 imposer un ton et une m\u00e9thode. Son insistance sur la r\u00e9organisation structurelle, sa volont\u00e9 d\u2019ouvrir de grands chantiers et son appel \u00e0 l\u2019engagement collectif dessinent les contours d\u2019un mandat o\u00f9 la transformation ne sera pas un simple slogan.<\/p>\n\n\n\n<p>D\u2019ores et d\u00e9j\u00e0, le nouveau ministre annonce la couleur : la Communication est appel\u00e9e \u00e0 changer de visage, et il entend bien \u00eatre celui qui conduira cette mutation profonde.<\/p>\n","protected":false},"excerpt":{"rendered":"<p>\u00c0 peine install\u00e9 \u00e0 la t\u00eate du minist\u00e8re de la Communication, Zoheir Bouamama donne d\u00e9j\u00e0 le ton. Lors de sa premi\u00e8re r\u00e9union d\u2019orientation avec les cadres de son d\u00e9partement, le nouveau ministre a affich\u00e9 une volont\u00e9 ferme : engager une refonte en profondeur du secteur et ouvrir de grands chantiers strat\u00e9giques. En annon\u00e7ant d\u2019embl\u00e9e la [&hellip;]<\/p>\n","protected":false},"author":3,"featured_media":2916,"comment_status":"open","ping_status":"open","sticky":false,"template":"","format":"standard","meta":{"footnotes":""},"categories":[2],"tags":[],"class_list":{"0":"post-2915","1":"post","2":"type-post","3":"status-publish","4":"format-standard","5":"has-post-thumbnail","7":"category-infos"},"_links":{"self":[{"href":"https:\/\/lequotidien-deconstantine.dz\/index.php?rest_route=\/wp\/v2\/posts\/2915","targetHints":{"allow":["GET"]}}],"collection":[{"href":"https:\/\/lequotidien-deconstantine.dz\/index.php?rest_route=\/wp\/v2\/posts"}],"about":[{"href":"https:\/\/lequotidien-deconstantine.dz\/index.php?rest_route=\/wp\/v2\/types\/post"}],"author":[{"embeddable":true,"href":"https:\/\/lequotidien-deconstantine.dz\/index.php?rest_route=\/wp\/v2\/users\/3"}],"replies":[{"embeddable":true,"href":"https:\/\/lequotidien-deconstantine.dz\/index.php?rest_route=%2Fwp%2Fv2%2Fcomments&post=2915"}],"version-history":[{"count":1,"href":"https:\/\/lequotidien-deconstantine.dz\/index.php?rest_route=\/wp\/v2\/posts\/2915\/revisions"}],"predecessor-version":[{"id":2917,"href":"https:\/\/lequotidien-deconstantine.dz\/index.php?rest_route=\/wp\/v2\/posts\/2915\/revisions\/2917"}],"wp:featuredmedia":[{"embeddable":true,"href":"https:\/\/lequotidien-deconstantine.dz\/index.php?rest_route=\/wp\/v2\/media\/2916"}],"wp:attachment":[{"href":"https:\/\/lequotidien-deconstantine.dz\/index.php?rest_route=%2Fwp%2Fv2%2Fmedia&parent=2915"}],"wp:term":[{"taxonomy":"category","embeddable":true,"href":"https:\/\/lequotidien-deconstantine.dz\/index.php?rest_route=%2Fwp%2Fv2%2Fcategories&post=2915"},{"taxonomy":"post_tag","embeddable":true,"href":"https:\/\/lequotidien-deconstantine.dz\/index.php?rest_route=%2Fwp%2Fv2%2Ftags&post=2915"}],"curies":[{"name":"wp","href":"https:\/\/api.w.org\/{rel}","templated":true}]}}