{"id":2925,"date":"2025-09-22T08:34:49","date_gmt":"2025-09-22T07:34:49","guid":{"rendered":"https:\/\/lequotidien-deconstantine.dz\/?p=2925"},"modified":"2025-09-22T08:34:51","modified_gmt":"2025-09-22T07:34:51","slug":"constantine-lancement-officiel-de-la-rentree-scolaire-pour-les-enfants-aux-besoins-specifiques","status":"publish","type":"post","link":"https:\/\/lequotidien-deconstantine.dz\/?p=2925","title":{"rendered":"Constantine\u00a0: Lancement officiel de la rentr\u00e9e scolaire pour les enfants aux besoins sp\u00e9cifiques"},"content":{"rendered":"\n<p>Le centre m\u00e9dico-p\u00e9dagogique (CMP) de Didouche Mourad, dans la wilaya de Constantine, a abrit\u00e9 hier, dimanche 21 septembre, la c\u00e9r\u00e9monie officielle de lancement de la rentr\u00e9e scolaire des enfants aux besoins sp\u00e9cifiques. L\u2019\u00e9v\u00e9nement s\u2019est d\u00e9roul\u00e9 en pr\u00e9sence du wali, Abdelkhalak Sayouda, accompagn\u00e9 des autorit\u00e9s locales et des responsables du secteur social et \u00e9ducatif.<\/p>\n\n\n\n<p>Plac\u00e9e sous le signe de l\u2019insertion sociale, cette rentr\u00e9e rev\u00eat une importance particuli\u00e8re. Comme l\u2019a rappel\u00e9 le directeur de l\u2019action sociale de la wilaya, Abdelkader Dehimi, \u00ab rien n\u2019emp\u00eache une personne aux besoins sp\u00e9cifiques d\u2019exceller, voire m\u00eame de d\u00e9passer une personne dite normale \u00bb. Une d\u00e9claration qui renvoie \u00e0 la n\u00e9cessit\u00e9 de repenser la notion de \u00ab normalit\u00e9 \u00bb, souvent utilis\u00e9e pour \u00e9tablir des distinctions qui ne devraient pas exister en mati\u00e8re de droits fondamentaux, et en particulier du droit \u00e0 une \u00e9ducation de qualit\u00e9.<\/p>\n\n\n\n<p>Les sp\u00e9cialistes pr\u00e9sents ont insist\u00e9 sur un constat pr\u00e9occupant : trop de personnes en situation de handicap restent encore confin\u00e9es entre quatre murs, incapables de franchir le seuil de leur maison, faute de dispositifs adapt\u00e9s ou de soutien suffisant. C\u2019est pourquoi l\u2019implication de plusieurs d\u00e9partements minist\u00e9riels est jug\u00e9e indispensable afin de r\u00e9ussir la r\u00e9insertion sociale et d\u2019assurer une prise en charge globale, dont la scolarit\u00e9 constitue un pilier central.<\/p>\n\n\n\n<p>\u00c0 travers ce coup d\u2019envoi symbolique, les autorit\u00e9s locales entendent r\u00e9affirmer leur engagement \u00e0 favoriser l\u2019\u00e9galit\u00e9 des chances et \u00e0 garantir aux enfants aux besoins sp\u00e9cifiques un parcours scolaire digne, vecteur d\u2019int\u00e9gration et d\u2019\u00e9panouissement.<\/p>\n","protected":false},"excerpt":{"rendered":"<p>Le centre m\u00e9dico-p\u00e9dagogique (CMP) de Didouche Mourad, dans la wilaya de Constantine, a abrit\u00e9 hier, dimanche 21 septembre, la c\u00e9r\u00e9monie officielle de lancement de la rentr\u00e9e scolaire des enfants aux besoins sp\u00e9cifiques. L\u2019\u00e9v\u00e9nement s\u2019est d\u00e9roul\u00e9 en pr\u00e9sence du wali, Abdelkhalak Sayouda, accompagn\u00e9 des autorit\u00e9s locales et des responsables du secteur social et \u00e9ducatif. Plac\u00e9e sous [&hellip;]<\/p>\n","protected":false},"author":3,"featured_media":2926,"comment_status":"open","ping_status":"open","sticky":false,"template":"","format":"standard","meta":{"footnotes":""},"categories":[4],"tags":[],"class_list":{"0":"post-2925","1":"post","2":"type-post","3":"status-publish","4":"format-standard","5":"has-post-thumbnail","7":"category-actuest"},"_links":{"self":[{"href":"https:\/\/lequotidien-deconstantine.dz\/index.php?rest_route=\/wp\/v2\/posts\/2925","targetHints":{"allow":["GET"]}}],"collection":[{"href":"https:\/\/lequotidien-deconstantine.dz\/index.php?rest_route=\/wp\/v2\/posts"}],"about":[{"href":"https:\/\/lequotidien-deconstantine.dz\/index.php?rest_route=\/wp\/v2\/types\/post"}],"author":[{"embeddable":true,"href":"https:\/\/lequotidien-deconstantine.dz\/index.php?rest_route=\/wp\/v2\/users\/3"}],"replies":[{"embeddable":true,"href":"https:\/\/lequotidien-deconstantine.dz\/index.php?rest_route=%2Fwp%2Fv2%2Fcomments&post=2925"}],"version-history":[{"count":1,"href":"https:\/\/lequotidien-deconstantine.dz\/index.php?rest_route=\/wp\/v2\/posts\/2925\/revisions"}],"predecessor-version":[{"id":2927,"href":"https:\/\/lequotidien-deconstantine.dz\/index.php?rest_route=\/wp\/v2\/posts\/2925\/revisions\/2927"}],"wp:featuredmedia":[{"embeddable":true,"href":"https:\/\/lequotidien-deconstantine.dz\/index.php?rest_route=\/wp\/v2\/media\/2926"}],"wp:attachment":[{"href":"https:\/\/lequotidien-deconstantine.dz\/index.php?rest_route=%2Fwp%2Fv2%2Fmedia&parent=2925"}],"wp:term":[{"taxonomy":"category","embeddable":true,"href":"https:\/\/lequotidien-deconstantine.dz\/index.php?rest_route=%2Fwp%2Fv2%2Fcategories&post=2925"},{"taxonomy":"post_tag","embeddable":true,"href":"https:\/\/lequotidien-deconstantine.dz\/index.php?rest_route=%2Fwp%2Fv2%2Ftags&post=2925"}],"curies":[{"name":"wp","href":"https:\/\/api.w.org\/{rel}","templated":true}]}}