{"id":2931,"date":"2025-09-22T08:37:27","date_gmt":"2025-09-22T07:37:27","guid":{"rendered":"https:\/\/lequotidien-deconstantine.dz\/?p=2931"},"modified":"2025-09-22T08:37:30","modified_gmt":"2025-09-22T07:37:30","slug":"rentree-scolaire-a-constantine-la-dynamique-saccelere","status":"publish","type":"post","link":"https:\/\/lequotidien-deconstantine.dz\/?p=2931","title":{"rendered":"Rentr\u00e9e scolaire \u00e0 Constantine\u00a0: La dynamique s\u2019acc\u00e9l\u00e8re"},"content":{"rendered":"\n<p>La rentr\u00e9e scolaire 2025-2026 \u00e0 Constantine est marqu\u00e9e par une dynamique soutenue de construction et de mise en service de nouvelles infrastructures \u00e9ducatives avec les autorit\u00e9s locales qui multiplient les inaugurations d\u2019\u00e9coles primaires, de coll\u00e8ges d\u2019enseignement moyen (CEM) et de lyc\u00e9es afin d\u2019offrir aux \u00e9l\u00e8ves un environnement moderne et adapt\u00e9 d\u00e8s le premier jour de classe.<\/p>\n\n\n\n<p>Le premier responsable de la ville, Abdelkhalek Sayouda, a ainsi donn\u00e9 hier le coup d\u2019envoi officiel de cette rentr\u00e9e en inaugurant le nouveau coll\u00e8ge \u201c Miliani Ibrahim \u201d situ\u00e9 \u00e0 l\u2019unit\u00e9 de voisinage n\u00b0 13 du quartier des 1 500 logements AADL dans la circonscription administrative de Ali Mendjeli.<\/p>\n\n\n\n<p>Pour cette rentr\u00e9e, la carte \u00e9ducative de Constantine continue de s&rsquo;enrichir avec l&rsquo;entr\u00e9e en service de nouveaux \u00e9tablissements dans les trois paliers de l&rsquo;enseignement ( \u00e9coles primaires, CEM et lyc\u00e9es ) notamment \u00e0 la nouvelle ville Ali Mendjeli, \u00e0 El Khroub, Constantine et Didouche Mourad. En outre, le wali a \u00e9galement proc\u00e9d\u00e9 \u00e0 la pose de la premi\u00e8re pierre de plusieurs autres projets pour le secteur traduisant clairement la volont\u00e9 des autorit\u00e9s pour optimiser le confort des \u00e9l\u00e8ves et garantir une couverture int\u00e9grale de leurs besoins \u00e9ducatifs.<\/p>\n\n\n\n<p>Par ailleurs, cette nouvelle rentr\u00e9e scolaire \u00e9tait une occasion pour donner le coup d&rsquo;envoi des comp\u00e9titions locales des Olympiades des m\u00e9tiers par le chef de l&rsquo;ex\u00e9cutif local depuis la place du 1 novembre.<\/p>\n\n\n\n<p><strong>300 000 \u00e9l\u00e8ves \u00e0 Constantine<\/strong><\/p>\n\n\n\n<p>Pour rappel, ils \u00e9taient 12 millions d&rsquo;\u00e9l\u00e8ves des trois cycles d&rsquo;enseignement (primaire, moyen et secondaire) \u00e0 avoir rejoint, hier, les bancs de l&rsquo;\u00e9cole \u00e0 travers les 30 milles \u00e9tablissements scolaires \u00e0 l&rsquo;\u00e9chelle nationale dont 300 000 \u00e9l\u00e8ves (gar\u00e7ons et filles) encadr\u00e9s par plus de 17 000 enseignants pour la wilaya de Constantine.<\/p>\n\n\n\n<p>A noter que parall\u00e8lement \u00e0 la rentr\u00e9e, les activit\u00e9s de la semaine de la sant\u00e9 scolaire, lanc\u00e9e par le minist\u00e8re de l\u2019\u00c9ducation nationale, ont d\u00e9but\u00e9 par la pr\u00e9sentation du cours inaugural sur la sant\u00e9 \u00e0 l\u2019\u00e9cole, hygi\u00e8ne et alimentation saine ainsi que l\u2019organisation de nombreuses activit\u00e9s connexes. Plac\u00e9e sous le slogan: \u201c La sant\u00e9 scolaire\u2026 pour un avenir sain et s\u00fbr \u201d, cette campagne qui a commenc\u00e9 hier se poursuivra jusqu\u2019au&nbsp; 25 du mois en cours visant le renforcement de la conscience sanitaire chez les \u00e9l\u00e8ves et leurs parents mais aussi \u00e0 ancrer des comportements sains via des ateliers de sensibilisation et des conf\u00e9rences, avec la participation du minist\u00e8re de la Sant\u00e9 et la contribution de la Commission nationale de pr\u00e9vention et de lutte contre le cancer et du Conseil du renouveau \u00e9conomique alg\u00e9rien (CREA).&nbsp;<\/p>\n\n\n\n<p>Il reste \u00e0 esp\u00e9rer que cet investissement dans les structures s\u2019accompagne d\u2019un progr\u00e8s \u00e9quivalent sur le plan de la qualit\u00e9 p\u00e9dagogique.<\/p>\n\n\n\n<p>Soumeya B.M<\/p>\n","protected":false},"excerpt":{"rendered":"<p>La rentr\u00e9e scolaire 2025-2026 \u00e0 Constantine est marqu\u00e9e par une dynamique soutenue de construction et de mise en service de nouvelles infrastructures \u00e9ducatives avec les autorit\u00e9s locales qui multiplient les inaugurations d\u2019\u00e9coles primaires, de coll\u00e8ges d\u2019enseignement moyen (CEM) et de lyc\u00e9es afin d\u2019offrir aux \u00e9l\u00e8ves un environnement moderne et adapt\u00e9 d\u00e8s le premier jour de [&hellip;]<\/p>\n","protected":false},"author":3,"featured_media":2932,"comment_status":"open","ping_status":"open","sticky":false,"template":"","format":"standard","meta":{"footnotes":""},"categories":[4],"tags":[],"class_list":{"0":"post-2931","1":"post","2":"type-post","3":"status-publish","4":"format-standard","5":"has-post-thumbnail","7":"category-actuest"},"_links":{"self":[{"href":"https:\/\/lequotidien-deconstantine.dz\/index.php?rest_route=\/wp\/v2\/posts\/2931","targetHints":{"allow":["GET"]}}],"collection":[{"href":"https:\/\/lequotidien-deconstantine.dz\/index.php?rest_route=\/wp\/v2\/posts"}],"about":[{"href":"https:\/\/lequotidien-deconstantine.dz\/index.php?rest_route=\/wp\/v2\/types\/post"}],"author":[{"embeddable":true,"href":"https:\/\/lequotidien-deconstantine.dz\/index.php?rest_route=\/wp\/v2\/users\/3"}],"replies":[{"embeddable":true,"href":"https:\/\/lequotidien-deconstantine.dz\/index.php?rest_route=%2Fwp%2Fv2%2Fcomments&post=2931"}],"version-history":[{"count":1,"href":"https:\/\/lequotidien-deconstantine.dz\/index.php?rest_route=\/wp\/v2\/posts\/2931\/revisions"}],"predecessor-version":[{"id":2933,"href":"https:\/\/lequotidien-deconstantine.dz\/index.php?rest_route=\/wp\/v2\/posts\/2931\/revisions\/2933"}],"wp:featuredmedia":[{"embeddable":true,"href":"https:\/\/lequotidien-deconstantine.dz\/index.php?rest_route=\/wp\/v2\/media\/2932"}],"wp:attachment":[{"href":"https:\/\/lequotidien-deconstantine.dz\/index.php?rest_route=%2Fwp%2Fv2%2Fmedia&parent=2931"}],"wp:term":[{"taxonomy":"category","embeddable":true,"href":"https:\/\/lequotidien-deconstantine.dz\/index.php?rest_route=%2Fwp%2Fv2%2Fcategories&post=2931"},{"taxonomy":"post_tag","embeddable":true,"href":"https:\/\/lequotidien-deconstantine.dz\/index.php?rest_route=%2Fwp%2Fv2%2Ftags&post=2931"}],"curies":[{"name":"wp","href":"https:\/\/api.w.org\/{rel}","templated":true}]}}