{"id":2937,"date":"2025-09-22T08:41:44","date_gmt":"2025-09-22T07:41:44","guid":{"rendered":"https:\/\/lequotidien-deconstantine.dz\/?p=2937"},"modified":"2025-09-22T08:41:46","modified_gmt":"2025-09-22T07:41:46","slug":"tebboune-devant-le-conseil-des-ministres-lalgerie-progresse-grace-a-une-gestion-intelligente","status":"publish","type":"post","link":"https:\/\/lequotidien-deconstantine.dz\/?p=2937","title":{"rendered":"Tebboune devant le Conseil des ministres\u00a0: L\u2019Alg\u00e9rie progresse gr\u00e2ce \u00e0 une gestion intelligente"},"content":{"rendered":"\n<p>Le pr\u00e9sident de la R\u00e9publique a assur\u00e9 ce dimanche devant le Conseil des ministres que l\u2019Alg\u00e9rie progresse gr\u00e2ce \u00e0 une gestion intelligente, a indiqu\u00e9 un communiqu\u00e9 de la pr\u00e9sidence sanctionnant cette r\u00e9union.&nbsp;<\/p>\n\n\n\n<p>L\u2019Alg\u00e9rie ne progresse pas par l\u2019aust\u00e9rit\u00e9 mais par une gestion intelligente qui est au c\u0153ur du projet pr\u00e9sidentiel visant \u00e0 nous faire acc\u00e9der au rang des pays \u00e9mergents&nbsp;\u00bb, a indiqu\u00e9 le pr\u00e9sident, ajoutant que son projet vise \u00e0 atteindre un d\u00e9veloppement social et \u00e9conomique.<\/p>\n\n\n\n<p>\u00ab&nbsp;L\u2019Alg\u00e9rie avance gr\u00e2ce aux efforts de ses enfants&nbsp;\u00bb, a t-il encore soulign\u00e9, appelant par ailleurs \u00ab&nbsp;\u00e0 tirer des le\u00e7ons des exp\u00e9riences pass\u00e9es et de progresser avec ce qui en a d\u00e9coul\u00e9 et qui a eu un impact positif sur les citoyens&nbsp;\u00bb.<\/p>\n\n\n\n<p>Tebboune a insist\u00e9 lors de son allocution \u00ab&nbsp;sur la n\u00e9cessit\u00e9 de l\u2019unit\u00e9 des efforts et d\u2019une coordination totale entre les membres de l\u2019\u00e9quipe gouvernementale pour atteindre une r\u00e9silience globale dans tous les secteurs&nbsp;\u00bb.<\/p>\n\n\n\n<p>Il a \u00e9galement soulign\u00e9 aux membres du gouvernement \u00ab\u00a0qu\u2019il est essentiel de gagner en cr\u00e9dibilit\u00e9 aupr\u00e8s de l\u2019opinion publique par des solutions, renfor\u00e7ant ainsi le front int\u00e9rieur\u00a0\u00bb, a rapport\u00e9 le communiqu\u00e9 relay\u00e9 par la t\u00e9l\u00e9vision alg\u00e9rienne.<\/p>\n","protected":false},"excerpt":{"rendered":"<p>Le pr\u00e9sident de la R\u00e9publique a assur\u00e9 ce dimanche devant le Conseil des ministres que l\u2019Alg\u00e9rie progresse gr\u00e2ce \u00e0 une gestion intelligente, a indiqu\u00e9 un communiqu\u00e9 de la pr\u00e9sidence sanctionnant cette r\u00e9union.&nbsp; L\u2019Alg\u00e9rie ne progresse pas par l\u2019aust\u00e9rit\u00e9 mais par une gestion intelligente qui est au c\u0153ur du projet pr\u00e9sidentiel visant \u00e0 nous faire acc\u00e9der [&hellip;]<\/p>\n","protected":false},"author":3,"featured_media":2938,"comment_status":"open","ping_status":"open","sticky":false,"template":"","format":"standard","meta":{"footnotes":""},"categories":[2],"tags":[],"class_list":{"0":"post-2937","1":"post","2":"type-post","3":"status-publish","4":"format-standard","5":"has-post-thumbnail","7":"category-infos"},"_links":{"self":[{"href":"https:\/\/lequotidien-deconstantine.dz\/index.php?rest_route=\/wp\/v2\/posts\/2937","targetHints":{"allow":["GET"]}}],"collection":[{"href":"https:\/\/lequotidien-deconstantine.dz\/index.php?rest_route=\/wp\/v2\/posts"}],"about":[{"href":"https:\/\/lequotidien-deconstantine.dz\/index.php?rest_route=\/wp\/v2\/types\/post"}],"author":[{"embeddable":true,"href":"https:\/\/lequotidien-deconstantine.dz\/index.php?rest_route=\/wp\/v2\/users\/3"}],"replies":[{"embeddable":true,"href":"https:\/\/lequotidien-deconstantine.dz\/index.php?rest_route=%2Fwp%2Fv2%2Fcomments&post=2937"}],"version-history":[{"count":1,"href":"https:\/\/lequotidien-deconstantine.dz\/index.php?rest_route=\/wp\/v2\/posts\/2937\/revisions"}],"predecessor-version":[{"id":2939,"href":"https:\/\/lequotidien-deconstantine.dz\/index.php?rest_route=\/wp\/v2\/posts\/2937\/revisions\/2939"}],"wp:featuredmedia":[{"embeddable":true,"href":"https:\/\/lequotidien-deconstantine.dz\/index.php?rest_route=\/wp\/v2\/media\/2938"}],"wp:attachment":[{"href":"https:\/\/lequotidien-deconstantine.dz\/index.php?rest_route=%2Fwp%2Fv2%2Fmedia&parent=2937"}],"wp:term":[{"taxonomy":"category","embeddable":true,"href":"https:\/\/lequotidien-deconstantine.dz\/index.php?rest_route=%2Fwp%2Fv2%2Fcategories&post=2937"},{"taxonomy":"post_tag","embeddable":true,"href":"https:\/\/lequotidien-deconstantine.dz\/index.php?rest_route=%2Fwp%2Fv2%2Ftags&post=2937"}],"curies":[{"name":"wp","href":"https:\/\/api.w.org\/{rel}","templated":true}]}}