{"id":2965,"date":"2025-09-25T08:59:16","date_gmt":"2025-09-25T07:59:16","guid":{"rendered":"https:\/\/lequotidien-deconstantine.dz\/?p=2965"},"modified":"2025-09-25T08:59:18","modified_gmt":"2025-09-25T07:59:18","slug":"olympiades-des-metiers-2025-ultime-etape-des-eliminatoires-regionales","status":"publish","type":"post","link":"https:\/\/lequotidien-deconstantine.dz\/?p=2965","title":{"rendered":"\u00a0Olympiades des m\u00e9tiers 2025\u00a0: Ultime \u00e9tape des \u00e9liminatoires r\u00e9gionales"},"content":{"rendered":"\n<p>\u201c Ces \u00e9liminatoires r\u00e9gionales des olympiades des m\u00e9tiers demeurent une occasion de mettre en exergue les potentialit\u00e9s des stagiaires en valorisant leurs comp\u00e9tences techniques et leurs savoir-faire \u201d, a d\u00e9clar\u00e9 hier Mme Nassima Arhab, ministre de la Formation et de l&rsquo;Enseignement professionnels depuis la place du 1 novembre au centre-ville de Constantine lors de sa visite de travail dans la capitale de l\u2019Est.<\/p>\n\n\n\n<p>Et d\u2019ajouter qu\u2019il s\u2019agit \u00e9galement d\u2019une opportunit\u00e9 pour ces jeunes de tisser des liens de coop\u00e9ration avec les acteurs \u00e9conomiques soulignant la n\u00e9cessit\u00e9 de favoriser l\u2019\u00e9panouissement de leurs potentiels en encourageant l\u2019esprit d\u2019initiative, le travail ainsi que la cr\u00e9ativit\u00e9.<\/p>\n\n\n\n<p>Pour rappel, les \u00e9liminatoires r\u00e9gionales des Olympiades des m\u00e9tiers 2025 ont d\u00e9but\u00e9, dimanche dernier \u00e0 Constantine et prendront fin aujourd\u2019hui avec plus de 290 candidats en lice pour 42 sp\u00e9cialit\u00e9s venus de 14 wilayas du Nord-Est, \u00e0 savoir :&nbsp; Souk Ahras, Tarf, Annaba, Skikda, T\u00e9bessa, Khenchela, Oum El Bouaghi, Guelma, Constantine, Jijel, Mila, S\u00e9tif, Bordj Bou Arr\u00e9ridj et Batna sous l\u2019\u00e9gide d\u2019un jury compos\u00e9 d\u2019op\u00e9rateurs \u00e9conomiques et d\u2019enseignants du secteur.<\/p>\n\n\n\n<p>Parmi les disciplines figurant au programme, on retrouve la construction m\u00e9tallique, les installations \u00e9lectriques, le froid et la climatisation, le b\u00e9ton arm\u00e9, l\u2019accueil h\u00f4telier mais aussi l&rsquo;\u00e9lectronique et d\u2019autres encore. En outre, les laur\u00e9ats de cette \u00e9tape r\u00e9gionale pourront prendre part \u00e0 l\u2019Olympiade nationale et, pour les meilleurs d\u2019entre eux, les Olympiades africaines des m\u00e9tiers en Zambie pour finir avec les prestigieuses Olympiades mondiales qui auront lieu \u00e0 Shanghai (Chine) en 2026.<\/p>\n\n\n\n<p>Il est clair que cet \u00e9v\u00e9nement ambitionne de rehausser la qualit\u00e9 de la formation, de renforcer l\u2019esprit de comp\u00e9tition en valorisant l\u2019image du secteur de la formation professionnelle comme \u00e9tant dynamique, innovant et essentiel pour l\u2019insertion rapide des jeunes sur le march\u00e9 du travail.&nbsp;<\/p>\n\n\n\n<p><strong>Session de perfectionnement pour les enseignants<\/strong><\/p>\n\n\n\n<p>Accompagn\u00e9e du chef de l&rsquo;ex\u00e9cutif local, Abdelkhalek Sayouda, Mme Arhab s\u2019est rendue notamment \u00e0 l&rsquo;Institut National Sp\u00e9cialis\u00e9 de la Formation Professionnelle (INSFP) Abdelmadjid Zitoune, situ\u00e9 \u00e0 Ali Mendjeli, o\u00f9 elle a d\u00e9couvert plusieurs espaces d\u2019exposition et d\u2019apprentissage. Cet \u00e9tablissement a accueilli une session de perfectionnement destin\u00e9e aux enseignants du secteur centr\u00e9e sur la \u201c d\u00e9marche par comp\u00e9tences \u201d, dans le but de g\u00e9n\u00e9raliser cette approche p\u00e9dagogique et de promouvoir de nouvelles m\u00e9thodes d\u2019enseignement pour renforcer l\u2019efficacit\u00e9 professionnelle.<\/p>\n\n\n\n<p>La ministre a pr\u00e9cis\u00e9 que ce programme s\u2019\u00e9talera sur plusieurs mois afin d\u2019en mesurer l\u2019impact et de recenser les \u00e9ventuelles insuffisances avant le lancement de la session de f\u00e9vrier. Mme Arhab a \u00e9galement visit\u00e9 l\u2019h\u00f4tel El Hussein pour d\u00e9couvrir l\u2019exposition d\u00e9di\u00e9e aux arts culinaires, \u00e0 l\u2019h\u00f4tellerie et aux techniques d\u2019accueil.<\/p>\n\n\n\n<p>&nbsp;&nbsp;&nbsp;&nbsp;&nbsp;&nbsp;&nbsp;&nbsp;&nbsp;&nbsp;&nbsp;&nbsp;&nbsp;&nbsp;&nbsp;&nbsp;&nbsp;&nbsp;&nbsp;&nbsp;&nbsp;&nbsp;&nbsp;&nbsp;&nbsp;&nbsp;&nbsp;&nbsp;&nbsp;&nbsp;&nbsp;&nbsp;&nbsp;&nbsp;&nbsp;&nbsp;&nbsp;&nbsp;&nbsp;&nbsp;&nbsp;&nbsp;&nbsp;&nbsp;&nbsp;&nbsp;&nbsp;&nbsp;&nbsp;&nbsp;&nbsp;&nbsp;&nbsp;&nbsp;&nbsp;&nbsp;&nbsp;&nbsp;&nbsp;&nbsp;&nbsp;&nbsp;&nbsp;&nbsp;&nbsp;&nbsp;&nbsp;&nbsp;&nbsp;&nbsp;&nbsp;&nbsp;&nbsp;&nbsp;&nbsp;&nbsp;&nbsp;&nbsp;&nbsp;&nbsp;&nbsp;&nbsp;&nbsp;&nbsp;&nbsp;&nbsp;&nbsp;&nbsp;&nbsp;&nbsp;&nbsp;&nbsp;&nbsp;&nbsp;&nbsp;&nbsp;&nbsp;&nbsp;&nbsp;&nbsp;&nbsp;&nbsp;&nbsp;&nbsp;&nbsp; Soumeya B.M<\/p>\n","protected":false},"excerpt":{"rendered":"<p>\u201c Ces \u00e9liminatoires r\u00e9gionales des olympiades des m\u00e9tiers demeurent une occasion de mettre en exergue les potentialit\u00e9s des stagiaires en valorisant leurs comp\u00e9tences techniques et leurs savoir-faire \u201d, a d\u00e9clar\u00e9 hier Mme Nassima Arhab, ministre de la Formation et de l&rsquo;Enseignement professionnels depuis la place du 1 novembre au centre-ville de Constantine lors de sa [&hellip;]<\/p>\n","protected":false},"author":3,"featured_media":2966,"comment_status":"open","ping_status":"open","sticky":false,"template":"","format":"standard","meta":{"footnotes":""},"categories":[4],"tags":[],"class_list":{"0":"post-2965","1":"post","2":"type-post","3":"status-publish","4":"format-standard","5":"has-post-thumbnail","7":"category-actuest"},"_links":{"self":[{"href":"https:\/\/lequotidien-deconstantine.dz\/index.php?rest_route=\/wp\/v2\/posts\/2965","targetHints":{"allow":["GET"]}}],"collection":[{"href":"https:\/\/lequotidien-deconstantine.dz\/index.php?rest_route=\/wp\/v2\/posts"}],"about":[{"href":"https:\/\/lequotidien-deconstantine.dz\/index.php?rest_route=\/wp\/v2\/types\/post"}],"author":[{"embeddable":true,"href":"https:\/\/lequotidien-deconstantine.dz\/index.php?rest_route=\/wp\/v2\/users\/3"}],"replies":[{"embeddable":true,"href":"https:\/\/lequotidien-deconstantine.dz\/index.php?rest_route=%2Fwp%2Fv2%2Fcomments&post=2965"}],"version-history":[{"count":1,"href":"https:\/\/lequotidien-deconstantine.dz\/index.php?rest_route=\/wp\/v2\/posts\/2965\/revisions"}],"predecessor-version":[{"id":2967,"href":"https:\/\/lequotidien-deconstantine.dz\/index.php?rest_route=\/wp\/v2\/posts\/2965\/revisions\/2967"}],"wp:featuredmedia":[{"embeddable":true,"href":"https:\/\/lequotidien-deconstantine.dz\/index.php?rest_route=\/wp\/v2\/media\/2966"}],"wp:attachment":[{"href":"https:\/\/lequotidien-deconstantine.dz\/index.php?rest_route=%2Fwp%2Fv2%2Fmedia&parent=2965"}],"wp:term":[{"taxonomy":"category","embeddable":true,"href":"https:\/\/lequotidien-deconstantine.dz\/index.php?rest_route=%2Fwp%2Fv2%2Fcategories&post=2965"},{"taxonomy":"post_tag","embeddable":true,"href":"https:\/\/lequotidien-deconstantine.dz\/index.php?rest_route=%2Fwp%2Fv2%2Ftags&post=2965"}],"curies":[{"name":"wp","href":"https:\/\/api.w.org\/{rel}","templated":true}]}}