{"id":2968,"date":"2025-09-25T09:00:54","date_gmt":"2025-09-25T08:00:54","guid":{"rendered":"https:\/\/lequotidien-deconstantine.dz\/?p=2968"},"modified":"2025-09-25T09:00:56","modified_gmt":"2025-09-25T08:00:56","slug":"6-terroristes-abattus-a-tebessa-chanegriha-salue-une-operation-heroique","status":"publish","type":"post","link":"https:\/\/lequotidien-deconstantine.dz\/?p=2968","title":{"rendered":"6 terroristes abattus \u00e0 T\u00e9bessa\u00a0: Chanegriha salue une op\u00e9ration h\u00e9ro\u00efque"},"content":{"rendered":"\n<p>6 terroristes ont \u00e9t\u00e9 abattus et une quantit\u00e9 importante de munitions et d\u2019autres effets ont \u00e9t\u00e9 r\u00e9cup\u00e9r\u00e9s mardi soir \u00e0 T\u00e9bessa par des d\u00e9tachements de l\u2019Arm\u00e9e nationale populaire (ANP), a indiqu\u00e9 mercredi un communiqu\u00e9 du minist\u00e8re de la D\u00e9fense nationale (MDN).<\/p>\n\n\n\n<p>\u00ab&nbsp;Dans la dynamique des efforts intenses d\u00e9ploy\u00e9s par les diff\u00e9rentes unit\u00e9s de nos Forces arm\u00e9es dans le cadre de la lutte antiterroriste, des d\u00e9tachements de l\u2019ANP ont abattu, durant la nuit d\u2019hier, 23 septembre 2025, six terroristes et r\u00e9cup\u00e9r\u00e9 six pistolets mitrailleurs de type Kalachnikov, ainsi qu\u2019une quantit\u00e9 importante de munitions et d\u2019autres effets, et ce, au niveau de la zone de Tlidjene, secteur militaire de T\u00e9bessa en 5\u00e8me R\u00e9gion militaire&nbsp;\u00bb, a pr\u00e9cis\u00e9 la m\u00eame source.<\/p>\n\n\n\n<p><strong>Courage et de bravoure<\/strong><\/p>\n\n\n\n<p>A cet effet, le G\u00e9n\u00e9ral d\u2019Arm\u00e9e, Sa\u00efd Chanegriha, ministre d\u00e9l\u00e9gu\u00e9 aupr\u00e8s du ministre de la D\u00e9fense nationale, chef d\u2019Etat-major de l\u2019Arm\u00e9e nationale populaire, \u00ab&nbsp;s\u2019est rendu dans la zone de l\u2019op\u00e9ration, o\u00f9 il a inspect\u00e9, en compagnie du G\u00e9n\u00e9ral-Major Noureddine Hambli, Commandant de la 5\u00e8me R\u00e9gion militaire, les unit\u00e9s militaires ayant particip\u00e9 \u00e0 cette op\u00e9ration de qualit\u00e9&nbsp;\u00bb, a ajout\u00e9 le communiqu\u00e9.<\/p>\n\n\n\n<p>Le chef d\u2019Etat-major de l\u2019ANP, s\u2019est adress\u00e9 sur place aux personnels militaires qui ont fait preuve de courage et de bravoure, saluant, en cette m\u00eame occasion, \u00ab&nbsp;cette op\u00e9ration h\u00e9ro\u00efque&nbsp;\u00bb, avant de leur transmettre les salutations et les f\u00e9licitations du pr\u00e9sident de la R\u00e9publique, Abdelmadjid Tebboune, Chef supr\u00eame des Forces arm\u00e9es, ministre de la D\u00e9fense nationale, a relev\u00e9 la m\u00eame source.<\/p>\n\n\n\n<p><strong>Assainir notre pays des r\u00e9sidus des groupuscules terroristes<\/strong><\/p>\n\n\n\n<p>Par la suite, le G\u00e9n\u00e9ral d\u2019Arm\u00e9e \u00ab&nbsp;a prodigu\u00e9 des orientations \u00e0 l\u2019ensemble des personnels, en les exhortant \u00e0 fournir davantage d\u2019efforts afin de pr\u00e9server la s\u00e9curit\u00e9 du pays et des citoyens et \u00e0 poursuivre la lutte contre les r\u00e9sidus des groupuscules terroristes avec d\u00e9termination et fiert\u00e9 envers ce devoir sacr\u00e9&nbsp;\u00bb.<\/p>\n\n\n\n<p>\u00ab&nbsp;Cette op\u00e9ration qui s\u2019ajoute aux diverses op\u00e9rations qualitatives ex\u00e9cut\u00e9es par les diff\u00e9rents d\u00e9tachements de l\u2019ANP dans le cadre de la lutte antiterroriste, r\u00e9it\u00e8re encore une fois, la d\u00e9termination et la r\u00e9solution des unit\u00e9s engag\u00e9es \u00e0 assainir notre pays des r\u00e9sidus des groupuscules terroristes et \u00e0 \u00e9radiquer ce fl\u00e9au de notre territoire nationale&nbsp;\u00bb, conclut le communiqu\u00e9 du MDN.<\/p>\n\n\n\n<p><\/p>\n","protected":false},"excerpt":{"rendered":"<p>6 terroristes ont \u00e9t\u00e9 abattus et une quantit\u00e9 importante de munitions et d\u2019autres effets ont \u00e9t\u00e9 r\u00e9cup\u00e9r\u00e9s mardi soir \u00e0 T\u00e9bessa par des d\u00e9tachements de l\u2019Arm\u00e9e nationale populaire (ANP), a indiqu\u00e9 mercredi un communiqu\u00e9 du minist\u00e8re de la D\u00e9fense nationale (MDN). \u00ab&nbsp;Dans la dynamique des efforts intenses d\u00e9ploy\u00e9s par les diff\u00e9rentes unit\u00e9s de nos Forces [&hellip;]<\/p>\n","protected":false},"author":3,"featured_media":2969,"comment_status":"open","ping_status":"open","sticky":false,"template":"","format":"standard","meta":{"footnotes":""},"categories":[2],"tags":[],"class_list":{"0":"post-2968","1":"post","2":"type-post","3":"status-publish","4":"format-standard","5":"has-post-thumbnail","7":"category-infos"},"_links":{"self":[{"href":"https:\/\/lequotidien-deconstantine.dz\/index.php?rest_route=\/wp\/v2\/posts\/2968","targetHints":{"allow":["GET"]}}],"collection":[{"href":"https:\/\/lequotidien-deconstantine.dz\/index.php?rest_route=\/wp\/v2\/posts"}],"about":[{"href":"https:\/\/lequotidien-deconstantine.dz\/index.php?rest_route=\/wp\/v2\/types\/post"}],"author":[{"embeddable":true,"href":"https:\/\/lequotidien-deconstantine.dz\/index.php?rest_route=\/wp\/v2\/users\/3"}],"replies":[{"embeddable":true,"href":"https:\/\/lequotidien-deconstantine.dz\/index.php?rest_route=%2Fwp%2Fv2%2Fcomments&post=2968"}],"version-history":[{"count":1,"href":"https:\/\/lequotidien-deconstantine.dz\/index.php?rest_route=\/wp\/v2\/posts\/2968\/revisions"}],"predecessor-version":[{"id":2970,"href":"https:\/\/lequotidien-deconstantine.dz\/index.php?rest_route=\/wp\/v2\/posts\/2968\/revisions\/2970"}],"wp:featuredmedia":[{"embeddable":true,"href":"https:\/\/lequotidien-deconstantine.dz\/index.php?rest_route=\/wp\/v2\/media\/2969"}],"wp:attachment":[{"href":"https:\/\/lequotidien-deconstantine.dz\/index.php?rest_route=%2Fwp%2Fv2%2Fmedia&parent=2968"}],"wp:term":[{"taxonomy":"category","embeddable":true,"href":"https:\/\/lequotidien-deconstantine.dz\/index.php?rest_route=%2Fwp%2Fv2%2Fcategories&post=2968"},{"taxonomy":"post_tag","embeddable":true,"href":"https:\/\/lequotidien-deconstantine.dz\/index.php?rest_route=%2Fwp%2Fv2%2Ftags&post=2968"}],"curies":[{"name":"wp","href":"https:\/\/api.w.org\/{rel}","templated":true}]}}