{"id":2974,"date":"2025-09-27T08:14:30","date_gmt":"2025-09-27T07:14:30","guid":{"rendered":"https:\/\/lequotidien-deconstantine.dz\/?p=2974"},"modified":"2025-09-27T08:14:32","modified_gmt":"2025-09-27T07:14:32","slug":"le-president-annonce-de-nouvelles-augmentations-de-salaires","status":"publish","type":"post","link":"https:\/\/lequotidien-deconstantine.dz\/?p=2974","title":{"rendered":"Le Pr\u00e9sident annonce de nouvelles augmentations de salaires"},"content":{"rendered":"\n<p>Le pr\u00e9sident Abdelmadjid Tebboune a annonc\u00e9 vendredi de nouvelles augmentations des salaires, de l\u2019allocation ch\u00f4mage et des bourses des \u00e9tudiants \u00e0 partir de 2026.&nbsp;<\/p>\n\n\n\n<p>Le pr\u00e9sident de la R\u00e9publique, Abdelmadjid Tebboune, a annonc\u00e9 vendredi de nouvelles augmentations des salaires, de l\u2019allocation ch\u00f4mage et des bourses des \u00e9tudiants , qui seront appliqu\u00e9es \u00e0 partir de 2026. Ces revalorisations pourraient aussi toucher les pensions de retraite, en fonction des moyens de l\u2019\u00c9tat.<\/p>\n\n\n\n<p>Lors de son entrevue p\u00e9riodique avec les m\u00e9dias, diffus\u00e9e vendredi soir sur les cha\u00eenes de t\u00e9l\u00e9vision et de radio nationales, le pr\u00e9sident a abord\u00e9 le volet relatif au renforcement des acquis sociaux, affirmant \u00e0 ce propos qu\u2019il <em>\u00ab&nbsp;demeure attach\u00e9 aux engagements qu\u2019il a pris envers le peuple alg\u00e9rien&nbsp;\u00bb. \u00ab&nbsp;La distinction entre promesses et engagements est claire. Mes engagements sont consign\u00e9s par \u00e9crit et seront appliqu\u00e9s&nbsp;\u00bb<\/em>, a-t-il soutenu.<\/p>\n\n\n\n<p>\u00c0 ce sujet, il a pr\u00e9cis\u00e9 : <em>\u00ab&nbsp;J\u2019avais pris l\u2019engagement de proc\u00e9der, \u00e0 partir de 2026, \u00e0 une r\u00e9vision des augmentations des salaires ainsi que de la bourse des \u00e9tudiants et de l\u2019allocation ch\u00f4mage, des revalorisations qui pourraient \u00e9galement inclure les pensions de retraite, en fonction des moyens de l\u2019\u00c9tat&nbsp;\u00bb.<\/em><\/p>\n\n\n\n<p>Insistant sur la port\u00e9e sociale de ces mesures, le chef de l\u2019\u00c9tat a affirm\u00e9 que<em> \u00ab&nbsp;l\u2019objectif de toutes ces mesures est d\u2019am\u00e9liorer le pouvoir d\u2019achat de nos concitoyens, une am\u00e9lioration que les Alg\u00e9riens per\u00e7oivent d\u00e9j\u00e0&nbsp;\u00bb.<\/em> Il a soulign\u00e9 que la r\u00e9alisation de cet objectif <em>\u00ab&nbsp;s\u2019inscrit dans le cadre du travail quotidien men\u00e9 avec le Premier ministre et les membres du Gouvernement&nbsp;\u00bb.<\/em><\/p>\n\n\n\n<p><\/p>\n","protected":false},"excerpt":{"rendered":"<p>Le pr\u00e9sident Abdelmadjid Tebboune a annonc\u00e9 vendredi de nouvelles augmentations des salaires, de l\u2019allocation ch\u00f4mage et des bourses des \u00e9tudiants \u00e0 partir de 2026.&nbsp; Le pr\u00e9sident de la R\u00e9publique, Abdelmadjid Tebboune, a annonc\u00e9 vendredi de nouvelles augmentations des salaires, de l\u2019allocation ch\u00f4mage et des bourses des \u00e9tudiants , qui seront appliqu\u00e9es \u00e0 partir de 2026. [&hellip;]<\/p>\n","protected":false},"author":3,"featured_media":2975,"comment_status":"open","ping_status":"open","sticky":false,"template":"","format":"standard","meta":{"footnotes":""},"categories":[2],"tags":[],"class_list":{"0":"post-2974","1":"post","2":"type-post","3":"status-publish","4":"format-standard","5":"has-post-thumbnail","7":"category-infos"},"_links":{"self":[{"href":"https:\/\/lequotidien-deconstantine.dz\/index.php?rest_route=\/wp\/v2\/posts\/2974","targetHints":{"allow":["GET"]}}],"collection":[{"href":"https:\/\/lequotidien-deconstantine.dz\/index.php?rest_route=\/wp\/v2\/posts"}],"about":[{"href":"https:\/\/lequotidien-deconstantine.dz\/index.php?rest_route=\/wp\/v2\/types\/post"}],"author":[{"embeddable":true,"href":"https:\/\/lequotidien-deconstantine.dz\/index.php?rest_route=\/wp\/v2\/users\/3"}],"replies":[{"embeddable":true,"href":"https:\/\/lequotidien-deconstantine.dz\/index.php?rest_route=%2Fwp%2Fv2%2Fcomments&post=2974"}],"version-history":[{"count":1,"href":"https:\/\/lequotidien-deconstantine.dz\/index.php?rest_route=\/wp\/v2\/posts\/2974\/revisions"}],"predecessor-version":[{"id":2976,"href":"https:\/\/lequotidien-deconstantine.dz\/index.php?rest_route=\/wp\/v2\/posts\/2974\/revisions\/2976"}],"wp:featuredmedia":[{"embeddable":true,"href":"https:\/\/lequotidien-deconstantine.dz\/index.php?rest_route=\/wp\/v2\/media\/2975"}],"wp:attachment":[{"href":"https:\/\/lequotidien-deconstantine.dz\/index.php?rest_route=%2Fwp%2Fv2%2Fmedia&parent=2974"}],"wp:term":[{"taxonomy":"category","embeddable":true,"href":"https:\/\/lequotidien-deconstantine.dz\/index.php?rest_route=%2Fwp%2Fv2%2Fcategories&post=2974"},{"taxonomy":"post_tag","embeddable":true,"href":"https:\/\/lequotidien-deconstantine.dz\/index.php?rest_route=%2Fwp%2Fv2%2Ftags&post=2974"}],"curies":[{"name":"wp","href":"https:\/\/api.w.org\/{rel}","templated":true}]}}