{"id":2977,"date":"2025-09-28T07:36:38","date_gmt":"2025-09-28T06:36:38","guid":{"rendered":"https:\/\/lequotidien-deconstantine.dz\/?p=2977"},"modified":"2025-09-28T07:36:41","modified_gmt":"2025-09-28T06:36:41","slug":"constantine-au-chevet-de-ses-legendes-vivantes","status":"publish","type":"post","link":"https:\/\/lequotidien-deconstantine.dz\/?p=2977","title":{"rendered":"Constantine au chevet de ses l\u00e9gendes vivantes"},"content":{"rendered":"\n<p>Trois artistes constantinois et pas des moindres connaissent des couacs de sant\u00e9. Ahmed Aouabdia, Ahmed Harkati et Selim Fergani n\u00e9cessitent, de par leurs parcours artistiques, une prise en charge et aussi des pri\u00e8res pour qu\u2019ils aillent mieux. Les autorit\u00e9s locales sont mobilis\u00e9es \u00e0 ce sujet.<\/p>\n\n\n\n<p>En effet, le wali de Constantine, M. Abdelkhalak Sayouda, a rendu ce week-end une visite de courtoisie et de r\u00e9confort au domicile du ma\u00eetre du malouf, Ahmed Aouabdia, afin de s\u2019enqu\u00e9rir de son \u00e9tat de sant\u00e9. Ce geste de proximit\u00e9 a \u00e9t\u00e9 suivi d\u2019une d\u00e9cision imm\u00e9diate de prise en charge m\u00e9dicale : l\u2019artiste a \u00e9t\u00e9 transf\u00e9r\u00e9 sans d\u00e9lai vers l\u2019h\u00f4pital militaire r\u00e9gional, o\u00f9 il a re\u00e7u les premiers soins d\u2019urgence. Constatant la n\u00e9cessit\u00e9 d\u2019une intervention chirurgicale \u00e0 l\u2019\u00e9tranger, le wali, en concertation avec la ministre de la Culture et des Arts, a entam\u00e9 les d\u00e9marches officielles aupr\u00e8s du minist\u00e8re du Travail et de la S\u00e9curit\u00e9 sociale pour garantir la couverture compl\u00e8te des frais de soins \u00e0 l\u2019international.<\/p>\n\n\n\n<p>\u00c0 travers cette initiative, les autorit\u00e9s locales ont tenu \u00e0 rappeler la valeur artistique et patrimoniale d\u2019Ahmed Aouabdia, consid\u00e9r\u00e9 comme l\u2019une des grandes voix du malouf constantinois. Son parcours exceptionnel et sa contribution majeure \u00e0 la pr\u00e9servation de ce patrimoine musical lui valent aujourd\u2019hui un hommage vibrant, au-del\u00e0 des cercles culturels.<\/p>\n\n\n\n<p>Dans le m\u00eame \u00e9lan de solidarit\u00e9, le wali a exprim\u00e9 toute sa compassion \u00e0 l\u2019\u00e9gard d\u2019un autre artiste constantinois, Ahmed Harkati, hospitalis\u00e9 en urgence au CHU de Constantine et actuellement en soins intensifs. Il a tenu \u00e0 souligner que son \u00e9tat de sant\u00e9 faisait l\u2019objet d\u2019un suivi attentif et que les autorit\u00e9s locales accompagnaient de pr\u00e8s son dossier m\u00e9dical.<\/p>\n\n\n\n<p>Par ces gestes forts, le wali a voulu adresser un signal clair : les artistes de Constantine, v\u00e9ritables gardiens d\u2019un h\u00e9ritage immat\u00e9riel unique, occupent une place privil\u00e9gi\u00e9e dans le c\u0153ur des institutions locales. Leur r\u00f4le dans la vitalit\u00e9 culturelle de la capitale du malouf est per\u00e7u comme essentiel, et leur bien-\u00eatre constitue d\u00e9sormais une priorit\u00e9 affirm\u00e9e.<\/p>\n\n\n\n<p>D\u2019autre part, on apprend que, le ma\u00eetre du malouf constantinois Salim Fergani a des soucis de sant\u00e9 et il passe par des moments difficiles, Prions pour lui pour un r\u00e9tablissent rapide. Sur sa page Facebook, le fils du maitre spirituel du malouf Constantinois, Mohamed Tahar Fergani remercient tous ceux qui s\u2019inqui\u00e8tent pour son \u00e9tat de sant\u00e9 et tout en rassurant, esp\u00e8re une attention de la part des autorit\u00e9s du pays. &nbsp;<br><br><\/p>\n\n\n\n<p>Cheikh Salim Fergani est un chanteur et joueur de oud alg\u00e9rien. Il est interpr\u00e8te de la musique\u00a0malouf\u00a0arabo-andalouse et a enregistr\u00e9 de nombreux disques pour le label\u00a0Pneuma d&rsquo;Eduardo Paniaqua.<\/p>\n\n\n\n<p><\/p>\n","protected":false},"excerpt":{"rendered":"<p>Trois artistes constantinois et pas des moindres connaissent des couacs de sant\u00e9. Ahmed Aouabdia, Ahmed Harkati et Selim Fergani n\u00e9cessitent, de par leurs parcours artistiques, une prise en charge et aussi des pri\u00e8res pour qu\u2019ils aillent mieux. Les autorit\u00e9s locales sont mobilis\u00e9es \u00e0 ce sujet. En effet, le wali de Constantine, M. Abdelkhalak Sayouda, a [&hellip;]<\/p>\n","protected":false},"author":3,"featured_media":2978,"comment_status":"open","ping_status":"open","sticky":false,"template":"","format":"standard","meta":{"footnotes":""},"categories":[5],"tags":[],"class_list":{"0":"post-2977","1":"post","2":"type-post","3":"status-publish","4":"format-standard","5":"has-post-thumbnail","7":"category-culture"},"_links":{"self":[{"href":"https:\/\/lequotidien-deconstantine.dz\/index.php?rest_route=\/wp\/v2\/posts\/2977","targetHints":{"allow":["GET"]}}],"collection":[{"href":"https:\/\/lequotidien-deconstantine.dz\/index.php?rest_route=\/wp\/v2\/posts"}],"about":[{"href":"https:\/\/lequotidien-deconstantine.dz\/index.php?rest_route=\/wp\/v2\/types\/post"}],"author":[{"embeddable":true,"href":"https:\/\/lequotidien-deconstantine.dz\/index.php?rest_route=\/wp\/v2\/users\/3"}],"replies":[{"embeddable":true,"href":"https:\/\/lequotidien-deconstantine.dz\/index.php?rest_route=%2Fwp%2Fv2%2Fcomments&post=2977"}],"version-history":[{"count":1,"href":"https:\/\/lequotidien-deconstantine.dz\/index.php?rest_route=\/wp\/v2\/posts\/2977\/revisions"}],"predecessor-version":[{"id":2979,"href":"https:\/\/lequotidien-deconstantine.dz\/index.php?rest_route=\/wp\/v2\/posts\/2977\/revisions\/2979"}],"wp:featuredmedia":[{"embeddable":true,"href":"https:\/\/lequotidien-deconstantine.dz\/index.php?rest_route=\/wp\/v2\/media\/2978"}],"wp:attachment":[{"href":"https:\/\/lequotidien-deconstantine.dz\/index.php?rest_route=%2Fwp%2Fv2%2Fmedia&parent=2977"}],"wp:term":[{"taxonomy":"category","embeddable":true,"href":"https:\/\/lequotidien-deconstantine.dz\/index.php?rest_route=%2Fwp%2Fv2%2Fcategories&post=2977"},{"taxonomy":"post_tag","embeddable":true,"href":"https:\/\/lequotidien-deconstantine.dz\/index.php?rest_route=%2Fwp%2Fv2%2Ftags&post=2977"}],"curies":[{"name":"wp","href":"https:\/\/api.w.org\/{rel}","templated":true}]}}