{"id":2983,"date":"2025-09-29T07:54:32","date_gmt":"2025-09-29T06:54:32","guid":{"rendered":"https:\/\/lequotidien-deconstantine.dz\/?p=2983"},"modified":"2025-09-29T07:54:34","modified_gmt":"2025-09-29T06:54:34","slug":"constantine-mise-sur-lalliance-du-savoir-et-du-sport","status":"publish","type":"post","link":"https:\/\/lequotidien-deconstantine.dz\/?p=2983","title":{"rendered":"Constantine mise sur l\u2019alliance du savoir et du sport"},"content":{"rendered":"\n<p>Le coup d\u2019envoi d\u2019une nouvelle \u00e8re pour le sport scolaire a \u00e9t\u00e9 donn\u00e9 ce week-end \u00e0 Constantine, avec l\u2019inauguration officielle du lyc\u00e9e sportif r\u00e9gional du p\u00f4le Abdelhamid Dama\u00e8che. La c\u00e9r\u00e9monie a \u00e9t\u00e9 pr\u00e9sid\u00e9e par le wali, Abdelkhaleq Sayouda, en pr\u00e9sence de hauts responsables du minist\u00e8re de la Jeunesse et des Sports, du directeur du lyc\u00e9e sportif national et des autorit\u00e9s locales.<\/p>\n\n\n\n<p>Ce nouvel \u00e9tablissement, con\u00e7u comme un mod\u00e8le, allie formation acad\u00e9mique de haut niveau et encadrement sportif sp\u00e9cialis\u00e9. Ses infrastructures modernes comprennent des salles de cours \u00e9quip\u00e9es, des laboratoires, des espaces sportifs adapt\u00e9s \u00e0 plusieurs disciplines ainsi qu\u2019un internat. L\u2019objectif est clair : offrir aux jeunes talents un cadre id\u00e9al pour concilier \u00e9tudes et pratique sportive de haut niveau.<\/p>\n\n\n\n<p><strong>Un outil strat\u00e9gique pour le sport alg\u00e9rien<\/strong><\/p>\n\n\n\n<p>\u00c0 travers cette r\u00e9alisation, l\u2019\u00c9tat confirme sa volont\u00e9 d\u2019investir dans le potentiel de la jeunesse et de b\u00e2tir une g\u00e9n\u00e9ration capable de porter haut les couleurs de l\u2019Alg\u00e9rie, tant sur le plan scientifique que sportif.<br>Ce lyc\u00e9e s\u2019inscrit dans la politique nationale visant \u00e0 d\u00e9centraliser l\u2019excellence sportive : d\u2019autres \u00e9tablissements similaires ont \u00e9t\u00e9 programm\u00e9s \u00e0 travers le pays, afin de d\u00e9tecter et former les \u00ab p\u00e9pites \u00bb d\u00e8s le milieu scolaire.<\/p>\n\n\n\n<p>Selon les chiffres du minist\u00e8re de la Jeunesse et des Sports, l\u2019Alg\u00e9rie consacre une part croissante de son budget \u00e0 l\u2019encouragement de la pratique sportive chez les jeunes, avec la cr\u00e9ation de structures r\u00e9gionales sp\u00e9cialis\u00e9es, la modernisation des \u00e9quipements scolaires et le renforcement des partenariats entre les secteurs de l\u2019\u00e9ducation, de la sant\u00e9 et du sport.<\/p>\n\n\n\n<p><strong>Former des champions sans sacrifier les \u00e9tudes<\/strong><\/p>\n\n\n\n<p>Lors de sa visite des lieux, le wali a insist\u00e9 sur \u00ab la n\u00e9cessit\u00e9 d\u2019accompagner les \u00e9l\u00e8ves sur les deux plans, acad\u00e9mique et sportif, afin de garantir une formation \u00e9quilibr\u00e9e \u00bb. Il a \u00e9galement salu\u00e9 la synergie entre les diff\u00e9rents secteurs qui a permis la concr\u00e9tisation de ce projet.<\/p>\n\n\n\n<p>De leur c\u00f4t\u00e9, les premiers \u00e9l\u00e8ves inscrits ont exprim\u00e9 leur enthousiasme. \u00ab Nous avons aujourd\u2019hui l\u2019opportunit\u00e9 de progresser dans nos disciplines sportives sans craindre de compromettre notre parcours scolaire \u00bb, t\u00e9moigne un jeune athl\u00e8te.<\/p>\n\n\n\n<p>Ce lyc\u00e9e r\u00e9gional de Constantine vient donc renforcer une dynamique nationale qui place l\u2019\u00e9cole au c\u0153ur de la strat\u00e9gie sportive de l\u2019Alg\u00e9rie, avec l\u2019ambition d\u2019\u00e9riger une v\u00e9ritable \u00e9lite capable de briller demain sur les sc\u00e8nes continentale et internationale.<\/p>\n\n\n\n<p>S.B.<\/p>\n","protected":false},"excerpt":{"rendered":"<p>Le coup d\u2019envoi d\u2019une nouvelle \u00e8re pour le sport scolaire a \u00e9t\u00e9 donn\u00e9 ce week-end \u00e0 Constantine, avec l\u2019inauguration officielle du lyc\u00e9e sportif r\u00e9gional du p\u00f4le Abdelhamid Dama\u00e8che. La c\u00e9r\u00e9monie a \u00e9t\u00e9 pr\u00e9sid\u00e9e par le wali, Abdelkhaleq Sayouda, en pr\u00e9sence de hauts responsables du minist\u00e8re de la Jeunesse et des Sports, du directeur du lyc\u00e9e [&hellip;]<\/p>\n","protected":false},"author":3,"featured_media":2984,"comment_status":"open","ping_status":"open","sticky":false,"template":"","format":"standard","meta":{"footnotes":""},"categories":[4,9],"tags":[],"class_list":{"0":"post-2983","1":"post","2":"type-post","3":"status-publish","4":"format-standard","5":"has-post-thumbnail","7":"category-actuest","8":"category-sport"},"_links":{"self":[{"href":"https:\/\/lequotidien-deconstantine.dz\/index.php?rest_route=\/wp\/v2\/posts\/2983","targetHints":{"allow":["GET"]}}],"collection":[{"href":"https:\/\/lequotidien-deconstantine.dz\/index.php?rest_route=\/wp\/v2\/posts"}],"about":[{"href":"https:\/\/lequotidien-deconstantine.dz\/index.php?rest_route=\/wp\/v2\/types\/post"}],"author":[{"embeddable":true,"href":"https:\/\/lequotidien-deconstantine.dz\/index.php?rest_route=\/wp\/v2\/users\/3"}],"replies":[{"embeddable":true,"href":"https:\/\/lequotidien-deconstantine.dz\/index.php?rest_route=%2Fwp%2Fv2%2Fcomments&post=2983"}],"version-history":[{"count":1,"href":"https:\/\/lequotidien-deconstantine.dz\/index.php?rest_route=\/wp\/v2\/posts\/2983\/revisions"}],"predecessor-version":[{"id":2985,"href":"https:\/\/lequotidien-deconstantine.dz\/index.php?rest_route=\/wp\/v2\/posts\/2983\/revisions\/2985"}],"wp:featuredmedia":[{"embeddable":true,"href":"https:\/\/lequotidien-deconstantine.dz\/index.php?rest_route=\/wp\/v2\/media\/2984"}],"wp:attachment":[{"href":"https:\/\/lequotidien-deconstantine.dz\/index.php?rest_route=%2Fwp%2Fv2%2Fmedia&parent=2983"}],"wp:term":[{"taxonomy":"category","embeddable":true,"href":"https:\/\/lequotidien-deconstantine.dz\/index.php?rest_route=%2Fwp%2Fv2%2Fcategories&post=2983"},{"taxonomy":"post_tag","embeddable":true,"href":"https:\/\/lequotidien-deconstantine.dz\/index.php?rest_route=%2Fwp%2Fv2%2Ftags&post=2983"}],"curies":[{"name":"wp","href":"https:\/\/api.w.org\/{rel}","templated":true}]}}