{"id":2989,"date":"2025-09-30T07:45:00","date_gmt":"2025-09-30T06:45:00","guid":{"rendered":"https:\/\/lequotidien-deconstantine.dz\/?p=2989"},"modified":"2025-09-30T07:45:02","modified_gmt":"2025-09-30T06:45:02","slug":"le-ministre-de-lagriculture-a-constantine-lheure-est-a-la-modernisation-du-secteur","status":"publish","type":"post","link":"https:\/\/lequotidien-deconstantine.dz\/?p=2989","title":{"rendered":"Le ministre de l&rsquo;agriculture \u00e0 Constantine\u00a0: L\u2019heure est \u00e0 la modernisation du secteur"},"content":{"rendered":"\n<p>\u201c Pour relever les d\u00e9fis actuels, le secteur est appel\u00e9 \u00e0 entreprendre une r\u00e9volution en profondeur, fond\u00e9e sur le savoir, les technologies modernes et la mobilisation des jeunes comp\u00e9tences \u201d, a d\u00e9clar\u00e9 hier le ministre de l&rsquo;Agriculture, du D\u00e9veloppement rural et de la P\u00eache, Yacine El-Mahdi Oualid, durant les travaux du 6? Forum national pour le d\u00e9veloppement des cultures c\u00e9r\u00e9ali\u00e8res d\u2019hiver qui s\u2019est tenu \u00e0 la Maison de la culture Malek Haddad de Constantine.&nbsp;<\/p>\n\n\n\n<p>Et de souligner que le secteur agricole doit relever un d\u00e9fi de taille en conjuguant rendement et utilisation rationnelle des ressources, une ambition qui ne peut se concr\u00e9tiser qu\u2019\u00e0 travers une modernisation profonde, une appropriation des mod\u00e8les performants \u00e0 l\u2019\u00e9chelle mondiale mais aussi un pari r\u00e9solu sur le capital humain.<\/p>\n\n\n\n<p>Le premier responsable du secteur agricole a annonc\u00e9 que la conf\u00e9rence nationale sur l\u2019agriculture, programm\u00e9e pour la fin octobre prochain, sera l\u2019occasion de red\u00e9finir les perspectives du secteur en Alg\u00e9rie et d\u2019\u00e9valuer l\u2019efficacit\u00e9 des programmes engag\u00e9s jusqu\u2019\u00e0 pr\u00e9sent.<\/p>\n\n\n\n<p>Lors de son allocution, le ministre a salu\u00e9 les r\u00e9sultats exceptionnels obtenus cette ann\u00e9e \u00e0 Constantine en mati\u00e8re de production c\u00e9r\u00e9ali\u00e8re la pla\u00e7ant parmi les p\u00f4les agricoles majeurs du pays. Il a \u00e9galement tenu \u00e0 mettre \u00e0 l\u2019honneur l\u2019ensemble des agriculteurs qui y ont contribu\u00e9, malgr\u00e9 les nombreuses contraintes auxquelles ils ont \u00e9t\u00e9 confront\u00e9s, rappelant que ces performances s\u2019inscrivent dans l\u2019objectif strat\u00e9gique de renforcer la s\u00e9curit\u00e9 alimentaire nationale.&nbsp;<\/p>\n\n\n\n<p><strong>Accompagnement des agriculteurs et des investisseurs<\/strong><\/p>\n\n\n\n<p>En outre, M. Yacine El-Mahdi Oualid a \u00e9galement point\u00e9 du doigt les lacunes qui persistent dans les relations entre son d\u00e9partement, les agriculteurs et les investisseurs, soulignant la n\u00e9cessit\u00e9 de lever ce mur. Il a assur\u00e9 que des mesures concr\u00e8tes seront engag\u00e9es afin de renforcer le dialogue, rapprocher les acteurs du secteur et instaurer un climat propice \u00e0 l\u2019investissement et \u00e0 la modernisation de l\u2019agriculture.<\/p>\n\n\n\n<p>Et d&rsquo;insister sur la n\u00e9cessit\u00e9 de redoubler d\u2019efforts pour accompagner les agriculteurs, notamment sur le plan des aspects techniques et \u00e0 travers les champs de d\u00e9monstration lanc\u00e9s \u00e0 Constantine, appel\u00e9s \u00e0 \u00eatre g\u00e9n\u00e9ralis\u00e9s afin d\u2019identifier les meilleures vari\u00e9t\u00e9s de semences et les engrais les plus adapt\u00e9s aux conditions climatiques. Il a \u00e9galement \u00e9voqu\u00e9 le vaste projet national de mise en valeur de plus d\u2019un million d\u2019hectares dans le Sud, un plan qui s\u2019inscrit dans une vision strat\u00e9gique visant \u00e0 stimuler la production agricole, cr\u00e9er des emplois, attirer des investissements \u00e9trangers et contribuer au produit int\u00e9rieur brut en lan\u00e7ant par l\u00e0 m\u00eame un appel aux investisseurs int\u00e9ress\u00e9s \u00e0 rejoindre cette dynamique par l\u2019interm\u00e9diaire de l\u2019Office national de d\u00e9veloppement de l\u2019agriculture en leur assurant l\u2019accompagnement et les facilit\u00e9s n\u00e9cessaires pour concr\u00e9tiser ce projet d\u2019envergure, qui ambitionne de renforcer la s\u00e9curit\u00e9 alimentaire du pays.<\/p>\n\n\n\n<p><strong>Constantine, p\u00f4le agricole majeurs du pays<\/strong><\/p>\n\n\n\n<p>De son c\u00f4t\u00e9, le chef de l&rsquo;ex\u00e9cutif local, Abdelkhalek Sayouda, a saisi l\u2019occasion de ce forum pour mettre en exergue les chiffres obtenus dans la capitale de l\u2019Est, class\u00e9e premi\u00e8re au niveau national en termes de production c\u00e9r\u00e9ali\u00e8re avec pr\u00e8s de 2,1 millions de quintaux, dont 1,28 million de quintaux de bl\u00e9 dur, sur une superficie emblav\u00e9e de 90 200 hectares pr\u00e9cisant qu\u2019\u00e0 ce jour, 1,84 million de quintaux ont \u00e9t\u00e9 d\u00e9pos\u00e9s dans les silos et l\u2019op\u00e9ration se poursuivra jusqu\u2019au 30 septembre.<\/p>\n\n\n\n<p>Par ailleurs, le wali a d\u00e9clar\u00e9 que le nombre d\u2019agriculteurs n\u2019ayant pas encore livr\u00e9 leurs r\u00e9coltes aux structures locales de l\u2019Office interprofessionnel des c\u00e9r\u00e9ales (OAIC), au titre de la saison agricole 2024-2025 est de 220 auxquels des mises en demeure ont \u00e9t\u00e9 assign\u00e9es surtout qu&rsquo;ils ont b\u00e9n\u00e9fici\u00e9 de toutes les aides de l&rsquo;\u00c9tat.&nbsp;<\/p>\n\n\n\n<p>Les travaux de cette rencontre qui s\u2019\u00e9talent sur deux jours visent \u00e0 favoriser l\u2019\u00e9change de connaissances et d\u2019exp\u00e9riences pour d\u00e9velopper et am\u00e9liorer la production de cette fili\u00e8re strat\u00e9gique entendant stimuler la comp\u00e9titivit\u00e9 entre producteurs et promouvoir les techniques innovantes permettant d\u2019atteindre une productivit\u00e9 durable.&nbsp;<\/p>\n\n\n\n<p>La rencontre a ainsi r\u00e9uni une multitude de chercheurs, d\u2019experts et de professionnels qui vont se pencher sur l\u2019\u00e9laboration d\u2019une strat\u00e9gie nationale en vue de dynamiser et d\u00e9velopper ce secteur cl\u00e9. Parmi les intervenants, le Pr. Ali Daoudi, agro\u00e9conomiste et enseignant-chercheur \u00e0 l\u2019ENSA ( \u00c9cole Nationale Sup\u00e9rieure Agronomique)&nbsp; sur \u201c La productivit\u00e9 c\u00e9r\u00e9ali\u00e8re en Alg\u00e9rie: Enjeux, limites et perspectives r\u00e9alistes \u201d.<\/p>\n\n\n\n<p>L\u2019expert a indiqu\u00e9 qu\u2019en vingt-cinq ans d\u2019intensification, la fili\u00e8re c\u00e9r\u00e9ali\u00e8re alg\u00e9rienne a gagn\u00e9 +7,5 q\/ha et vu \u00e9merger des producteurs performants, y compris un p\u00f4le sudiste de 140 000 ha \u00e0 45 q\/ha en restant tout de m\u00eame marqu\u00e9e par une production instable, des ann\u00e9es d\u00e9ficitaires, la pr\u00e9dominance de c\u00e9r\u00e9ales extensives et l\u2019absence de m\u00e9canismes efficaces contre la s\u00e9cheresse ou pour am\u00e9liorer les sols. Et de mettre en lumi\u00e8re les perspectives r\u00e9alistes pour la fili\u00e8re c\u00e9r\u00e9ali\u00e8re \u00e0 l\u2019horizon 2035 avec la fixation de deux objectifs strat\u00e9giques : accro\u00eetre les rendements et r\u00e9duire leur variabilit\u00e9.<\/p>\n\n\n\n<p>A noter qu\u2019un vibrant hommage a \u00e9t\u00e9 rendu \u00e0 feu Mahmoud Belebdjaoui, ancien pr\u00e9sident de la Chambre d\u2019agriculture et figure marquante du secteur durant la c\u00e9r\u00e9monie d\u2019ouverture avec la projection d\u2019un documentaire retra\u00e7ant son parcours et ses contributions majeures avant qu\u2019une distinction ne soit remise \u00e0 sa famille en reconnaissance de son engagement et de son \u0153uvre.<\/p>\n\n\n\n<p>&nbsp;&nbsp;&nbsp;&nbsp;&nbsp;&nbsp;&nbsp;&nbsp;&nbsp;&nbsp;&nbsp;&nbsp;&nbsp;&nbsp;&nbsp;&nbsp;&nbsp;&nbsp;&nbsp;&nbsp;&nbsp;&nbsp;&nbsp;&nbsp;&nbsp;&nbsp;&nbsp;&nbsp;&nbsp;&nbsp;&nbsp;&nbsp;&nbsp;&nbsp;&nbsp;&nbsp;&nbsp;&nbsp;&nbsp;&nbsp;&nbsp;&nbsp;&nbsp;&nbsp;&nbsp;&nbsp;&nbsp;&nbsp;&nbsp;&nbsp;&nbsp;&nbsp;&nbsp;&nbsp;&nbsp;&nbsp;&nbsp;&nbsp;&nbsp;&nbsp;&nbsp;&nbsp;&nbsp;&nbsp;&nbsp;&nbsp;&nbsp;&nbsp;&nbsp;&nbsp;&nbsp;&nbsp;&nbsp;&nbsp;&nbsp;&nbsp;&nbsp;&nbsp;&nbsp;&nbsp;&nbsp;&nbsp;&nbsp;&nbsp;&nbsp;&nbsp;&nbsp;&nbsp;&nbsp;&nbsp;&nbsp;&nbsp;&nbsp;&nbsp;&nbsp;&nbsp;&nbsp;&nbsp; Soumeya B.M<\/p>\n\n\n\n<p><\/p>\n","protected":false},"excerpt":{"rendered":"<p>\u201c Pour relever les d\u00e9fis actuels, le secteur est appel\u00e9 \u00e0 entreprendre une r\u00e9volution en profondeur, fond\u00e9e sur le savoir, les technologies modernes et la mobilisation des jeunes comp\u00e9tences \u201d, a d\u00e9clar\u00e9 hier le ministre de l&rsquo;Agriculture, du D\u00e9veloppement rural et de la P\u00eache, Yacine El-Mahdi Oualid, durant les travaux du 6? Forum national pour [&hellip;]<\/p>\n","protected":false},"author":3,"featured_media":2990,"comment_status":"open","ping_status":"open","sticky":false,"template":"","format":"standard","meta":{"footnotes":""},"categories":[4,2],"tags":[],"class_list":{"0":"post-2989","1":"post","2":"type-post","3":"status-publish","4":"format-standard","5":"has-post-thumbnail","7":"category-actuest","8":"category-infos"},"_links":{"self":[{"href":"https:\/\/lequotidien-deconstantine.dz\/index.php?rest_route=\/wp\/v2\/posts\/2989","targetHints":{"allow":["GET"]}}],"collection":[{"href":"https:\/\/lequotidien-deconstantine.dz\/index.php?rest_route=\/wp\/v2\/posts"}],"about":[{"href":"https:\/\/lequotidien-deconstantine.dz\/index.php?rest_route=\/wp\/v2\/types\/post"}],"author":[{"embeddable":true,"href":"https:\/\/lequotidien-deconstantine.dz\/index.php?rest_route=\/wp\/v2\/users\/3"}],"replies":[{"embeddable":true,"href":"https:\/\/lequotidien-deconstantine.dz\/index.php?rest_route=%2Fwp%2Fv2%2Fcomments&post=2989"}],"version-history":[{"count":1,"href":"https:\/\/lequotidien-deconstantine.dz\/index.php?rest_route=\/wp\/v2\/posts\/2989\/revisions"}],"predecessor-version":[{"id":2991,"href":"https:\/\/lequotidien-deconstantine.dz\/index.php?rest_route=\/wp\/v2\/posts\/2989\/revisions\/2991"}],"wp:featuredmedia":[{"embeddable":true,"href":"https:\/\/lequotidien-deconstantine.dz\/index.php?rest_route=\/wp\/v2\/media\/2990"}],"wp:attachment":[{"href":"https:\/\/lequotidien-deconstantine.dz\/index.php?rest_route=%2Fwp%2Fv2%2Fmedia&parent=2989"}],"wp:term":[{"taxonomy":"category","embeddable":true,"href":"https:\/\/lequotidien-deconstantine.dz\/index.php?rest_route=%2Fwp%2Fv2%2Fcategories&post=2989"},{"taxonomy":"post_tag","embeddable":true,"href":"https:\/\/lequotidien-deconstantine.dz\/index.php?rest_route=%2Fwp%2Fv2%2Ftags&post=2989"}],"curies":[{"name":"wp","href":"https:\/\/api.w.org\/{rel}","templated":true}]}}