{"id":2995,"date":"2025-09-30T07:47:51","date_gmt":"2025-09-30T06:47:51","guid":{"rendered":"https:\/\/lequotidien-deconstantine.dz\/?p=2995"},"modified":"2025-09-30T07:47:53","modified_gmt":"2025-09-30T06:47:53","slug":"concours-de-residanat-ouverture-de-5-900-postes-budgetaires","status":"publish","type":"post","link":"https:\/\/lequotidien-deconstantine.dz\/?p=2995","title":{"rendered":"Concours de r\u00e9sidanat\u00a0: Ouverture de 5 900 postes budg\u00e9taires"},"content":{"rendered":"\n<p>Le ministre de l\u2019Enseignement sup\u00e9rieur et de la Recherche scientifique, Kamel Baddari, annonce, ce lundi, l\u2019ouverture de 5.900 postes budg\u00e9taires dans le cadre du concours de r\u00e9sidanat, pr\u00e9vu fin octobre prochain.<\/p>\n\n\n\n<p>Invit\u00e9 du Forum de la Cha\u00eene I de la Radio nationale, Baddari pr\u00e9cise que ce concours de r\u00e9sidanat pr\u00e9vu fin octobre prochain verra l\u2019ouverture de 5.900 postes budg\u00e9taires, contre 3300 postes en 2022, soit une hausse de 34%, ce qui traduit, a-t-il dit, \u00ab&nbsp;les grands efforts de l\u2019Etat pour am\u00e9liorer la qualit\u00e9 de l\u2019enseignement et de la formation&nbsp;\u00bb.<\/p>\n\n\n\n<p><strong>Le recrutement des enseignants se poursuit<\/strong><\/p>\n\n\n\n<p>S\u2019agissant du recrutement des enseignants, le ministre indique que l\u2019op\u00e9ration \u00ab&nbsp;se poursuit jusqu\u2019\u00e0 atteindre 4112 postes avant la fin de l\u2019ann\u00e9e&nbsp;\u00bb.&nbsp; Il annonce \u00e9galement l\u2019octroi d\u2019un soutien financier aux \u00e9tudiants porteurs de prototypes finaux de projets innovants, compris entre 1 et 2 millions de DA afin de stimuler l\u2019esprit entrepreneurial dans le milieu universitaire et d\u2019accompagner la dynamique nationale vers une \u00e9conomie forte, intelligente et d\u00e9velopp\u00e9e.<\/p>\n\n\n\n<p>Dans ce contexte, Baddari souligne les efforts de l\u2019Universit\u00e9 alg\u00e9rienne visant \u00e0 r\u00e9pondre aux besoins de la soci\u00e9t\u00e9, \u00e0 promouvoir l\u2019\u00e9conomie nationale et \u00e0 pr\u00e9server la souverainet\u00e9 nationale, notamment \u00e0 travers \u00ab&nbsp;le recours \u00e0 la num\u00e9risation et \u00e0 l\u2019intelligence artificielle, l\u2019int\u00e9gration entre sciences humaines et sociales et sciences technologiques et exactes, ainsi que la promotion de l\u2019esprit d\u2019entreprise et de l\u2019entrepreneuriat&nbsp;\u00bb, rappelant \u00e0 cet \u00e9gard la cr\u00e9ation d\u2019un environnement entrepreneurial dans les diff\u00e9rentes universit\u00e9s et institutions de recherche, et le soutien financier aux \u00e9tudiants porteurs de prototypes finaux de projets innovants.<\/p>\n\n\n\n<p><strong>24 nouvelles sp\u00e9cialit\u00e9s&nbsp;<\/strong><\/p>\n\n\n\n<p>Le ministre souligne &nbsp;\u00bb la cr\u00e9ation de 2800 micro-entreprises, 1400 start-up et 480 spin-off, ainsi que la r\u00e9alisation de 3400 brevets d\u2019invention&nbsp;\u00bb, citant le projet de fabrication de puces \u00e9lectroniques con\u00e7ues localement \u00e0 100%, et le projet des v\u00e9hicules \u00e9lectriques dont le premier prototype sera annonc\u00e9 en mars 2026. Par ailleurs, il met en avant le r\u00f4le important de l\u2019Universit\u00e9 dans la pr\u00e9servation de la souverainet\u00e9 nationale \u00e0 travers la r\u00e9alisation de la s\u00e9curit\u00e9 alimentaire, hydrique, sanitaire, \u00e9nerg\u00e9tique et cybern\u00e9tique en transformant les r\u00e9sultats des recherches en produits et services cr\u00e9ateurs de richesse et de valeur ajout\u00e9e pour l\u2019\u00e9conomie nationale.<\/p>\n\n\n\n<p>Au sujet des nouvelles sp\u00e9cialit\u00e9s introduites dans les programmes de l\u2019enseignement sup\u00e9rieur, le ministre pr\u00e9cise que 24 nouvelles sp\u00e9cialit\u00e9s ont \u00e9t\u00e9 ouvertes aux bacheliers en lettres et sciences humaines, auxquelles s\u2019ajoutent des mati\u00e8res telles que \u00ab&nbsp;la moralisation de l\u2019IA&nbsp;\u00bb, \u00ab&nbsp;les logiciels libres et outils de l\u2019IA&nbsp;\u00bb, et \u00ab&nbsp;le nationalisme et l\u2019histoire de l\u2019Alg\u00e9rie&nbsp;\u00bb. De nouvelles formations dans le domaine de la pr\u00e9vention et de la lutte contre la corruption ont \u00e9t\u00e9 \u00e9galement cr\u00e9\u00e9es et verront la sortie de la premi\u00e8re promotion en juin 2026.<\/p>\n\n\n\n<p>K.N.<\/p>\n","protected":false},"excerpt":{"rendered":"<p>Le ministre de l\u2019Enseignement sup\u00e9rieur et de la Recherche scientifique, Kamel Baddari, annonce, ce lundi, l\u2019ouverture de 5.900 postes budg\u00e9taires dans le cadre du concours de r\u00e9sidanat, pr\u00e9vu fin octobre prochain. Invit\u00e9 du Forum de la Cha\u00eene I de la Radio nationale, Baddari pr\u00e9cise que ce concours de r\u00e9sidanat pr\u00e9vu fin octobre prochain verra l\u2019ouverture [&hellip;]<\/p>\n","protected":false},"author":3,"featured_media":2996,"comment_status":"open","ping_status":"open","sticky":false,"template":"","format":"standard","meta":{"footnotes":""},"categories":[2],"tags":[],"class_list":{"0":"post-2995","1":"post","2":"type-post","3":"status-publish","4":"format-standard","5":"has-post-thumbnail","7":"category-infos"},"_links":{"self":[{"href":"https:\/\/lequotidien-deconstantine.dz\/index.php?rest_route=\/wp\/v2\/posts\/2995","targetHints":{"allow":["GET"]}}],"collection":[{"href":"https:\/\/lequotidien-deconstantine.dz\/index.php?rest_route=\/wp\/v2\/posts"}],"about":[{"href":"https:\/\/lequotidien-deconstantine.dz\/index.php?rest_route=\/wp\/v2\/types\/post"}],"author":[{"embeddable":true,"href":"https:\/\/lequotidien-deconstantine.dz\/index.php?rest_route=\/wp\/v2\/users\/3"}],"replies":[{"embeddable":true,"href":"https:\/\/lequotidien-deconstantine.dz\/index.php?rest_route=%2Fwp%2Fv2%2Fcomments&post=2995"}],"version-history":[{"count":1,"href":"https:\/\/lequotidien-deconstantine.dz\/index.php?rest_route=\/wp\/v2\/posts\/2995\/revisions"}],"predecessor-version":[{"id":2997,"href":"https:\/\/lequotidien-deconstantine.dz\/index.php?rest_route=\/wp\/v2\/posts\/2995\/revisions\/2997"}],"wp:featuredmedia":[{"embeddable":true,"href":"https:\/\/lequotidien-deconstantine.dz\/index.php?rest_route=\/wp\/v2\/media\/2996"}],"wp:attachment":[{"href":"https:\/\/lequotidien-deconstantine.dz\/index.php?rest_route=%2Fwp%2Fv2%2Fmedia&parent=2995"}],"wp:term":[{"taxonomy":"category","embeddable":true,"href":"https:\/\/lequotidien-deconstantine.dz\/index.php?rest_route=%2Fwp%2Fv2%2Fcategories&post=2995"},{"taxonomy":"post_tag","embeddable":true,"href":"https:\/\/lequotidien-deconstantine.dz\/index.php?rest_route=%2Fwp%2Fv2%2Ftags&post=2995"}],"curies":[{"name":"wp","href":"https:\/\/api.w.org\/{rel}","templated":true}]}}