{"id":2998,"date":"2025-09-30T07:49:08","date_gmt":"2025-09-30T06:49:08","guid":{"rendered":"https:\/\/lequotidien-deconstantine.dz\/?p=2998"},"modified":"2025-09-30T07:49:11","modified_gmt":"2025-09-30T06:49:11","slug":"campus-france-8-351-visas-etudiants-accordes","status":"publish","type":"post","link":"https:\/\/lequotidien-deconstantine.dz\/?p=2998","title":{"rendered":"Campus France\u00a0: 8 351 visas \u00e9tudiants accord\u00e9s"},"content":{"rendered":"\n<p>Contre toute attente, la rentr\u00e9e universitaire 2025 marque une hausse du nombre de visas accord\u00e9s aux \u00e9tudiants alg\u00e9riens souhaitant poursuivre leurs \u00e9tudes en France.<\/p>\n\n\n\n<p>Dans un communiqu\u00e9 conjoint, l\u2019ambassade de France \u00e0 Alger et Campus France ont annonc\u00e9 ce lundi 29 septembre que 8 351 \u00e9tudiants alg\u00e9riens ont obtenu un visa d\u2019\u00e9tudes, soit plus de 1 000 visas suppl\u00e9mentaires par rapport \u00e0 2024.<\/p>\n\n\n\n<p>Selon les chiffres officiels, 87 % des candidats inscrits via la plateforme <em>\u00c9tudes en France<\/em> ont re\u00e7u une r\u00e9ponse positive. Cette progression tranche avec la forte baisse de 23 % enregistr\u00e9e en 2024, dans un contexte de tensions diplomatiques entre Alger et Paris.<\/p>\n\n\n\n<p>L\u2019ambassade a profit\u00e9 de cette annonce pour lancer un appel : \u00ab Si vous envisagez d\u2019\u00e9tudier en France, la prochaine campagne Campus France d\u00e9bute le 1er octobre prochain, lancez-vous ! \u00bb.<\/p>\n\n\n\n<p><strong>L\u2019Alg\u00e9rie, troisi\u00e8me pays pourvoyeur d\u2019\u00e9tudiants en France<\/strong><\/p>\n\n\n\n<p>Avec 34 269 \u00e9tudiants inscrits en 2023-2024, l\u2019Alg\u00e9rie reste le troisi\u00e8me contingent d\u2019\u00e9tudiants \u00e9trangers en France, derri\u00e8re le Maroc et la Chine.<\/p>\n\n\n\n<p>Cette hausse du nombre de visas d\u2019\u00e9tudes t\u00e9moigne de la volont\u00e9 des autorit\u00e9s fran\u00e7aises de maintenir les \u00e9changes universitaires avec l\u2019Alg\u00e9rie, malgr\u00e9 les restrictions g\u00e9n\u00e9rales sur les visas d\u00e9cid\u00e9es ces derni\u00e8res ann\u00e9es.<\/p>\n","protected":false},"excerpt":{"rendered":"<p>Contre toute attente, la rentr\u00e9e universitaire 2025 marque une hausse du nombre de visas accord\u00e9s aux \u00e9tudiants alg\u00e9riens souhaitant poursuivre leurs \u00e9tudes en France. Dans un communiqu\u00e9 conjoint, l\u2019ambassade de France \u00e0 Alger et Campus France ont annonc\u00e9 ce lundi 29 septembre que 8 351 \u00e9tudiants alg\u00e9riens ont obtenu un visa d\u2019\u00e9tudes, soit plus de [&hellip;]<\/p>\n","protected":false},"author":3,"featured_media":2999,"comment_status":"open","ping_status":"open","sticky":false,"template":"","format":"standard","meta":{"footnotes":""},"categories":[2],"tags":[],"class_list":{"0":"post-2998","1":"post","2":"type-post","3":"status-publish","4":"format-standard","5":"has-post-thumbnail","7":"category-infos"},"_links":{"self":[{"href":"https:\/\/lequotidien-deconstantine.dz\/index.php?rest_route=\/wp\/v2\/posts\/2998","targetHints":{"allow":["GET"]}}],"collection":[{"href":"https:\/\/lequotidien-deconstantine.dz\/index.php?rest_route=\/wp\/v2\/posts"}],"about":[{"href":"https:\/\/lequotidien-deconstantine.dz\/index.php?rest_route=\/wp\/v2\/types\/post"}],"author":[{"embeddable":true,"href":"https:\/\/lequotidien-deconstantine.dz\/index.php?rest_route=\/wp\/v2\/users\/3"}],"replies":[{"embeddable":true,"href":"https:\/\/lequotidien-deconstantine.dz\/index.php?rest_route=%2Fwp%2Fv2%2Fcomments&post=2998"}],"version-history":[{"count":1,"href":"https:\/\/lequotidien-deconstantine.dz\/index.php?rest_route=\/wp\/v2\/posts\/2998\/revisions"}],"predecessor-version":[{"id":3000,"href":"https:\/\/lequotidien-deconstantine.dz\/index.php?rest_route=\/wp\/v2\/posts\/2998\/revisions\/3000"}],"wp:featuredmedia":[{"embeddable":true,"href":"https:\/\/lequotidien-deconstantine.dz\/index.php?rest_route=\/wp\/v2\/media\/2999"}],"wp:attachment":[{"href":"https:\/\/lequotidien-deconstantine.dz\/index.php?rest_route=%2Fwp%2Fv2%2Fmedia&parent=2998"}],"wp:term":[{"taxonomy":"category","embeddable":true,"href":"https:\/\/lequotidien-deconstantine.dz\/index.php?rest_route=%2Fwp%2Fv2%2Fcategories&post=2998"},{"taxonomy":"post_tag","embeddable":true,"href":"https:\/\/lequotidien-deconstantine.dz\/index.php?rest_route=%2Fwp%2Fv2%2Ftags&post=2998"}],"curies":[{"name":"wp","href":"https:\/\/api.w.org\/{rel}","templated":true}]}}