{"id":3023,"date":"2025-10-05T12:20:24","date_gmt":"2025-10-05T11:20:24","guid":{"rendered":"https:\/\/lequotidien-deconstantine.dz\/?p=3023"},"modified":"2025-10-05T12:20:27","modified_gmt":"2025-10-05T11:20:27","slug":"rentree-professionnelle-385-000-nouveaux-stagiaires-et-apprentis","status":"publish","type":"post","link":"https:\/\/lequotidien-deconstantine.dz\/?p=3023","title":{"rendered":"Rentr\u00e9e professionnelle\u00a0: 385 000 nouveaux stagiaires et apprentis \u00a0"},"content":{"rendered":"\n<p>La rentr\u00e9e d\u2019octobre 2025 s\u2019annonce dense pour le secteur de la formation professionnelle. Pas moins de 385 000 nouveaux stagiaires et apprentis rejoignent, d\u00e8s ce dimanche, les diff\u00e9rents \u00e9tablissements du pays, s\u2019ajoutant aux 287 000 inscrits des sessions pr\u00e9c\u00e9dentes.<\/p>\n\n\n\n<p>Cette rentr\u00e9e marque une nouvelle \u00e9tape dans la modernisation du syst\u00e8me de formation et d\u2019enseignement professionnels, inscrite dans la feuille de route du minist\u00e8re. Objectif : renforcer la gouvernance du secteur et en faire un levier majeur du d\u00e9veloppement \u00e9conomique et social durable.<\/p>\n\n\n\n<p><strong>Un dispositif \u00e9largi et modernis\u00e9<\/strong><\/p>\n\n\n\n<p>Pour garantir une rentr\u00e9e r\u00e9ussie, le minist\u00e8re a mobilis\u00e9 l\u2019ensemble de ses moyens mat\u00e9riels et humains. Outre les infrastructures existantes, le r\u00e9seau de formation sera enrichi de 26 nouveaux \u00e9tablissements et de 300 places p\u00e9dagogiques suppl\u00e9mentaires au sein des centres et instituts nationaux.<\/p>\n\n\n\n<p>Parall\u00e8lement, des acad\u00e9mies num\u00e9riques verront le jour \u00e0 travers plusieurs wilayas, tandis qu\u2019un Institut africain sera inaugur\u00e9 \u00e0 Boumerd\u00e8s, consolidant ainsi l\u2019ouverture du syst\u00e8me alg\u00e9rien \u00e0 la coop\u00e9ration r\u00e9gionale et continentale.<\/p>\n\n\n\n<p><strong>De nouvelles sp\u00e9cialit\u00e9s adapt\u00e9es au march\u00e9 de l\u2019emploi<\/strong><\/p>\n\n\n\n<p>Le secteur s\u2019adapte aux mutations technologiques et industrielles avec l\u2019introduction de nouvelles fili\u00e8res dans les domaines \u00e0 fort potentiel : num\u00e9risation, TIC et graphisme 3D, commerce \u00e9lectronique et marketing num\u00e9rique, \u00e9lectronique compacte et syst\u00e8mes intelligents, chimie et plasturgie, et contr\u00f4le qualit\u00e9 des produits pharmaceutiques et parapharmaceutiques.<\/p>\n\n\n\n<p>Ces formations visent \u00e0 mieux r\u00e9pondre aux besoins du march\u00e9 du travail, tout en favorisant l\u2019innovation et l\u2019entrepreneuriat chez les jeunes dipl\u00f4m\u00e9s.<\/p>\n\n\n\n<p>Dans le prolongement de cette dynamique, le minist\u00e8re pr\u00e9voit l\u2019organisation de salons r\u00e9gionaux de l\u2019emploi d\u00e8s le mois d\u2019octobre. Ces \u00e9v\u00e9nements r\u00e9uniront dipl\u00f4m\u00e9s, recruteurs et responsables \u00e9conomiques, offrant des espaces d\u2019\u00e9changes directs autour des opportunit\u00e9s d\u2019embauche et des programmes d\u2019accompagnement aux projets innovants.<\/p>\n\n\n\n<p><strong>Un moteur pour l\u2019insertion et l\u2019innovation<\/strong><\/p>\n\n\n\n<p>\u00c0 travers ces initiatives, la formation professionnelle confirme son r\u00f4le de locomotive strat\u00e9gique pour l\u2019insertion des jeunes et l\u2019essor de comp\u00e9tences nationales qualifi\u00e9es.<br>Cette rentr\u00e9e 2025 s\u2019annonce donc comme un tournant vers une formation plus connect\u00e9e, inclusive et tourn\u00e9e vers les m\u00e9tiers du futur.<\/p>\n\n\n\n<p><strong>&nbsp;Le message de Tebboune&nbsp;<\/strong><\/p>\n\n\n\n<p>Le pr\u00e9sident de la R\u00e9publique, Abdelmadjid Tebboune, a adress\u00e9 un message aux stagiaires et aux travailleurs du Secteur, \u00e0 la veille de la rentr\u00e9e de la formation professionnelle.<\/p>\n\n\n\n<p>\u00ab Bonne chance \u00e0 tous les stagiaires inscrits en formation professionnelle. Je vous souhaite de r\u00e9ussir dans l\u2019acquisition des comp\u00e9tences qui vous ouvriront des horizons professionnels dans divers domaines. Je salue \u00e9galement tous les enseignants et les travailleurs du Secteur pour leurs efforts continus \u00bb, indique le pr\u00e9sident Tebboune dans son message sur les r\u00e9seaux sociaux.<\/p>\n\n\n\n<p>L.R.<\/p>\n","protected":false},"excerpt":{"rendered":"<p>La rentr\u00e9e d\u2019octobre 2025 s\u2019annonce dense pour le secteur de la formation professionnelle. Pas moins de 385 000 nouveaux stagiaires et apprentis rejoignent, d\u00e8s ce dimanche, les diff\u00e9rents \u00e9tablissements du pays, s\u2019ajoutant aux 287 000 inscrits des sessions pr\u00e9c\u00e9dentes. Cette rentr\u00e9e marque une nouvelle \u00e9tape dans la modernisation du syst\u00e8me de formation et d\u2019enseignement professionnels, [&hellip;]<\/p>\n","protected":false},"author":3,"featured_media":3024,"comment_status":"open","ping_status":"open","sticky":false,"template":"","format":"standard","meta":{"footnotes":""},"categories":[2],"tags":[],"class_list":{"0":"post-3023","1":"post","2":"type-post","3":"status-publish","4":"format-standard","5":"has-post-thumbnail","7":"category-infos"},"_links":{"self":[{"href":"https:\/\/lequotidien-deconstantine.dz\/index.php?rest_route=\/wp\/v2\/posts\/3023","targetHints":{"allow":["GET"]}}],"collection":[{"href":"https:\/\/lequotidien-deconstantine.dz\/index.php?rest_route=\/wp\/v2\/posts"}],"about":[{"href":"https:\/\/lequotidien-deconstantine.dz\/index.php?rest_route=\/wp\/v2\/types\/post"}],"author":[{"embeddable":true,"href":"https:\/\/lequotidien-deconstantine.dz\/index.php?rest_route=\/wp\/v2\/users\/3"}],"replies":[{"embeddable":true,"href":"https:\/\/lequotidien-deconstantine.dz\/index.php?rest_route=%2Fwp%2Fv2%2Fcomments&post=3023"}],"version-history":[{"count":1,"href":"https:\/\/lequotidien-deconstantine.dz\/index.php?rest_route=\/wp\/v2\/posts\/3023\/revisions"}],"predecessor-version":[{"id":3025,"href":"https:\/\/lequotidien-deconstantine.dz\/index.php?rest_route=\/wp\/v2\/posts\/3023\/revisions\/3025"}],"wp:featuredmedia":[{"embeddable":true,"href":"https:\/\/lequotidien-deconstantine.dz\/index.php?rest_route=\/wp\/v2\/media\/3024"}],"wp:attachment":[{"href":"https:\/\/lequotidien-deconstantine.dz\/index.php?rest_route=%2Fwp%2Fv2%2Fmedia&parent=3023"}],"wp:term":[{"taxonomy":"category","embeddable":true,"href":"https:\/\/lequotidien-deconstantine.dz\/index.php?rest_route=%2Fwp%2Fv2%2Fcategories&post=3023"},{"taxonomy":"post_tag","embeddable":true,"href":"https:\/\/lequotidien-deconstantine.dz\/index.php?rest_route=%2Fwp%2Fv2%2Ftags&post=3023"}],"curies":[{"name":"wp","href":"https:\/\/api.w.org\/{rel}","templated":true}]}}