{"id":3035,"date":"2025-10-06T10:10:06","date_gmt":"2025-10-06T09:10:06","guid":{"rendered":"https:\/\/lequotidien-deconstantine.dz\/?p=3035"},"modified":"2025-10-06T10:10:08","modified_gmt":"2025-10-06T09:10:08","slug":"relance-economique-tebboune-trace-la-voie-le-patronat-salue-la-relance","status":"publish","type":"post","link":"https:\/\/lequotidien-deconstantine.dz\/?p=3035","title":{"rendered":"Relance \u00e9conomique\u00a0: Tebboune trace la voie, le patronat salue la relance"},"content":{"rendered":"\n<p>Le vice-pr\u00e9sident de la Conf\u00e9d\u00e9ration alg\u00e9rienne du patronat citoyen (CAPC), Moncef Bouderba, a salu\u00e9, ce dimanche sur les ondes de la Radio alg\u00e9rienne, les r\u00e9centes d\u00e9cisions du pr\u00e9sident de la R\u00e9publique, Abdelmadjid Tebboune, \u00e0 la suite de sa rencontre avec les op\u00e9rateurs \u00e9conomiques ayant sign\u00e9 des contrats lors de la 4? \u00e9dition de la Foire commerciale intra-africaine (IATF 2025), organis\u00e9e \u00e0 Alger du 4 au 10 septembre.<\/p>\n\n\n\n<p><strong>Une dynamique \u00e9conomique concr\u00e8te<\/strong><\/p>\n\n\n\n<p>\u00ab Nous saluons les d\u00e9cisions du Pr\u00e9sident Tebboune, qui a rencontr\u00e9 les op\u00e9rateurs \u00e9conomiques signataires de contrats lors de l\u2019IATF 2025 \u00bb, a d\u00e9clar\u00e9 Moncef Bouderba, invit\u00e9 de l\u2019\u00e9mission <em>L\u2019Invit\u00e9 de la r\u00e9daction<\/em>. Selon lui, les r\u00e9sultats de la foire t\u00e9moignent d\u2019une dynamique \u00e9conomique tangible : \u00ab Pr\u00e8s de 49 milliards de dollars de contrats ont \u00e9t\u00e9 sign\u00e9s \u00e0 Alger. C\u2019est du concret \u00bb, s\u2019est-il f\u00e9licit\u00e9.<\/p>\n\n\n\n<p>Le responsable patronal a soulign\u00e9 que l\u2019Alg\u00e9rie avance r\u00e9solument sur la voie de la diversification \u00e9conomique hors hydrocarbures, un axe strat\u00e9gique du chef de l\u2019\u00c9tat depuis la p\u00e9riode post-Covid-19. \u00ab L\u2019Alg\u00e9rie est en train de devenir une v\u00e9ritable passerelle vers l\u2019Afrique, notamment gr\u00e2ce \u00e0 son potentiel agricole et industriel \u00bb, a-t-il affirm\u00e9.<\/p>\n\n\n\n<p>Il a \u00e9galement mis en avant les progr\u00e8s r\u00e9alis\u00e9s dans l\u2019industrie nationale, citant des produits conformes aux normes ISO d\u00e9sormais pr\u00eats \u00e0 conqu\u00e9rir les march\u00e9s internationaux.<\/p>\n\n\n\n<p><strong>R\u00e9formes du commerce ext\u00e9rieur : une mise \u00e0 niveau n\u00e9cessaire<\/strong><\/p>\n\n\n\n<p>Moncef Bouderba a salu\u00e9 la volont\u00e9 du pr\u00e9sident de la R\u00e9publique d\u2019assainir le commerce ext\u00e9rieur et de r\u00e9former ses m\u00e9canismes. \u00ab Il fallait mettre de l\u2019ordre et permettre aux entreprises alg\u00e9riennes de se positionner dans l\u2019\u00e9conomie mondiale. Si nous voulons int\u00e9grer l\u2019OMC, il faut jouer selon les r\u00e8gles \u00bb, a-t-il rappel\u00e9.<\/p>\n\n\n\n<p>Selon lui, les mesures de r\u00e9gulation engag\u00e9es par les autorit\u00e9s sont justes et transparentes : \u00ab L\u2019\u00c9tat sait qui travaille et qui triche. Il faut normaliser. En Alg\u00e9rie, l\u2019acte d\u2019investir est libre et d\u00e9sormais tr\u00e8s organis\u00e9 \u00bb, a-t-il insist\u00e9.<\/p>\n\n\n\n<p><strong>Tebboune, un pr\u00e9sident impliqu\u00e9 dans la relance<\/strong><\/p>\n\n\n\n<p>Le vice-pr\u00e9sident de la CAPC a \u00e9galement salu\u00e9 \u00ab l\u2019implication directe du pr\u00e9sident Tebboune dans la relance \u00e9conomique \u00bb. \u00ab Il a demand\u00e9 la lev\u00e9e de plusieurs mesures restrictives pour stimuler l\u2019industrie. C\u2019est un engagement in\u00e9dit qui m\u00e9rite d\u2019\u00eatre reconnu \u00bb, a-t-il soulign\u00e9.<\/p>\n\n\n\n<p>Selon Bouderba, cette strat\u00e9gie vise \u00e0 renforcer la pr\u00e9sence alg\u00e9rienne sur les march\u00e9s africains, \u00e9valu\u00e9s \u00e0 quelque 700 milliards de dollars. \u00ab Si l\u2019Alg\u00e9rie capte ne serait-ce que 15 % de ce march\u00e9, ce serait un v\u00e9ritable exploit \u00bb, a-t-il estim\u00e9.<\/p>\n\n\n\n<p><strong>L\u2019Afrique, priorit\u00e9 des exportations alg\u00e9riennes<\/strong><\/p>\n\n\n\n<p>Pour le repr\u00e9sentant du patronat, \u00ab les march\u00e9s africains doivent devenir une priorit\u00e9 nationale \u00bb. Il salue la mise sur un pied d\u2019\u00e9galit\u00e9 du secteur public et du priv\u00e9, y voyant \u00ab un d\u00e9fi \u00e0 relever collectivement \u00bb.<\/p>\n\n\n\n<p>\u00ab Le BTPH, la c\u00e9ramique, le ciment, l\u2019acier, la pharmacie\u2026 L\u2019Alg\u00e9rie dispose de champions capables d\u2019\u00e9quiper la maison africaine \u00bb, a-t-il d\u00e9clar\u00e9. Il a rappel\u00e9 que \u00ab dix multinationales op\u00e8rent d\u00e9j\u00e0 en Alg\u00e9rie \u00bb, preuve du dynamisme de son \u00e9conomie. Toutefois, il plaide pour une r\u00e9forme rapide du syst\u00e8me bancaire avant le 31 d\u00e9cembre, afin de faciliter l\u2019installation d\u2019op\u00e9rateurs alg\u00e9riens dans des pays voisins comme la Tunisie et l\u2019\u00c9gypte.<\/p>\n\n\n\n<p><strong>Miser sur la logistique et la coop\u00e9ration<\/strong><\/p>\n\n\n\n<p>Enfin, Moncef Bouderba a insist\u00e9 sur l\u2019importance strat\u00e9gique de la logistique nationale. \u00ab Il faut investir dans le transport maritime et a\u00e9rien pour gagner en comp\u00e9titivit\u00e9 et conqu\u00e9rir rapidement des parts de march\u00e9, notamment en Afrique \u00bb, a-t-il recommand\u00e9.<\/p>\n\n\n\n<p>Confiant dans la trajectoire actuelle, il a conclu : \u00ab L\u2019Alg\u00e9rie a une chance inou\u00efe de revenir en force. Le pr\u00e9sident y croit, les entreprises sont mobilis\u00e9es. Il s\u2019agit d\u00e9sormais de travailler main dans la main pour booster les exportations et consolider la place de l\u2019Alg\u00e9rie dans l\u2019\u00e9conomie mondiale. \u00bb<\/p>\n\n\n\n<p>L.R.<\/p>\n\n\n\n<p>\u2026\u2026\u2026\u2026\u2026\u2026\u2026\u2026\u2026\u2026\u2026\u2026\u2026\u2026\u2026\u2026\u2026\u2026.<\/p>\n\n\n\n<p><strong>Opep+&nbsp;: Hausse prudente de 137 000 b\/j<\/strong><\/p>\n\n\n\n<p>L\u2019Organisation des pays exportateurs de p\u00e9trole et ses alli\u00e9s (Opep+) ont d\u00e9cid\u00e9, dimanche, d\u2019une augmentation collective de leur production de 137 000 barils par jour (b\/j) \u00e0 compter de novembre 2025. L\u2019Alg\u00e9rie participera \u00e0 cette hausse, avec une augmentation de 4 000 b\/j. Cette d\u00e9cision, adopt\u00e9e lors d\u2019une r\u00e9union minist\u00e9rielle par visioconf\u00e9rence, regroupe huit pays appliquant des ajustements volontaires : l\u2019Alg\u00e9rie, l\u2019Arabie saoudite, les \u00c9mirats arabes unis, l\u2019Irak, le Kazakhstan, le Kowe\u00eft, Oman et la Russie.<\/p>\n\n\n\n<p>L\u2019annonce intervient dans un contexte de fortes incertitudes sur l\u2019\u00e9quilibre entre l\u2019offre et la demande mondiales. Les ajustements sont pr\u00e9sent\u00e9s comme une d\u00e9marche \u00ab prudente et \u00e9quilibr\u00e9e \u00bb pour pr\u00e9server la stabilit\u00e9 du march\u00e9, tout en laissant une marge de man\u0153uvre face \u00e0 l\u2019\u00e9volution de la conjoncture mondiale.<\/p>\n\n\n\n<p><strong>Les d\u00e9fis du march\u00e9 p\u00e9trolier mondial<\/strong><\/p>\n\n\n\n<p><strong>Exc\u00e9dents et accumulation de stocks<\/strong><\/p>\n\n\n\n<ul class=\"wp-block-list\">\n<li>Selon le rapport mensuel de l\u2019AIE (IEA), l\u2019offre mondiale pourrait cro\u00eetre d\u2019environ 2,7 millions de b\/j en 2025. Cette r\u00e9vision \u00e0 la hausse est en partie li\u00e9e \u00e0 l\u2019augmentation de la production Opep+ r\u00e9cemment annonc\u00e9e.<\/li>\n\n\n\n<li>La demande mondiale, en revanche, devrait cro\u00eetre plus mod\u00e9r\u00e9ment : l\u2019AIE table sur une progression de ~700 000 b\/j pour 2025 et 2026.<\/li>\n\n\n\n<li>Cette dynamique cr\u00e9e une situation de d\u00e9s\u00e9quilibre : les stocks globaux observ\u00e9s ont augment\u00e9 pendant plusieurs mois cons\u00e9cutifs, notamment du fait de r\u00e9serves en Chine et des exc\u00e9dents dans les raffineries r\u00e9gionales.<\/li>\n\n\n\n<li>L\u2019AIE estime que les stocks mondiaux pourraient cro\u00eetre en moyenne de ~2,5 millions b\/j au cours du second semestre 2025, si l\u2019offre d\u00e9passe durablement la demande.<\/li>\n<\/ul>\n\n\n\n<p><strong>Pressions \u00e0 la baisse sur les prix<\/strong><\/p>\n\n\n\n<ul class=\"wp-block-list\">\n<li>Avec de tels d\u00e9s\u00e9quilibres, le march\u00e9 pourrait \u00eatre soumis \u00e0 une pression baissi\u00e8re sur les prix du p\u00e9trole, en d\u00e9pit des efforts de coordination d\u2019Opep+.<\/li>\n\n\n\n<li>Des institutions financi\u00e8res comme JP Morgan ont d\u00e9j\u00e0 revu \u00e0 la baisse leurs pr\u00e9visions : elles anticipent un prix moyen du Brent autour de 66 USD \/ baril en 2025, puis une descente vers 58 USD en 2026, en raison de l\u2019exc\u00e8s d\u2019offre et des perspectives mod\u00e9r\u00e9es de croissance.<\/li>\n<\/ul>\n\n\n\n<p><strong>Croissance non-Opep en exergue<\/strong><\/p>\n\n\n\n<ul class=\"wp-block-list\">\n<li>La croissance de l\u2019offre hors Opep+ constitue un autre facteur d\u00e9terminant. Des pays comme les \u00c9tats-Unis, le Br\u00e9sil, le Canada ou la Guyane continuent d\u2019augmenter leur production, ce qui intensifie la concurrence.<\/li>\n\n\n\n<li>L\u2019AIE a d\u2019ailleurs abaiss\u00e9 sa pr\u00e9vision de croissance de la production non-Opep pour 2025 de 100 000 b\/j, mais maintient qu\u2019elle restera un moteur important dans l\u2019expansion de l\u2019offre mondiale.<\/li>\n<\/ul>\n\n\n\n<p><strong>Divergences institutionnelles sur la demande<\/strong><\/p>\n\n\n\n<ul class=\"wp-block-list\">\n<li>Les projections de demande des grandes institutions divergent. L\u2019AIE, plus prudente, a r\u00e9duit ses pr\u00e9visions \u00e0 plusieurs reprises au cours de l\u2019ann\u00e9e, face \u00e0 une demande plus faible que pr\u00e9vu dans certaines grandes \u00e9conomies.<\/li>\n\n\n\n<li>\u00c0 l\u2019inverse, l\u2019OPEC, dans ses rapports mensuels, continue de tabler sur une demande plus robuste pour 2025, avec une croissance annuelle estim\u00e9e \u00e0 ~1,3 million b\/j.<\/li>\n\n\n\n<li>Pour l\u2019ann\u00e9e 2026, l\u2019OPEC a relev\u00e9 l\u00e9g\u00e8rement ses perspectives, tout en soulignant que les incertitudes macro\u00e9conomiques (ralentissement, inflation, politiques \u00e9nerg\u00e9tiques) restent des variables clefs.<\/li>\n<\/ul>\n\n\n\n<p><strong>Vers o\u00f9 va le march\u00e9 ? Impacts et enjeux pour l\u2019Alg\u00e9rie<\/strong><\/p>\n\n\n\n<p>La d\u00e9cision d\u2019augmenter la production de fa\u00e7on mesur\u00e9e appara\u00eet comme un compromis entre la recherche de revenus suppl\u00e9mentaires et la volont\u00e9 d\u2019\u00e9viter une chute des cours. Toutefois, les tendances lourdes du march\u00e9 \u2013 accumulation de stocks, croissance forte de l\u2019offre non-Opep, demande mondiale mod\u00e9r\u00e9e \u2013 contiennent un risque latent : la saturation du march\u00e9.<\/p>\n\n\n\n<p>Pour l\u2019Alg\u00e9rie, cette conjoncture pr\u00e9sente des opportunit\u00e9s \u2014 mieux exploiter ses quotas \u2014 mais aussi des d\u00e9fis :<\/p>\n\n\n\n<ul class=\"wp-block-list\">\n<li>Sensibilit\u00e9 aux prix : avec un baril trop bas, les marges budg\u00e9taires nationales peuvent se r\u00e9duire.<\/li>\n\n\n\n<li>Comp\u00e9titivit\u00e9 n\u00e9cessaire : accro\u00eetre l\u2019efficience de la production et r\u00e9duire les co\u00fbts pour rester attractif.<\/li>\n\n\n\n<li>Importance de la diversification : l\u2019Alg\u00e9rie, d\u00e9j\u00e0 engag\u00e9e vers une strat\u00e9gie hors hydrocarbures, doit maintenir le cap pour limiter sa vuln\u00e9rabilit\u00e9 aux fluctuations p\u00e9troli\u00e8res.<\/li>\n\n\n\n<li>Suivi prudent des march\u00e9s africains : l\u2019Alg\u00e9rie pourrait tirer parti de la logistique et de la proximit\u00e9 g\u00e9ographique pour renforcer ses exportations, m\u00eame dans un contexte mondialis\u00e9 tendu.<\/li>\n<\/ul>\n\n\n\n<p>L.R.<\/p>\n","protected":false},"excerpt":{"rendered":"<p>Le vice-pr\u00e9sident de la Conf\u00e9d\u00e9ration alg\u00e9rienne du patronat citoyen (CAPC), Moncef Bouderba, a salu\u00e9, ce dimanche sur les ondes de la Radio alg\u00e9rienne, les r\u00e9centes d\u00e9cisions du pr\u00e9sident de la R\u00e9publique, Abdelmadjid Tebboune, \u00e0 la suite de sa rencontre avec les op\u00e9rateurs \u00e9conomiques ayant sign\u00e9 des contrats lors de la 4? \u00e9dition de la Foire [&hellip;]<\/p>\n","protected":false},"author":3,"featured_media":2975,"comment_status":"open","ping_status":"open","sticky":false,"template":"","format":"standard","meta":{"footnotes":""},"categories":[2],"tags":[],"class_list":{"0":"post-3035","1":"post","2":"type-post","3":"status-publish","4":"format-standard","5":"has-post-thumbnail","7":"category-infos"},"_links":{"self":[{"href":"https:\/\/lequotidien-deconstantine.dz\/index.php?rest_route=\/wp\/v2\/posts\/3035","targetHints":{"allow":["GET"]}}],"collection":[{"href":"https:\/\/lequotidien-deconstantine.dz\/index.php?rest_route=\/wp\/v2\/posts"}],"about":[{"href":"https:\/\/lequotidien-deconstantine.dz\/index.php?rest_route=\/wp\/v2\/types\/post"}],"author":[{"embeddable":true,"href":"https:\/\/lequotidien-deconstantine.dz\/index.php?rest_route=\/wp\/v2\/users\/3"}],"replies":[{"embeddable":true,"href":"https:\/\/lequotidien-deconstantine.dz\/index.php?rest_route=%2Fwp%2Fv2%2Fcomments&post=3035"}],"version-history":[{"count":1,"href":"https:\/\/lequotidien-deconstantine.dz\/index.php?rest_route=\/wp\/v2\/posts\/3035\/revisions"}],"predecessor-version":[{"id":3036,"href":"https:\/\/lequotidien-deconstantine.dz\/index.php?rest_route=\/wp\/v2\/posts\/3035\/revisions\/3036"}],"wp:featuredmedia":[{"embeddable":true,"href":"https:\/\/lequotidien-deconstantine.dz\/index.php?rest_route=\/wp\/v2\/media\/2975"}],"wp:attachment":[{"href":"https:\/\/lequotidien-deconstantine.dz\/index.php?rest_route=%2Fwp%2Fv2%2Fmedia&parent=3035"}],"wp:term":[{"taxonomy":"category","embeddable":true,"href":"https:\/\/lequotidien-deconstantine.dz\/index.php?rest_route=%2Fwp%2Fv2%2Fcategories&post=3035"},{"taxonomy":"post_tag","embeddable":true,"href":"https:\/\/lequotidien-deconstantine.dz\/index.php?rest_route=%2Fwp%2Fv2%2Ftags&post=3035"}],"curies":[{"name":"wp","href":"https:\/\/api.w.org\/{rel}","templated":true}]}}