{"id":3037,"date":"2025-10-06T10:11:16","date_gmt":"2025-10-06T09:11:16","guid":{"rendered":"https:\/\/lequotidien-deconstantine.dz\/?p=3037"},"modified":"2025-10-06T10:11:18","modified_gmt":"2025-10-06T09:11:18","slug":"plf-2026-pas-dimpots-nouveaux-plus-de-justice-fiscale","status":"publish","type":"post","link":"https:\/\/lequotidien-deconstantine.dz\/?p=3037","title":{"rendered":"PLF 2026\u00a0: Pas d\u2019imp\u00f4ts nouveaux, plus de justice fiscale"},"content":{"rendered":"\n<p>Le pr\u00e9sident de la R\u00e9publique, Abdelmadjid Tebboune, a pr\u00e9sid\u00e9, ce dimanche, une r\u00e9union du Conseil des ministres consacr\u00e9e \u00e0 l\u2019examen et \u00e0 l\u2019adoption du projet de loi de finances pour 2026 (PLF 2026).<br>Le texte, adopt\u00e9 \u00e0 l\u2019unanimit\u00e9, consacre une orientation budg\u00e9taire marqu\u00e9e par la stabilit\u00e9 fiscale, la pr\u00e9servation des transferts sociaux et la poursuite d\u2019une politique \u00e9conomique \u00e9quilibr\u00e9e et durable.<\/p>\n\n\n\n<p><strong>Un budget sans pression fiscale nouvelle<\/strong><\/p>\n\n\n\n<p>Le chef de l\u2019\u00c9tat a tenu \u00e0 rassurer : aucun nouvel imp\u00f4t ne sera instaur\u00e9 dans le cadre du PLF 2026.<br>Abdelmadjid Tebboune a insist\u00e9 sur la n\u00e9cessit\u00e9 de pr\u00e9server le pouvoir d\u2019achat des citoyens et de prot\u00e9ger le tissu productif national contre toute mesure susceptible de freiner la relance \u00e9conomique.<\/p>\n\n\n\n<p>Dans la m\u00eame logique, il a demand\u00e9 au gouvernement de maintenir un cadre fiscal non contraignant, mais plus performant et plus juste, afin d\u2019assurer une meilleure mobilisation des recettes sans alourdir la charge des contribuables.<\/p>\n\n\n\n<p><strong>Un syst\u00e8me fiscal r\u00e9nov\u00e9 et transparent<\/strong><\/p>\n\n\n\n<p>Le pr\u00e9sident Tebboune a soulign\u00e9 l\u2019importance de mettre en place un syst\u00e8me fiscal r\u00e9form\u00e9, fond\u00e9 sur la transparence, la confiance et l\u2019efficacit\u00e9.<br>Objectif : lutter contre la fraude et l\u2019\u00e9vasion fiscales, corriger les comportements \u00e9conomiques nuisibles et renforcer le lien de confiance entre l\u2019administration et les op\u00e9rateurs \u00e9conomiques.<\/p>\n\n\n\n<p>Cette orientation vise \u00e0 cr\u00e9er un environnement plus favorable \u00e0 l\u2019investissement, notamment dans les secteurs productifs, et \u00e0 simplifier les proc\u00e9dures pour les entreprises comme pour les particuliers.<\/p>\n\n\n\n<p><strong>Les transferts sociaux, pilier de la solidarit\u00e9 nationale<\/strong><\/p>\n\n\n\n<p>Le chef de l\u2019\u00c9tat a r\u00e9affirm\u00e9 son attachement ind\u00e9fectible aux transferts sociaux, consid\u00e9r\u00e9s comme un levier essentiel de la justice sociale.<br>Malgr\u00e9 les contraintes budg\u00e9taires, ces m\u00e9canismes de soutien \u2014 allocations, subventions, aides au logement et \u00e0 la sant\u00e9 \u2014 seront maintenus et renforc\u00e9s.<\/p>\n\n\n\n<p>Pour Abdelmadjid Tebboune, la solidarit\u00e9 nationale reste une ligne rouge, indissociable du mod\u00e8le social alg\u00e9rien.<br>L\u2019objectif est clair : garantir la coh\u00e9sion sociale tout en consolidant la stabilit\u00e9 macro\u00e9conomique.<\/p>\n\n\n\n<p><strong>Un cap clair vers la soutenabilit\u00e9 \u00e9conomique<\/strong><\/p>\n\n\n\n<p>Le pr\u00e9sident a exhort\u00e9 le gouvernement \u00e0 poursuivre une politique budg\u00e9taire \u00e9quilibr\u00e9e et responsable, ax\u00e9e sur la p\u00e9rennit\u00e9 des finances publiques et la relance de l\u2019investissement productif.<br>Le PLF 2026 met ainsi l\u2019accent sur la continuit\u00e9 des projets structurants, le soutien \u00e0 l\u2019industrie nationale et la diversification de l\u2019\u00e9conomie hors hydrocarbures.<\/p>\n\n\n\n<p>En adoptant ce projet, l\u2019Alg\u00e9rie confirme son engagement vers une croissance inclusive et ma\u00eetris\u00e9e, conjuguant rigueur financi\u00e8re, \u00e9quit\u00e9 sociale et modernisation \u00e9conomique.<\/p>\n\n\n\n<p>S.B.<\/p>\n","protected":false},"excerpt":{"rendered":"<p>Le pr\u00e9sident de la R\u00e9publique, Abdelmadjid Tebboune, a pr\u00e9sid\u00e9, ce dimanche, une r\u00e9union du Conseil des ministres consacr\u00e9e \u00e0 l\u2019examen et \u00e0 l\u2019adoption du projet de loi de finances pour 2026 (PLF 2026).Le texte, adopt\u00e9 \u00e0 l\u2019unanimit\u00e9, consacre une orientation budg\u00e9taire marqu\u00e9e par la stabilit\u00e9 fiscale, la pr\u00e9servation des transferts sociaux et la poursuite d\u2019une [&hellip;]<\/p>\n","protected":false},"author":3,"featured_media":3038,"comment_status":"open","ping_status":"open","sticky":false,"template":"","format":"standard","meta":{"footnotes":""},"categories":[8],"tags":[],"class_list":{"0":"post-3037","1":"post","2":"type-post","3":"status-publish","4":"format-standard","5":"has-post-thumbnail","7":"category-economie"},"_links":{"self":[{"href":"https:\/\/lequotidien-deconstantine.dz\/index.php?rest_route=\/wp\/v2\/posts\/3037","targetHints":{"allow":["GET"]}}],"collection":[{"href":"https:\/\/lequotidien-deconstantine.dz\/index.php?rest_route=\/wp\/v2\/posts"}],"about":[{"href":"https:\/\/lequotidien-deconstantine.dz\/index.php?rest_route=\/wp\/v2\/types\/post"}],"author":[{"embeddable":true,"href":"https:\/\/lequotidien-deconstantine.dz\/index.php?rest_route=\/wp\/v2\/users\/3"}],"replies":[{"embeddable":true,"href":"https:\/\/lequotidien-deconstantine.dz\/index.php?rest_route=%2Fwp%2Fv2%2Fcomments&post=3037"}],"version-history":[{"count":1,"href":"https:\/\/lequotidien-deconstantine.dz\/index.php?rest_route=\/wp\/v2\/posts\/3037\/revisions"}],"predecessor-version":[{"id":3039,"href":"https:\/\/lequotidien-deconstantine.dz\/index.php?rest_route=\/wp\/v2\/posts\/3037\/revisions\/3039"}],"wp:featuredmedia":[{"embeddable":true,"href":"https:\/\/lequotidien-deconstantine.dz\/index.php?rest_route=\/wp\/v2\/media\/3038"}],"wp:attachment":[{"href":"https:\/\/lequotidien-deconstantine.dz\/index.php?rest_route=%2Fwp%2Fv2%2Fmedia&parent=3037"}],"wp:term":[{"taxonomy":"category","embeddable":true,"href":"https:\/\/lequotidien-deconstantine.dz\/index.php?rest_route=%2Fwp%2Fv2%2Fcategories&post=3037"},{"taxonomy":"post_tag","embeddable":true,"href":"https:\/\/lequotidien-deconstantine.dz\/index.php?rest_route=%2Fwp%2Fv2%2Ftags&post=3037"}],"curies":[{"name":"wp","href":"https:\/\/api.w.org\/{rel}","templated":true}]}}