{"id":3148,"date":"2025-10-22T08:48:11","date_gmt":"2025-10-22T07:48:11","guid":{"rendered":"https:\/\/lequotidien-deconstantine.dz\/?p=3148"},"modified":"2025-10-22T08:48:13","modified_gmt":"2025-10-22T07:48:13","slug":"drones-lintelligence-contre-attaque","status":"publish","type":"post","link":"https:\/\/lequotidien-deconstantine.dz\/?p=3148","title":{"rendered":"Drones\u00a0: L\u2019intelligence contre-attaque"},"content":{"rendered":"\n<p><em><strong>L\u2019Alg\u00e9rie lance un Master in\u00e9dit pour former ses ing\u00e9nieurs \u00e0 la guerre \u00e9lectronique et \u00e0 la ma\u00eetrise des syst\u00e8mes autonomes, un enjeu strat\u00e9gique de souverainet\u00e9 technologique.<\/strong><\/em><strong><em><\/em><\/strong><\/p>\n\n\n\n<p>L\u2019Alg\u00e9rie fait un pas d\u00e9cisif vers la souverainet\u00e9 technologique. Mardi, le ministre de l\u2019Enseignement sup\u00e9rieur et de la Recherche scientifique, Kamel Baddari, a inaugur\u00e9 \u00e0 l\u2019Universit\u00e9 des Sciences et de la Technologie Houari-Boumediene (USTHB) le premier Master national consacr\u00e9 aux syst\u00e8mes de contr\u00f4le et de brouillage des drones.<\/p>\n\n\n\n<p>Cr\u00e9\u00e9 en collaboration avec l\u2019\u00c9cole nationale sup\u00e9rieure des syst\u00e8mes autonomes (ENSSA), ce programme pionnier ambitionne de former une \u00e9lite scientifique et technique capable de concevoir, neutraliser et piloter les technologies associ\u00e9es aux a\u00e9ronefs sans pilote.<\/p>\n\n\n\n<p>La premi\u00e8re promotion, compos\u00e9e de 30 \u00e9tudiants issus des sp\u00e9cialit\u00e9s d\u2019\u00e9lectronique, d\u2019automatique et de t\u00e9l\u00e9communications, b\u00e9n\u00e9ficiera d\u2019une formation sur deux ans. \u00c0 la cl\u00e9, un recrutement direct au Centre de recherche en technologies industrielles (CRTI) et dans d\u2019autres organismes strat\u00e9giques.<\/p>\n\n\n\n<p>\u00ab Ce Master sensible vise \u00e0 doter l\u2019Alg\u00e9rie d\u2019ing\u00e9nieurs capables de ma\u00eetriser la technologie des drones, de la d\u00e9tection au brouillage, en int\u00e9grant intelligence artificielle, cybers\u00e9curit\u00e9 et \u00e9lectronique de d\u00e9fense \u00bb, a pr\u00e9cis\u00e9 M. Baddari.<\/p>\n\n\n\n<p><strong>La guerre des drones : une r\u00e9volution silencieuse<\/strong><\/p>\n\n\n\n<p>En une d\u00e9cennie, les drones sont pass\u00e9s du statut de gadget d\u2019observation \u00e0 celui d\u2019arme d\u00e9cisive et industrie strat\u00e9gique.<br>Selon l\u2019Institut international d\u2019\u00e9tudes strat\u00e9giques (IISS), plus de 70 pays disposent d\u00e9sormais de drones militaires, tandis que plus de 30 \u00c9tats ont d\u00e9velopp\u00e9 des capacit\u00e9s de guerre \u00e9lectronique capables de les neutraliser ou de les d\u00e9tourner.<\/p>\n\n\n\n<p>Le march\u00e9 mondial des drones, \u00e9valu\u00e9 \u00e0 34 milliards de dollars en 2023, devrait atteindre 90 milliards \u00e0 l\u2019horizon 2030, selon le cabinet Fortune Business Insights.<br>L\u2019usage militaire en repr\u00e9sente pr\u00e8s de 65 %, port\u00e9 par des conflits r\u00e9cents o\u00f9 les drones ont jou\u00e9 un r\u00f4le central : Ukraine, Gaza, Syrie, Haut-Karabakh, Libye&#8230; Ces th\u00e9\u00e2tres ont d\u00e9montr\u00e9 que le contr\u00f4le de l\u2019espace a\u00e9rien basse altitude est devenu une cl\u00e9 du rapport de force.<\/p>\n\n\n\n<p><strong>L\u2019Alg\u00e9rie entre formation et ma\u00eetrise technologique<\/strong><\/p>\n\n\n\n<p>Pour l\u2019Alg\u00e9rie, le lancement de ce Master ne rel\u00e8ve pas du symbole, mais d\u2019un virage strat\u00e9gique.<br>Le pays d\u00e9veloppe d\u00e9j\u00e0, via le CRTI et le minist\u00e8re de la D\u00e9fense nationale, des drones de surveillance, de reconnaissance et d\u2019intervention l\u00e9g\u00e8re. Ces programmes, souvent discrets, s\u2019appuient sur des coop\u00e9rations scientifiques avec des universit\u00e9s locales et des partenariats techniques ponctuels avec la Chine, la Turquie et l\u2019Afrique du Sud.<\/p>\n\n\n\n<p>La cr\u00e9ation de ce cursus vise \u00e0 int\u00e9rioriser les comp\u00e9tences n\u00e9cessaires pour concevoir localement les technologies critiques : cam\u00e9ras infrarouges, syst\u00e8mes de navigation, brouillage \u00e9lectromagn\u00e9tique, intelligence embarqu\u00e9e, et protection des r\u00e9seaux.<br>Le but affich\u00e9 : r\u00e9duire la d\u00e9pendance aux importations et b\u00e2tir une capacit\u00e9 de dissuasion autonome.<\/p>\n\n\n\n<p>\u00ab L\u2019Alg\u00e9rie nouvelle investit dans les sciences et les technologies de pointe pour garantir sa souverainet\u00e9 nationale \u00bb, a insist\u00e9 le ministre, \u00e9voquant une \u201cg\u00e9n\u00e9ration de scientifiques patriotes au service de la s\u00e9curit\u00e9 du pays\u201d.<\/p>\n\n\n\n<p>Avec ce premier Master en syst\u00e8mes de contr\u00f4le et de brouillage des drones, l\u2019Alg\u00e9rie affirme sa volont\u00e9 de lier formation, recherche et d\u00e9fense nationale.<br><br><\/p>\n\n\n\n<p>L.R.<\/p>\n\n\n\n<p><\/p>\n","protected":false},"excerpt":{"rendered":"<p>L\u2019Alg\u00e9rie lance un Master in\u00e9dit pour former ses ing\u00e9nieurs \u00e0 la guerre \u00e9lectronique et \u00e0 la ma\u00eetrise des syst\u00e8mes autonomes, un enjeu strat\u00e9gique de souverainet\u00e9 technologique. L\u2019Alg\u00e9rie fait un pas d\u00e9cisif vers la souverainet\u00e9 technologique. Mardi, le ministre de l\u2019Enseignement sup\u00e9rieur et de la Recherche scientifique, Kamel Baddari, a inaugur\u00e9 \u00e0 l\u2019Universit\u00e9 des Sciences et [&hellip;]<\/p>\n","protected":false},"author":3,"featured_media":3149,"comment_status":"open","ping_status":"open","sticky":false,"template":"","format":"standard","meta":{"footnotes":""},"categories":[10],"tags":[],"class_list":{"0":"post-3148","1":"post","2":"type-post","3":"status-publish","4":"format-standard","5":"has-post-thumbnail","7":"category-magazine"},"_links":{"self":[{"href":"https:\/\/lequotidien-deconstantine.dz\/index.php?rest_route=\/wp\/v2\/posts\/3148","targetHints":{"allow":["GET"]}}],"collection":[{"href":"https:\/\/lequotidien-deconstantine.dz\/index.php?rest_route=\/wp\/v2\/posts"}],"about":[{"href":"https:\/\/lequotidien-deconstantine.dz\/index.php?rest_route=\/wp\/v2\/types\/post"}],"author":[{"embeddable":true,"href":"https:\/\/lequotidien-deconstantine.dz\/index.php?rest_route=\/wp\/v2\/users\/3"}],"replies":[{"embeddable":true,"href":"https:\/\/lequotidien-deconstantine.dz\/index.php?rest_route=%2Fwp%2Fv2%2Fcomments&post=3148"}],"version-history":[{"count":1,"href":"https:\/\/lequotidien-deconstantine.dz\/index.php?rest_route=\/wp\/v2\/posts\/3148\/revisions"}],"predecessor-version":[{"id":3150,"href":"https:\/\/lequotidien-deconstantine.dz\/index.php?rest_route=\/wp\/v2\/posts\/3148\/revisions\/3150"}],"wp:featuredmedia":[{"embeddable":true,"href":"https:\/\/lequotidien-deconstantine.dz\/index.php?rest_route=\/wp\/v2\/media\/3149"}],"wp:attachment":[{"href":"https:\/\/lequotidien-deconstantine.dz\/index.php?rest_route=%2Fwp%2Fv2%2Fmedia&parent=3148"}],"wp:term":[{"taxonomy":"category","embeddable":true,"href":"https:\/\/lequotidien-deconstantine.dz\/index.php?rest_route=%2Fwp%2Fv2%2Fcategories&post=3148"},{"taxonomy":"post_tag","embeddable":true,"href":"https:\/\/lequotidien-deconstantine.dz\/index.php?rest_route=%2Fwp%2Fv2%2Ftags&post=3148"}],"curies":[{"name":"wp","href":"https:\/\/api.w.org\/{rel}","templated":true}]}}