{"id":3201,"date":"2025-10-29T08:51:02","date_gmt":"2025-10-29T07:51:02","guid":{"rendered":"https:\/\/lequotidien-deconstantine.dz\/?p=3201"},"modified":"2025-10-29T08:51:08","modified_gmt":"2025-10-29T07:51:08","slug":"barrage-vert-une-muraille-anti-desert-de-26-000-hectares","status":"publish","type":"post","link":"https:\/\/lequotidien-deconstantine.dz\/?p=3201","title":{"rendered":"Barrage vert\u00a0: Une muraille anti-d\u00e9sert de 26 000 hectares"},"content":{"rendered":"\n<p>L\u2019Alg\u00e9rie se met \u00e0 l\u2019heure verte. \u00c0 l\u2019occasion de la Journ\u00e9e nationale de l\u2019arbre, c\u00e9l\u00e9br\u00e9e chaque ann\u00e9e le 25 octobre, une nouvelle campagne nationale de reboisement a \u00e9t\u00e9 lanc\u00e9e, avec un objectif in\u00e9dit : planter plus d\u2019un million de plants \u00e0 travers le territoire national. Le coup d\u2019envoi officiel a \u00e9t\u00e9 donn\u00e9 simultan\u00e9ment dans les wilayas de Tizi Ouzou, Bouira et Bordj Bou Arreridj, selon Mme Sabrina Rachedi, directrice de la restauration des terres et du reboisement \u00e0 la Direction g\u00e9n\u00e9rale des for\u00eats (DGF).<\/p>\n\n\n\n<p>Invit\u00e9e de l\u2019\u00e9mission <em>L\u2019Invit\u00e9 du jour<\/em> sur Radio Cha\u00eene 3, Mme Rachedi a pr\u00e9cis\u00e9 que cette campagne tient compte de la diversit\u00e9 climatique du pays :<\/p>\n\n\n\n<p>\u00ab Dans le Nord, nous visons le traitement des bassins versants pour lutter contre l\u2019\u00e9rosion hydrique et prot\u00e9ger les barrages de l\u2019envasement. Dans les Hauts Plateaux, nous privil\u00e9gions des esp\u00e8ces adapt\u00e9es aux climats arides et semi-arides afin de freiner l\u2019ensablement et la d\u00e9sertification. Quant au Sud, l\u2019effort portera sur le renforcement des ceintures vertes pour prot\u00e9ger les routes, voies ferr\u00e9es et agglom\u00e9rations \u00bb, a-t-elle expliqu\u00e9.<\/p>\n\n\n\n<p><strong>Un enjeu national face \u00e0 la d\u00e9sertification<\/strong><\/p>\n\n\n\n<p>En Alg\u00e9rie, la d\u00e9sertification progresse silencieusement : plus de 16 millions d\u2019hectares de terres sont aujourd\u2019hui consid\u00e9r\u00e9s comme sensibles \u00e0 ce ph\u00e9nom\u00e8ne, selon la DGF. Les zones arides et semi-arides, qui repr\u00e9sentent pr\u00e8s de 90 % du territoire, subissent une pression croissante li\u00e9e aux changements climatiques, \u00e0 la surexploitation des sols et \u00e0 la raret\u00e9 de l\u2019eau.<\/p>\n\n\n\n<p>Dans ce contexte, le reboisement n\u2019est pas un simple acte symbolique, mais une strat\u00e9gie \u00e9cologique, \u00e9conomique et sociale \u00e0 effets multiples. Il contribue \u00e0 la stabilisation des sols, \u00e0 la protection des territoires contre l\u2019\u00e9rosion et l\u2019ensablement, \u00e0 la s\u00e9questration du CO?, et favorise la cr\u00e9ation d\u2019emplois ruraux tout en am\u00e9liorant la biodiversit\u00e9 et les milieux de vie. Chaque arbre plant\u00e9 devient un maillon d\u2019une cha\u00eene de r\u00e9silience face aux d\u00e9r\u00e8glements climatiques.<\/p>\n\n\n\n<p><strong>Le Barrage vert, mod\u00e8le de r\u00e9silience climatique<\/strong><\/p>\n\n\n\n<p>Symbole historique de cette strat\u00e9gie, le Barrage vert \u2014 ce vaste cordon forestier imagin\u00e9 dans les ann\u00e9es 1970 pour freiner l\u2019avanc\u00e9e du Sahara \u2014 conna\u00eet aujourd\u2019hui une renaissance concr\u00e8te. Relanc\u00e9 le 29 octobre 2023, il a d\u00e9j\u00e0 permis de reboiser 26 000 hectares en moins d\u2019un an.<\/p>\n\n\n\n<p>Ce programme vise \u00e0 allier d\u00e9veloppement durable et r\u00e9silience climatique, en int\u00e9grant des approches plus scientifiques : choix d\u2019esp\u00e8ces adapt\u00e9es, restauration des sols, implication des populations locales et suivi \u00e9cologique. Il s\u2019agit de transformer un projet jadis exp\u00e9rimental en mod\u00e8le r\u00e9gional de lutte contre la d\u00e9sertification, \u00e0 la crois\u00e9e de la recherche, de la gestion territoriale et de l\u2019action communautaire.<\/p>\n\n\n\n<p><strong>Un objectif ambitieux : 16 % de couverture foresti\u00e8re<\/strong><\/p>\n\n\n\n<p>Le patrimoine forestier national couvre actuellement 4,1 millions d\u2019hectares, soit \u00e0 peine 2 % de la superficie totale du pays et 11 % de celle du Nord. La DGF ambitionne d\u00e9sormais d\u2019atteindre la norme internationale de 16 % de couverture foresti\u00e8re.<\/p>\n\n\n\n<p>Cet objectif traduit la volont\u00e9 de reconstruire les \u00e9cosyst\u00e8mes et d\u2019\u00e9tablir un \u00e9quilibre \u00e9cologique durable. Mais le chemin reste long, et chaque campagne de plantation s\u2019inscrit dans une bataille de longue haleine o\u00f9 chaque arbre compte.<\/p>\n\n\n\n<p><strong>Planter ne suffit pas : entretenir et diversifier<\/strong><\/p>\n\n\n\n<p>Mme Rachedi insiste sur le fait que \u00ab le d\u00e9fi n\u2019est pas de planter, mais de faire vivre les arbres. \u00bb<\/p>\n\n\n\n<p>En effet, les pr\u00e9c\u00e9dents programmes ont parfois souffert de monocultures fragiles, d\u2019un entretien insuffisant et du choix d\u2019essences inadapt\u00e9es aux conditions locales. Aujourd\u2019hui, l\u2019approche se veut plus raisonn\u00e9e : diversit\u00e9 botanique, implication citoyenne, suivi post-plantation et int\u00e9gration des projets dans le d\u00e9veloppement local.<\/p>\n\n\n\n<p>L\u2019incivisme, les incendies, le surp\u00e2turage et la d\u00e9forestation ill\u00e9gale demeurent des menaces persistantes. D\u2019o\u00f9 la n\u00e9cessit\u00e9 d\u2019une mobilisation collective et continue, afin de transformer le reboisement en un engagement de soci\u00e9t\u00e9 et non en une op\u00e9ration saisonni\u00e8re.<\/p>\n\n\n\n<p><strong>Un poumon vert pour les g\u00e9n\u00e9rations futures<\/strong><\/p>\n\n\n\n<p>En restaurant ses for\u00eats et en reconstituant son Barrage vert, l\u2019Alg\u00e9rie engage un combat strat\u00e9gique pour la survie de ses terres et de ses ressources naturelles. Face \u00e0 la d\u00e9sertification qui grignote du terrain chaque ann\u00e9e, le reboisement devient un acte de souverainet\u00e9 \u00e9cologique et un pari sur l\u2019avenir \u2014 celui d\u2019un pays plus vert, plus r\u00e9silient et plus durable.<\/p>\n\n\n\n<p><strong>L.R.<\/strong><\/p>\n","protected":false},"excerpt":{"rendered":"<p>L\u2019Alg\u00e9rie se met \u00e0 l\u2019heure verte. \u00c0 l\u2019occasion de la Journ\u00e9e nationale de l\u2019arbre, c\u00e9l\u00e9br\u00e9e chaque ann\u00e9e le 25 octobre, une nouvelle campagne nationale de reboisement a \u00e9t\u00e9 lanc\u00e9e, avec un objectif in\u00e9dit : planter plus d\u2019un million de plants \u00e0 travers le territoire national. Le coup d\u2019envoi officiel a \u00e9t\u00e9 donn\u00e9 simultan\u00e9ment dans les [&hellip;]<\/p>\n","protected":false},"author":3,"featured_media":3202,"comment_status":"open","ping_status":"open","sticky":false,"template":"","format":"standard","meta":{"footnotes":""},"categories":[10],"tags":[],"class_list":{"0":"post-3201","1":"post","2":"type-post","3":"status-publish","4":"format-standard","5":"has-post-thumbnail","7":"category-magazine"},"_links":{"self":[{"href":"https:\/\/lequotidien-deconstantine.dz\/index.php?rest_route=\/wp\/v2\/posts\/3201","targetHints":{"allow":["GET"]}}],"collection":[{"href":"https:\/\/lequotidien-deconstantine.dz\/index.php?rest_route=\/wp\/v2\/posts"}],"about":[{"href":"https:\/\/lequotidien-deconstantine.dz\/index.php?rest_route=\/wp\/v2\/types\/post"}],"author":[{"embeddable":true,"href":"https:\/\/lequotidien-deconstantine.dz\/index.php?rest_route=\/wp\/v2\/users\/3"}],"replies":[{"embeddable":true,"href":"https:\/\/lequotidien-deconstantine.dz\/index.php?rest_route=%2Fwp%2Fv2%2Fcomments&post=3201"}],"version-history":[{"count":1,"href":"https:\/\/lequotidien-deconstantine.dz\/index.php?rest_route=\/wp\/v2\/posts\/3201\/revisions"}],"predecessor-version":[{"id":3203,"href":"https:\/\/lequotidien-deconstantine.dz\/index.php?rest_route=\/wp\/v2\/posts\/3201\/revisions\/3203"}],"wp:featuredmedia":[{"embeddable":true,"href":"https:\/\/lequotidien-deconstantine.dz\/index.php?rest_route=\/wp\/v2\/media\/3202"}],"wp:attachment":[{"href":"https:\/\/lequotidien-deconstantine.dz\/index.php?rest_route=%2Fwp%2Fv2%2Fmedia&parent=3201"}],"wp:term":[{"taxonomy":"category","embeddable":true,"href":"https:\/\/lequotidien-deconstantine.dz\/index.php?rest_route=%2Fwp%2Fv2%2Fcategories&post=3201"},{"taxonomy":"post_tag","embeddable":true,"href":"https:\/\/lequotidien-deconstantine.dz\/index.php?rest_route=%2Fwp%2Fv2%2Ftags&post=3201"}],"curies":[{"name":"wp","href":"https:\/\/api.w.org\/{rel}","templated":true}]}}