{"id":3227,"date":"2025-11-03T07:39:53","date_gmt":"2025-11-03T06:39:53","guid":{"rendered":"https:\/\/lequotidien-deconstantine.dz\/?p=3227"},"modified":"2025-11-03T07:39:55","modified_gmt":"2025-11-03T06:39:55","slug":"petrole-ajustement-maitrise-et-une-approche-prudente","status":"publish","type":"post","link":"https:\/\/lequotidien-deconstantine.dz\/?p=3227","title":{"rendered":"P\u00e9trole\u00a0: Ajustement ma\u00eetris\u00e9 et une approche prudente"},"content":{"rendered":"\n<p>L\u2019Alg\u00e9rie s\u2019appr\u00eate \u00e0 injecter 4 000 barils suppl\u00e9mentaires par jour sur le march\u00e9 mondial d\u00e8s le mois de d\u00e9cembre. Cette hausse s\u2019inscrit dans la d\u00e9cision collective prise ce dimanche par huit pays de l\u2019OPEP+ \u2014 parmi lesquels figurent l\u2019Arabie saoudite, la Russie et les \u00c9mirats arabes unis \u2014 d\u2019augmenter leur production globale de <strong>137 000 barils par jour<\/strong><strong>.<\/strong><\/p>\n\n\n\n<p>Cette mesure, adopt\u00e9e lors d\u2019une r\u00e9union minist\u00e9rielle tenue par visioconf\u00e9rence, pr\u00e9c\u00e8de une <strong>p\u00e9riode de gel de toute nouvelle hausse<\/strong>pr\u00e9vue entre<strong>janvier et mars 2026<\/strong><strong>, <\/strong>afin de tenir compte du repli saisonnier de la demande mondiale en \u00e9nergie.<\/p>\n\n\n\n<p>Pour Alger, cette d\u00e9cision traduit un <strong>r\u00e9ajustement ma\u00eetris\u00e9<\/strong>, pens\u00e9 dans un contexte \u00e9conomique mondial encore volatil.<br>\u00ab Cette augmentation mesur\u00e9e t\u00e9moigne d\u2019une approche prudente et concert\u00e9e \u00bb, a affirm\u00e9 <strong>Mohamed Arkab<\/strong><strong>,<\/strong> ministre d\u2019\u00c9tat, ministre des Hydrocarbures et des Mines, qui repr\u00e9sentait l\u2019Alg\u00e9rie aux c\u00f4t\u00e9s du <strong>PDG de Sonatrach, Noureddine Daoudi<\/strong><strong>, <\/strong>et du<strong>pr\u00e9sident de l\u2019ALNAFT, Samir Bekhti<\/strong><strong>.<\/strong><\/p>\n\n\n\n<p>Le ministre a soulign\u00e9 que l\u2019objectif commun reste de <strong>pr\u00e9server l\u2019\u00e9quilibre et la stabilit\u00e9 du march\u00e9 p\u00e9trolier<\/strong><strong>,<\/strong> tout en r\u00e9pondant aux besoins croissants des consommateurs.<br>\u00ab Le gel d\u00e9cid\u00e9 pour le premier trimestre 2026 s\u2019inscrit dans une logique de vigilance, pour suivre de pr\u00e8s l\u2019\u00e9volution du march\u00e9 et maintenir la coh\u00e9rence des efforts entrepris \u00bb, a-t-il pr\u00e9cis\u00e9.<\/p>\n\n\n\n<p>Cette coordination entre les huit producteurs \u2014 Arabie saoudite, \u00c9mirats arabes unis, Irak, Kazakhstan, Kowe\u00eft, Oman, Russie et Alg\u00e9rie \u2014 illustre la <strong>discipline interne du groupe OPEP+<\/strong>, qui tente depuis plusieurs mois de stabiliser les cours dans une conjoncture o\u00f9 les tensions g\u00e9opolitiques, la transition \u00e9nerg\u00e9tique et la croissance mondiale cr\u00e9ent de nouvelles incertitudes.<\/p>\n\n\n\n<p><\/p>\n","protected":false},"excerpt":{"rendered":"<p>L\u2019Alg\u00e9rie s\u2019appr\u00eate \u00e0 injecter 4 000 barils suppl\u00e9mentaires par jour sur le march\u00e9 mondial d\u00e8s le mois de d\u00e9cembre. Cette hausse s\u2019inscrit dans la d\u00e9cision collective prise ce dimanche par huit pays de l\u2019OPEP+ \u2014 parmi lesquels figurent l\u2019Arabie saoudite, la Russie et les \u00c9mirats arabes unis \u2014 d\u2019augmenter leur production globale de 137 000 [&hellip;]<\/p>\n","protected":false},"author":3,"featured_media":3228,"comment_status":"open","ping_status":"open","sticky":false,"template":"","format":"standard","meta":{"footnotes":""},"categories":[8],"tags":[],"class_list":{"0":"post-3227","1":"post","2":"type-post","3":"status-publish","4":"format-standard","5":"has-post-thumbnail","7":"category-economie"},"_links":{"self":[{"href":"https:\/\/lequotidien-deconstantine.dz\/index.php?rest_route=\/wp\/v2\/posts\/3227","targetHints":{"allow":["GET"]}}],"collection":[{"href":"https:\/\/lequotidien-deconstantine.dz\/index.php?rest_route=\/wp\/v2\/posts"}],"about":[{"href":"https:\/\/lequotidien-deconstantine.dz\/index.php?rest_route=\/wp\/v2\/types\/post"}],"author":[{"embeddable":true,"href":"https:\/\/lequotidien-deconstantine.dz\/index.php?rest_route=\/wp\/v2\/users\/3"}],"replies":[{"embeddable":true,"href":"https:\/\/lequotidien-deconstantine.dz\/index.php?rest_route=%2Fwp%2Fv2%2Fcomments&post=3227"}],"version-history":[{"count":1,"href":"https:\/\/lequotidien-deconstantine.dz\/index.php?rest_route=\/wp\/v2\/posts\/3227\/revisions"}],"predecessor-version":[{"id":3229,"href":"https:\/\/lequotidien-deconstantine.dz\/index.php?rest_route=\/wp\/v2\/posts\/3227\/revisions\/3229"}],"wp:featuredmedia":[{"embeddable":true,"href":"https:\/\/lequotidien-deconstantine.dz\/index.php?rest_route=\/wp\/v2\/media\/3228"}],"wp:attachment":[{"href":"https:\/\/lequotidien-deconstantine.dz\/index.php?rest_route=%2Fwp%2Fv2%2Fmedia&parent=3227"}],"wp:term":[{"taxonomy":"category","embeddable":true,"href":"https:\/\/lequotidien-deconstantine.dz\/index.php?rest_route=%2Fwp%2Fv2%2Fcategories&post=3227"},{"taxonomy":"post_tag","embeddable":true,"href":"https:\/\/lequotidien-deconstantine.dz\/index.php?rest_route=%2Fwp%2Fv2%2Ftags&post=3227"}],"curies":[{"name":"wp","href":"https:\/\/api.w.org\/{rel}","templated":true}]}}