{"id":3255,"date":"2025-11-06T07:46:04","date_gmt":"2025-11-06T06:46:04","guid":{"rendered":"https:\/\/lequotidien-deconstantine.dz\/?p=3255"},"modified":"2025-11-06T07:46:06","modified_gmt":"2025-11-06T06:46:06","slug":"drogue-a-lecole-lutte-implacable","status":"publish","type":"post","link":"https:\/\/lequotidien-deconstantine.dz\/?p=3255","title":{"rendered":"Drogue \u00e0 l\u2019\u00e9cole\u00a0: Lutte implacable"},"content":{"rendered":"\n<p>Le gouvernement alg\u00e9rien durcit le ton face \u00e0 la mont\u00e9e du fl\u00e9au des stup\u00e9fiants dans les \u00e9tablissements scolaires. R\u00e9uni mercredi sous la pr\u00e9sidence du Premier ministre, Sifi Ghrieb, l\u2019Ex\u00e9cutif a examin\u00e9 deux projets de d\u00e9crets ex\u00e9cutifs qui traduisent la mise en \u0153uvre concr\u00e8te de la strat\u00e9gie nationale de pr\u00e9vention des stup\u00e9fiants et des substances psychotropes 2025-2029.<br>Objectif affich\u00e9 : prot\u00e9ger la jeunesse et les milieux professionnels contre une menace de plus en plus pr\u00e9occupante.<\/p>\n\n\n\n<p><strong>D\u00e9pistage et pr\u00e9vention d\u00e8s l\u2019\u00e9cole<\/strong><\/p>\n\n\n\n<p>Les deux textes en cours d\u2019adoption visent \u00e0 encadrer les conditions et modalit\u00e9s de d\u00e9pistage de l\u2019usage de stup\u00e9fiants et de substances psychotropes au sein des \u00e9tablissements d\u2019\u00e9ducation, d\u2019enseignement et de formation.<br>Il s\u2019agit d\u2019instaurer, pour la premi\u00e8re fois, un cadre l\u00e9gal permettant le d\u00e9pistage pr\u00e9ventif et la sensibilisation syst\u00e9matique dans les \u00e9coles, coll\u00e8ges, lyc\u00e9es et centres de formation.<br>Le gouvernement entend, par cette mesure, d\u00e9tecter pr\u00e9cocement les cas \u00e0 risque, renforcer la vigilance des personnels \u00e9ducatifs et impliquer les familles dans une dynamique collective de pr\u00e9vention.<\/p>\n\n\n\n<p><strong>Des contr\u00f4les \u00e9tendus au monde du travail<\/strong><\/p>\n\n\n\n<p>Le second d\u00e9cret fixe les conditions de pr\u00e9vention et de d\u00e9pistage lors du recrutement dans les secteurs public et priv\u00e9. Cette disposition vise \u00e0 assainir les milieux professionnels et \u00e0 pr\u00e9venir la consommation de psychotropes au travail.<br>Cette approche int\u00e9gr\u00e9e s\u2019inscrit dans la volont\u00e9 de l\u2019\u00c9tat d\u2019agir sur tous les fronts du fl\u00e9au, en ciblant \u00e0 la fois les lieux d\u2019\u00e9ducation, de formation et d\u2019emploi, pour cr\u00e9er un environnement plus sain et s\u00e9curis\u00e9.<\/p>\n\n\n\n<p>Au cours de la m\u00eame r\u00e9union, le gouvernement a \u00e9galement examin\u00e9 une communication sur la r\u00e9organisation de l\u2019investissement du secteur priv\u00e9 dans le domaine de la sant\u00e9.<br>Le Premier ministre a mis en avant le potentiel croissant du priv\u00e9, son encadrement par un dispositif l\u00e9gislatif incitatif et son r\u00f4le de plus en plus affirm\u00e9 dans la strat\u00e9gie nationale de sant\u00e9.<br>Le gouvernement entend renforcer la compl\u00e9mentarit\u00e9 entre secteur public et priv\u00e9, tout en veillant \u00e0 la qualit\u00e9 des services et \u00e0 l\u2019\u00e9galit\u00e9 d\u2019acc\u00e8s aux soins.<\/p>\n\n\n\n<p><strong>Foncier agricole : acc\u00e9l\u00e9rer la r\u00e9gularisation<\/strong><\/p>\n\n\n\n<p>Enfin, les membres du gouvernement ont examin\u00e9 l\u2019\u00e9tat d\u2019avancement des travaux d\u2019assainissement du foncier agricole relevant du domaine priv\u00e9 de l\u2019\u00c9tat.<br>Cette op\u00e9ration, conduite conform\u00e9ment aux orientations du pr\u00e9sident de la R\u00e9publique, Abdelmadjid Tebboune, vise \u00e0 r\u00e9gulariser la situation juridique des terres agricoles et \u00e0 faciliter leur exploitation.<br>Des commissions locales ont \u00e9t\u00e9 install\u00e9es au niveau des wilayas et des da\u00efras pour acc\u00e9l\u00e9rer les proc\u00e9dures, r\u00e9cup\u00e9rer les terres inexploit\u00e9es et am\u00e9liorer la coordination entre les services concern\u00e9s.<\/p>\n\n\n\n<p>\u00c0 travers ces mesures, le gouvernement affiche sa volont\u00e9 de renforcer la pr\u00e9vention, la sant\u00e9 publique et la bonne gouvernance du foncier, trois axes consid\u00e9r\u00e9s comme essentiels \u00e0 la stabilit\u00e9 et au d\u00e9veloppement du pays.<br>La lutte contre la drogue dans les \u00e9coles appara\u00eet d\u00e9sormais comme un pilier prioritaire de la politique nationale de protection de la jeunesse, dans un contexte o\u00f9 la vigilance et la responsabilit\u00e9 collective sont plus que jamais requises.<\/p>\n\n\n\n<p>K.N.<\/p>\n\n\n\n<p><\/p>\n","protected":false},"excerpt":{"rendered":"<p>Le gouvernement alg\u00e9rien durcit le ton face \u00e0 la mont\u00e9e du fl\u00e9au des stup\u00e9fiants dans les \u00e9tablissements scolaires. R\u00e9uni mercredi sous la pr\u00e9sidence du Premier ministre, Sifi Ghrieb, l\u2019Ex\u00e9cutif a examin\u00e9 deux projets de d\u00e9crets ex\u00e9cutifs qui traduisent la mise en \u0153uvre concr\u00e8te de la strat\u00e9gie nationale de pr\u00e9vention des stup\u00e9fiants et des substances psychotropes [&hellip;]<\/p>\n","protected":false},"author":3,"featured_media":3256,"comment_status":"open","ping_status":"open","sticky":false,"template":"","format":"standard","meta":{"footnotes":""},"categories":[2],"tags":[],"class_list":{"0":"post-3255","1":"post","2":"type-post","3":"status-publish","4":"format-standard","5":"has-post-thumbnail","7":"category-infos"},"_links":{"self":[{"href":"https:\/\/lequotidien-deconstantine.dz\/index.php?rest_route=\/wp\/v2\/posts\/3255","targetHints":{"allow":["GET"]}}],"collection":[{"href":"https:\/\/lequotidien-deconstantine.dz\/index.php?rest_route=\/wp\/v2\/posts"}],"about":[{"href":"https:\/\/lequotidien-deconstantine.dz\/index.php?rest_route=\/wp\/v2\/types\/post"}],"author":[{"embeddable":true,"href":"https:\/\/lequotidien-deconstantine.dz\/index.php?rest_route=\/wp\/v2\/users\/3"}],"replies":[{"embeddable":true,"href":"https:\/\/lequotidien-deconstantine.dz\/index.php?rest_route=%2Fwp%2Fv2%2Fcomments&post=3255"}],"version-history":[{"count":1,"href":"https:\/\/lequotidien-deconstantine.dz\/index.php?rest_route=\/wp\/v2\/posts\/3255\/revisions"}],"predecessor-version":[{"id":3257,"href":"https:\/\/lequotidien-deconstantine.dz\/index.php?rest_route=\/wp\/v2\/posts\/3255\/revisions\/3257"}],"wp:featuredmedia":[{"embeddable":true,"href":"https:\/\/lequotidien-deconstantine.dz\/index.php?rest_route=\/wp\/v2\/media\/3256"}],"wp:attachment":[{"href":"https:\/\/lequotidien-deconstantine.dz\/index.php?rest_route=%2Fwp%2Fv2%2Fmedia&parent=3255"}],"wp:term":[{"taxonomy":"category","embeddable":true,"href":"https:\/\/lequotidien-deconstantine.dz\/index.php?rest_route=%2Fwp%2Fv2%2Fcategories&post=3255"},{"taxonomy":"post_tag","embeddable":true,"href":"https:\/\/lequotidien-deconstantine.dz\/index.php?rest_route=%2Fwp%2Fv2%2Ftags&post=3255"}],"curies":[{"name":"wp","href":"https:\/\/api.w.org\/{rel}","templated":true}]}}