{"id":3281,"date":"2025-11-12T07:40:09","date_gmt":"2025-11-12T06:40:09","guid":{"rendered":"https:\/\/lequotidien-deconstantine.dz\/?p=3281"},"modified":"2025-11-12T07:40:13","modified_gmt":"2025-11-12T06:40:13","slug":"la-cybersecurite-au-service-de-la-souverainete-numerique","status":"publish","type":"post","link":"https:\/\/lequotidien-deconstantine.dz\/?p=3281","title":{"rendered":"La cybers\u00e9curit\u00e9, au service de la souverainet\u00e9 num\u00e9rique"},"content":{"rendered":"\n<p>Le pr\u00e9sident de l\u2019Autorit\u00e9 nationale de protection des donn\u00e9es \u00e0 caract\u00e8re personnel, Samir Bourhil, a affirm\u00e9 mardi \u00e0 B\u00e9char que l\u2019Alg\u00e9rie \u00ab a pleinement conscience de l\u2019importance de la souverainet\u00e9 num\u00e9rique \u00bb et oeuvre sans rel\u00e2che, \u00e0 travers ses institutions constitutionnelles, \u00e0 la consolider et la renforcer dans le cadre de la strat\u00e9gie nationale de transformation num\u00e9rique initi\u00e9e par le pr\u00e9sident de la R\u00e9publique, Abdelmadjid Tebboune.<\/p>\n\n\n\n<p>S\u2019exprimant \u00e0 l\u2019ouverture du colloque international sur la souverainet\u00e9 num\u00e9rique de l\u2019\u00c9tat, M. Bourhil a soulign\u00e9 que cette strat\u00e9gie vise \u00e0 b\u00e2tir une \u00e9conomie num\u00e9rique inclusive, \u00e0 am\u00e9liorer les services publics et \u00e0 favoriser l\u2019inclusion num\u00e9rique, tout en garantissant la protection des donn\u00e9es \u00e0 caract\u00e8re personnel.<\/p>\n\n\n\n<p>Il a rappel\u00e9 que la loi 18-07, relative \u00e0 la protection des personnes physiques dans le traitement des donn\u00e9es personnelles, \u00ab a d\u00e9fini le cadre juridique r\u00e9gissant la gestion des donn\u00e9es en Alg\u00e9rie \u00bb. Ce texte impose \u00e0 tout responsable de traitement \u00ab le respect de la confidentialit\u00e9 \u00bb et la mise en place de mesures techniques et organisationnelles afin de pr\u00e9venir toute atteinte \u00e0 la s\u00e9curit\u00e9 des informations, qu\u2019il s\u2019agisse de vol de donn\u00e9es, d\u2019acc\u00e8s non autoris\u00e9 ou de perturbation des infrastructures num\u00e9riques.<br>Ces exigences, a-t-il insist\u00e9, participent directement \u00e0 la consolidation et \u00e0 la p\u00e9rennisation de la souverainet\u00e9 num\u00e9rique nationale.<\/p>\n\n\n\n<p>Le responsable a expliqu\u00e9 que le d\u00e9veloppement rapide des technologies de l\u2019information et de la communication a donn\u00e9 naissance \u00e0 un espace num\u00e9rique mondial o\u00f9 s\u2019expriment communication et d\u00e9bat \u00e0 travers diverses plateformes. Cet espace, a-t-il reconnu, constitue d\u00e9sormais une source d\u2019inqui\u00e9tude pour de nombreux pays, y compris les plus avanc\u00e9s, \u00ab car il tend \u00e0 \u00e9chapper aux cadres juridiques et aux r\u00e9gulations qu\u2019ils instaurent \u00bb.<br>C\u2019est dans ce contexte, a-t-il ajout\u00e9, qu\u2019a \u00e9merg\u00e9 la notion de souverainet\u00e9 num\u00e9rique, qui consiste pour chaque \u00c9tat \u00e0 exercer son autorit\u00e9 sur son territoire virtuel, au m\u00eame titre que sur son territoire physique.<\/p>\n\n\n\n<p><strong>Espionnage \u00e9lectronique, d\u00e9sinformation, manipulation de l\u2019opinion publique\u2026<\/strong><\/p>\n\n\n\n<p>Selon M. Bourhil, le contr\u00f4le de cet espace virtuel passe notamment par la s\u00e9curisation des bases de donn\u00e9es et des syst\u00e8mes d\u2019information, ainsi que par la protection des donn\u00e9es personnelles. Mais l\u2019essor de l\u2019intelligence artificielle et le d\u00e9passement des fronti\u00e8res physiques par Internet complexifient cette t\u00e2che, exposant les \u00c9tats \u00e0 de nouveaux risques : espionnage \u00e9lectronique, d\u00e9sinformation, manipulation de l\u2019opinion publique ou encore cyberattaques visant \u00e0 paralyser les infrastructures strat\u00e9giques et \u00e0 fragiliser la souverainet\u00e9 nationale.<\/p>\n\n\n\n<p>\u00ab Le l\u00e9gislateur alg\u00e9rien est pleinement conscient que la ma\u00eetrise du cyberespace constitue un levier essentiel de la souverainet\u00e9 de l\u2019\u00c9tat et de la protection de la vie priv\u00e9e de ses citoyens \u00bb, a-t-il affirm\u00e9.<\/p>\n\n\n\n<p>En conclusion, le pr\u00e9sident de l\u2019Autorit\u00e9 nationale de protection des donn\u00e9es personnelles a salu\u00e9 les objectifs du colloque, rappelant qu\u2019\u00e0 l\u2019heure du progr\u00e8s technologique acc\u00e9l\u00e9r\u00e9, la pr\u00e9servation de la vie priv\u00e9e et la s\u00e9curit\u00e9 des donn\u00e9es personnelles demeurent des enjeux vitaux. Il a appel\u00e9 \u00e0 renforcer la culture du num\u00e9rique responsable, \u00e0 travers la sensibilisation, le respect de l\u2019\u00e9thique et la promotion des bonnes pratiques.<\/p>\n\n\n\n<p>Organis\u00e9 \u00e0 l\u2019initiative de l\u2019Institut de droit et des sciences politiques de l\u2019Universit\u00e9 Tahri Mohamed de B\u00e9char, le colloque a donn\u00e9 lieu \u00e0 plusieurs pr\u00e9sentations sur les exp\u00e9riences internationales en mati\u00e8re de protection des donn\u00e9es num\u00e9riques.<\/p>\n\n\n\n<p>L.R.<\/p>\n","protected":false},"excerpt":{"rendered":"<p>Le pr\u00e9sident de l\u2019Autorit\u00e9 nationale de protection des donn\u00e9es \u00e0 caract\u00e8re personnel, Samir Bourhil, a affirm\u00e9 mardi \u00e0 B\u00e9char que l\u2019Alg\u00e9rie \u00ab a pleinement conscience de l\u2019importance de la souverainet\u00e9 num\u00e9rique \u00bb et oeuvre sans rel\u00e2che, \u00e0 travers ses institutions constitutionnelles, \u00e0 la consolider et la renforcer dans le cadre de la strat\u00e9gie nationale de [&hellip;]<\/p>\n","protected":false},"author":3,"featured_media":3282,"comment_status":"open","ping_status":"open","sticky":false,"template":"","format":"standard","meta":{"footnotes":""},"categories":[8],"tags":[],"class_list":{"0":"post-3281","1":"post","2":"type-post","3":"status-publish","4":"format-standard","5":"has-post-thumbnail","7":"category-economie"},"_links":{"self":[{"href":"https:\/\/lequotidien-deconstantine.dz\/index.php?rest_route=\/wp\/v2\/posts\/3281","targetHints":{"allow":["GET"]}}],"collection":[{"href":"https:\/\/lequotidien-deconstantine.dz\/index.php?rest_route=\/wp\/v2\/posts"}],"about":[{"href":"https:\/\/lequotidien-deconstantine.dz\/index.php?rest_route=\/wp\/v2\/types\/post"}],"author":[{"embeddable":true,"href":"https:\/\/lequotidien-deconstantine.dz\/index.php?rest_route=\/wp\/v2\/users\/3"}],"replies":[{"embeddable":true,"href":"https:\/\/lequotidien-deconstantine.dz\/index.php?rest_route=%2Fwp%2Fv2%2Fcomments&post=3281"}],"version-history":[{"count":1,"href":"https:\/\/lequotidien-deconstantine.dz\/index.php?rest_route=\/wp\/v2\/posts\/3281\/revisions"}],"predecessor-version":[{"id":3283,"href":"https:\/\/lequotidien-deconstantine.dz\/index.php?rest_route=\/wp\/v2\/posts\/3281\/revisions\/3283"}],"wp:featuredmedia":[{"embeddable":true,"href":"https:\/\/lequotidien-deconstantine.dz\/index.php?rest_route=\/wp\/v2\/media\/3282"}],"wp:attachment":[{"href":"https:\/\/lequotidien-deconstantine.dz\/index.php?rest_route=%2Fwp%2Fv2%2Fmedia&parent=3281"}],"wp:term":[{"taxonomy":"category","embeddable":true,"href":"https:\/\/lequotidien-deconstantine.dz\/index.php?rest_route=%2Fwp%2Fv2%2Fcategories&post=3281"},{"taxonomy":"post_tag","embeddable":true,"href":"https:\/\/lequotidien-deconstantine.dz\/index.php?rest_route=%2Fwp%2Fv2%2Ftags&post=3281"}],"curies":[{"name":"wp","href":"https:\/\/api.w.org\/{rel}","templated":true}]}}