{"id":3305,"date":"2025-11-17T07:32:01","date_gmt":"2025-11-17T06:32:01","guid":{"rendered":"https:\/\/lequotidien-deconstantine.dz\/?p=3305"},"modified":"2025-11-17T07:32:04","modified_gmt":"2025-11-17T06:32:04","slug":"69-wilayas-la-decentralisation-saccelere","status":"publish","type":"post","link":"https:\/\/lequotidien-deconstantine.dz\/?p=3305","title":{"rendered":"69 wilayas, la d\u00e9centralisation s\u2019acc\u00e9l\u00e8re"},"content":{"rendered":"\n<p>Le pr\u00e9sident de la R\u00e9publique, Abdelmadjid Tebboune, a valid\u00e9 ce dimanche une r\u00e9forme territoriale majeure : l\u2019\u00e9l\u00e9vation de onze circonscriptions administratives \u2014 situ\u00e9es dans les Hauts?Plateaux et le Sud \u2014 au statut de wilayas \u00e0 part enti\u00e8re. Cette d\u00e9cision, act\u00e9e lors d\u2019un Conseil des ministres, porte le nombre de wilayas alg\u00e9riennes \u00e0 69, contre 58 jusqu\u2019alors, et s\u2019inscrit dans une ambition affich\u00e9e de renforcer la gouvernance locale et de rapprocher l\u2019administration des citoyens.<\/p>\n\n\n\n<p>Selon un communiqu\u00e9 officiel, les onze circonscriptions promues sont : Aflou, Barika, Ksar Chellala, Messaad, A\u00efn Oussera, Boussaada, El Abiadh Sidi Cheikh, El Kantara, Bir El Ater, Ksar El Boukhari et El Aricha. Ces localit\u00e9s \u00e9taient jusqu\u2019\u00e0 pr\u00e9sent des wilayas d\u00e9l\u00e9gu\u00e9es ou des da\u00efras rattach\u00e9es \u00e0 de grandes wilayas, mais leur promotion refl\u00e8te un effort de r\u00e9\u00e9quilibrage territorial.<\/p>\n\n\n\n<p>La r\u00e9forme vise \u00e0 r\u00e9duire les disparit\u00e9s entre les r\u00e9gions, particuli\u00e8rement dans les zones recul\u00e9es des Hauts?Plateaux ou du Sud, en renfor\u00e7ant leur capacit\u00e9 administrative et en all\u00e9geant la charge des wilayas \u201cm\u00e8res\u201d. Elle s\u2019inscrit dans la vision du Sch\u00e9ma National d\u2019Am\u00e9nagement du Territoire (SNAT) 2030, qui ambitionne de structurer l\u2019urbanisation, de d\u00e9velopper des p\u00f4les \u00e9conomiques et d\u2019am\u00e9liorer l\u2019inclusion des territoires isol\u00e9s.<\/p>\n\n\n\n<p>Selon le minist\u00e8re de l\u2019Int\u00e9rieur, cette r\u00e9forme sera accompagn\u00e9e d\u00e8s 2025 par l\u2019ouverture de 830 nouveaux postes budg\u00e9taires, destin\u00e9s aux corps administratifs et techniques (architectes, ing\u00e9nieurs en urbanisme, services communs) dans les sept circonscriptions des Hauts?Plateaux concern\u00e9es : Aflou, Barika, Ksar Chellala, Messaad, A\u00efn Oussera, Boussa\u00e2da et El Abiadh Sidi Cheikh. Ce renfort des ressources humaines vise \u00e0 consolider les services publics locaux et \u00e0 assurer la continuit\u00e9 des missions administratives dans ces nouveaux territoires.<\/p>\n\n\n\n<p><strong>Un enjeu de d\u00e9centralisation politique<\/strong><\/p>\n\n\n\n<p>La mont\u00e9e en statut de ces circonscriptions s\u2019inscrit dans une volont\u00e9 plus large de d\u00e9centralisation. Le pr\u00e9sident Tebboune avait d\u00e9j\u00e0 ordonn\u00e9 la cr\u00e9ation de wilayas d\u00e9l\u00e9gu\u00e9es dans le Sud et les Hauts-Plateaux, \u201cpour g\u00e9n\u00e9raliser le d\u00e9veloppement local, cr\u00e9er des espaces \u00e9conomiques et all\u00e9ger le fardeau qui p\u00e8se sur le citoyen\u201d.<\/p>\n\n\n\n<p>Lors du Conseil des ministres, les autorit\u00e9s ont \u00e9galement donn\u00e9 mandat d\u2019achever les proc\u00e9dures l\u00e9gislatives aupr\u00e8s des deux chambres du Parlement afin de rendre effectif le nouveau d\u00e9coupage. Cette d\u00e9marche s\u2019appuie sur l\u2019id\u00e9e que des entit\u00e9s administratives plus proches des citoyens permettront une meilleure gouvernance et un d\u00e9veloppement plus \u00e9quilibr\u00e9.<\/p>\n\n\n\n<p><strong>Vers un paysage administratif encore plus vaste<\/strong><\/p>\n\n\n\n<p>Mais cette r\u00e9forme des 11 nouvelles wilayas pourrait ne pas \u00eatre la derni\u00e8re : le ministre de l\u2019Int\u00e9rieur, Sa\u00efd Sayoud, a \u00e9voqu\u00e9 l\u2019objectif d\u2019atteindre une centaine de wilayas \u00e0 terme, en poursuivant le d\u00e9coupage territorial vers d&rsquo;autres r\u00e9gions. Selon lui, certaines wilayas actuelles sont \u201ctrop vastes\u201d pour \u00eatre g\u00e9r\u00e9es efficacement, avec parfois plus de 60 communes, et leur division permettrait une administration plus efficiente.<\/p>\n\n\n\n<p>Cette perspective s\u2019inscrit dans une logique de modernisation \u00e0 long terme : rapprocher l\u2019\u00c9tat des citoyens, am\u00e9liorer la distribution des services publics, et augmenter l\u2019impact du d\u00e9veloppement \u00e9conomique local.<\/p>\n\n\n\n<p><strong>Quelques profils des futures wilayas<\/strong><\/p>\n\n\n\n<ul class=\"wp-block-list\">\n<li><strong>Aflou<\/strong> (actuelle circonscription dans la wilaya de Laghouat) : zone des Hauts-Plateaux r\u00e9put\u00e9e pour ses vastes \u00e9tendues et son climat semi-aride.<\/li>\n\n\n\n<li><strong>Barika<\/strong>, dans la wilaya de Batna : un centre local d\u2019importance, avec des possibilit\u00e9s \u00e9conomiques autour de l\u2019agriculture et du pastoralisme.<\/li>\n\n\n\n<li><strong>Messaad<\/strong> et <strong>A\u00efn Oussera<\/strong>, jusqu\u2019ici rattach\u00e9es \u00e0 Djelfa, se voient d\u00e9sormais dot\u00e9es de plus d\u2019autonomie administrative, ce qui pourrait stimuler des investissements dans l\u2019infrastructure et le logement.<\/li>\n<\/ul>\n\n\n\n<p>D\u2019autres, comme Bir El Ater (T\u00e9bessa) ou Ksar El Boukhari, ont \u00e9t\u00e9 en d\u00e9bat dans des d\u00e9coupages ant\u00e9rieurs, mais leur \u00e9l\u00e9vation \u00e0 un statut de wilaya r\u00e9pond aujourd\u2019hui \u00e0 une demande croissante de reconnaissance institutionnelle.<\/p>\n\n\n\n<p><strong>Enjeux financiers et logistiques<\/strong><\/p>\n\n\n\n<p>Cette mont\u00e9e en charge territoriale repr\u00e9sente \u00e9videmment un co\u00fbt substantiel pour l\u2019\u00c9tat : cr\u00e9ation d\u2019administrations locales, recrutement de personnels, infrastructures et services publics. L&rsquo;ouverture des 830 nouveaux postes pour 2025 n\u2019est qu\u2019un premier pas vers la mise en place d\u2019un appareil administratif cr\u00e9dible.<\/p>\n\n\n\n<p>Mais les autorit\u00e9s estiment que cet investissement est justifi\u00e9 par les b\u00e9n\u00e9fices potentiels : en rapprochant les d\u00e9cisions des citoyens, en d\u00e9veloppant des p\u00f4les \u00e9conomiques r\u00e9gionaux et en am\u00e9liorant la coh\u00e9sion territoriale, l\u2019Alg\u00e9rie pourrait g\u00e9n\u00e9rer davantage d\u2019activit\u00e9s locales, r\u00e9duire les in\u00e9galit\u00e9s et stimuler la croissance.<\/p>\n\n\n\n<p>Certains experts saluent cette r\u00e9forme comme une dynamique vertueuse pour l\u2019Alg\u00e9rie : elle permet de d\u00e9concentrer l\u2019administration, de donner plus de pouvoir aux territoires et d\u2019engager un d\u00e9veloppement plus \u00e9quilibr\u00e9. D\u2019autres, en revanche, appellent \u00e0 la prudence : la cr\u00e9ation d\u2019autant d\u2019entit\u00e9s administratives sans vision claire ou strat\u00e9gie de long terme pourrait alourdir les d\u00e9penses publiques, surtout si les nouvelles wilayas ne sont pas dot\u00e9es de ressources stables et planifi\u00e9es.<\/p>\n\n\n\n<p>N\u00e9anmoins, le cap est fix\u00e9 : l\u2019Alg\u00e9rie semble d\u00e9termin\u00e9e \u00e0 redessiner sa carte administrative en profondeur, pour rapprocher l\u2019\u00c9tat des citoyens et cr\u00e9er des opportunit\u00e9s de d\u00e9veloppement local l\u00e0 o\u00f9 elles sont les plus n\u00e9cessaires.<\/p>\n\n\n\n<p>L.R.<\/p>\n","protected":false},"excerpt":{"rendered":"<p>Le pr\u00e9sident de la R\u00e9publique, Abdelmadjid Tebboune, a valid\u00e9 ce dimanche une r\u00e9forme territoriale majeure : l\u2019\u00e9l\u00e9vation de onze circonscriptions administratives \u2014 situ\u00e9es dans les Hauts?Plateaux et le Sud \u2014 au statut de wilayas \u00e0 part enti\u00e8re. Cette d\u00e9cision, act\u00e9e lors d\u2019un Conseil des ministres, porte le nombre de wilayas alg\u00e9riennes \u00e0 69, contre 58 [&hellip;]<\/p>\n","protected":false},"author":3,"featured_media":3306,"comment_status":"open","ping_status":"open","sticky":false,"template":"","format":"standard","meta":{"footnotes":""},"categories":[2],"tags":[],"class_list":{"0":"post-3305","1":"post","2":"type-post","3":"status-publish","4":"format-standard","5":"has-post-thumbnail","7":"category-infos"},"_links":{"self":[{"href":"https:\/\/lequotidien-deconstantine.dz\/index.php?rest_route=\/wp\/v2\/posts\/3305","targetHints":{"allow":["GET"]}}],"collection":[{"href":"https:\/\/lequotidien-deconstantine.dz\/index.php?rest_route=\/wp\/v2\/posts"}],"about":[{"href":"https:\/\/lequotidien-deconstantine.dz\/index.php?rest_route=\/wp\/v2\/types\/post"}],"author":[{"embeddable":true,"href":"https:\/\/lequotidien-deconstantine.dz\/index.php?rest_route=\/wp\/v2\/users\/3"}],"replies":[{"embeddable":true,"href":"https:\/\/lequotidien-deconstantine.dz\/index.php?rest_route=%2Fwp%2Fv2%2Fcomments&post=3305"}],"version-history":[{"count":1,"href":"https:\/\/lequotidien-deconstantine.dz\/index.php?rest_route=\/wp\/v2\/posts\/3305\/revisions"}],"predecessor-version":[{"id":3307,"href":"https:\/\/lequotidien-deconstantine.dz\/index.php?rest_route=\/wp\/v2\/posts\/3305\/revisions\/3307"}],"wp:featuredmedia":[{"embeddable":true,"href":"https:\/\/lequotidien-deconstantine.dz\/index.php?rest_route=\/wp\/v2\/media\/3306"}],"wp:attachment":[{"href":"https:\/\/lequotidien-deconstantine.dz\/index.php?rest_route=%2Fwp%2Fv2%2Fmedia&parent=3305"}],"wp:term":[{"taxonomy":"category","embeddable":true,"href":"https:\/\/lequotidien-deconstantine.dz\/index.php?rest_route=%2Fwp%2Fv2%2Fcategories&post=3305"},{"taxonomy":"post_tag","embeddable":true,"href":"https:\/\/lequotidien-deconstantine.dz\/index.php?rest_route=%2Fwp%2Fv2%2Ftags&post=3305"}],"curies":[{"name":"wp","href":"https:\/\/api.w.org\/{rel}","templated":true}]}}