{"id":3317,"date":"2025-11-18T07:35:54","date_gmt":"2025-11-18T06:35:54","guid":{"rendered":"https:\/\/lequotidien-deconstantine.dz\/?p=3317"},"modified":"2025-11-18T07:35:56","modified_gmt":"2025-11-18T06:35:56","slug":"mine-et-rail-la-rigueur-au-sommet","status":"publish","type":"post","link":"https:\/\/lequotidien-deconstantine.dz\/?p=3317","title":{"rendered":"Mine et rail\u00a0: La rigueur au sommet"},"content":{"rendered":"\n<p>Lors du dernier Conseil des ministres tenu dimanche \u00e0 Alger, le pr\u00e9sident de la R\u00e9publique, Abdelmadjid Tebboune, a r\u00e9affirm\u00e9 son exigence stricte : les projets structurants doivent \u00eatre livr\u00e9s dans les d\u00e9lais impartis, sans report ni compromis. Cette directive prend tout son sens avec l\u2019annonce officielle de l\u2019entr\u00e9e en exploitation de la mine de fer de Gara Djebilet d\u00e8s le premier trimestre 2026.<\/p>\n\n\n\n<p>Le chef de l\u2019\u00c9tat insiste : le respect des \u00e9ch\u00e9ances n\u2019est pas une simple clause administrative, mais le levier central de la politique nationale de d\u00e9veloppement. La mise en service simultan\u00e9e en janvier 2026 de la mine et de la ligne ferroviaire reliant Tindouf \u00e0 B\u00e9char t\u00e9moigne de cette volont\u00e9 de conjuger ambitions industrielles et efficacit\u00e9 op\u00e9rationnelle. Cette ligne ferroviaire, strat\u00e9gique pour l\u2019acheminement du minerai, sera essentielle \u00e0 la comp\u00e9titivit\u00e9 de la production nationale.<\/p>\n\n\n\n<p>Chaque phase du projet Gara Djebilet doit \u00eatre livr\u00e9e conform\u00e9ment aux calendriers \u00e9tablis. Selon les directives pr\u00e9sidentielles, tout retard non justifi\u00e9 affaiblit la comp\u00e9titivit\u00e9 du pays. Les entreprises nationales et partenaires \u00e9trangers sont soumis \u00e0 un rythme strict, encadr\u00e9 par des comit\u00e9s de suivi rapproch\u00e9. Cette rigueur n\u2019est pas isol\u00e9e : elle a d\u00e9j\u00e0 \u00e9t\u00e9 appliqu\u00e9e avec succ\u00e8s aux stations de dessalement du littoral, o\u00f9 toute entreprise incapable de respecter le calendrier a \u00e9t\u00e9 remplac\u00e9e.<\/p>\n\n\n\n<p><strong>Valorisation des ressources et retomb\u00e9es \u00e9conomiques<\/strong><\/p>\n\n\n\n<p>La premi\u00e8re unit\u00e9 de traitement de Gara Djebilet, avec une capacit\u00e9 initiale de quatre millions de tonnes par an, devrait g\u00e9n\u00e9rer des retomb\u00e9es financi\u00e8res rapides : un chiffre d\u2019affaires anticip\u00e9 \u00e0 3,9 milliards de dollars pour les 30 premiers millions de tonnes export\u00e9es et un profit net d\u00e9passant le milliard de dollars. Cette approche illustre la vision du pr\u00e9sident Tebboune : exploiter pleinement les potentialit\u00e9s nationales pour soutenir le budget de l\u2019\u00c9tat et consolider la croissance industrielle.<\/p>\n\n\n\n<p>Au-del\u00e0 de l\u2019\u00e9conomie, le projet pr\u00e9voit la cr\u00e9ation de 15.000 emplois directs, accompagn\u00e9s de programmes de formation destin\u00e9s \u00e0 renforcer les comp\u00e9tences locales. Les jeunes des wilayas du sud seront au c\u0153ur de ce processus, favorisant une int\u00e9gration r\u00e9gionale d\u00e9cisive et le d\u00e9veloppement d\u2019un vivier qualifi\u00e9 pour l\u2019industrie mini\u00e8re.<\/p>\n\n\n\n<p><strong>Une nouvelle gouvernance des grands travaux<\/strong><\/p>\n\n\n\n<p>Pour le pr\u00e9sident Tebboune, la r\u00e9ussite de Gara Djebilet et des infrastructures associ\u00e9es ne se limite pas \u00e0 l\u2019atteinte d\u2019objectifs \u00e9conomiques : elle refl\u00e8te une gouvernance moderne o\u00f9 chaque jour compte. La discipline impos\u00e9e d\u00e8s la conception des projets permet d\u2019assurer simultan\u00e9ment industrialisation, efficacit\u00e9 et impact social, tout en positionnant l\u2019Alg\u00e9rie sur la voie d\u2019une exploitation strat\u00e9gique de ses ressources naturelles.<\/p>\n\n\n\n<p>L.R.<\/p>\n","protected":false},"excerpt":{"rendered":"<p>Lors du dernier Conseil des ministres tenu dimanche \u00e0 Alger, le pr\u00e9sident de la R\u00e9publique, Abdelmadjid Tebboune, a r\u00e9affirm\u00e9 son exigence stricte : les projets structurants doivent \u00eatre livr\u00e9s dans les d\u00e9lais impartis, sans report ni compromis. Cette directive prend tout son sens avec l\u2019annonce officielle de l\u2019entr\u00e9e en exploitation de la mine de fer [&hellip;]<\/p>\n","protected":false},"author":3,"featured_media":3318,"comment_status":"open","ping_status":"open","sticky":false,"template":"","format":"standard","meta":{"footnotes":""},"categories":[2],"tags":[],"class_list":{"0":"post-3317","1":"post","2":"type-post","3":"status-publish","4":"format-standard","5":"has-post-thumbnail","7":"category-infos"},"_links":{"self":[{"href":"https:\/\/lequotidien-deconstantine.dz\/index.php?rest_route=\/wp\/v2\/posts\/3317","targetHints":{"allow":["GET"]}}],"collection":[{"href":"https:\/\/lequotidien-deconstantine.dz\/index.php?rest_route=\/wp\/v2\/posts"}],"about":[{"href":"https:\/\/lequotidien-deconstantine.dz\/index.php?rest_route=\/wp\/v2\/types\/post"}],"author":[{"embeddable":true,"href":"https:\/\/lequotidien-deconstantine.dz\/index.php?rest_route=\/wp\/v2\/users\/3"}],"replies":[{"embeddable":true,"href":"https:\/\/lequotidien-deconstantine.dz\/index.php?rest_route=%2Fwp%2Fv2%2Fcomments&post=3317"}],"version-history":[{"count":1,"href":"https:\/\/lequotidien-deconstantine.dz\/index.php?rest_route=\/wp\/v2\/posts\/3317\/revisions"}],"predecessor-version":[{"id":3319,"href":"https:\/\/lequotidien-deconstantine.dz\/index.php?rest_route=\/wp\/v2\/posts\/3317\/revisions\/3319"}],"wp:featuredmedia":[{"embeddable":true,"href":"https:\/\/lequotidien-deconstantine.dz\/index.php?rest_route=\/wp\/v2\/media\/3318"}],"wp:attachment":[{"href":"https:\/\/lequotidien-deconstantine.dz\/index.php?rest_route=%2Fwp%2Fv2%2Fmedia&parent=3317"}],"wp:term":[{"taxonomy":"category","embeddable":true,"href":"https:\/\/lequotidien-deconstantine.dz\/index.php?rest_route=%2Fwp%2Fv2%2Fcategories&post=3317"},{"taxonomy":"post_tag","embeddable":true,"href":"https:\/\/lequotidien-deconstantine.dz\/index.php?rest_route=%2Fwp%2Fv2%2Ftags&post=3317"}],"curies":[{"name":"wp","href":"https:\/\/api.w.org\/{rel}","templated":true}]}}