{"id":3325,"date":"2025-11-19T07:52:49","date_gmt":"2025-11-19T06:52:49","guid":{"rendered":"https:\/\/lequotidien-deconstantine.dz\/?p=3325"},"modified":"2025-11-19T07:52:52","modified_gmt":"2025-11-19T06:52:52","slug":"attaf-le-dossier-du-sahara-occidental-nest-pas-clos","status":"publish","type":"post","link":"https:\/\/lequotidien-deconstantine.dz\/?p=3325","title":{"rendered":"Attaf\u00a0: \u00abLe dossier du Sahara occidental n\u2019est pas clos\u00bb"},"content":{"rendered":"\n<p>Ahmed Attaf affirme, mardi, que le Conseil de s\u00e9curit\u00e9 n\u2019a pas adopt\u00e9 les th\u00e8ses marocaines concernant la question du Sahara occidental, soulignant que le dossier <em>\u00ab&nbsp;n\u2019est pas clos&nbsp;\u00bb<\/em> et reste soumis aux Nations Unies.<\/p>\n\n\n\n<p><em>\u00ab&nbsp;Le dossier du Sahara occidental n\u2019est pas clos et reste soumis aux Nations Unies, au niveau de l\u2019Assembl\u00e9e g\u00e9n\u00e9rale, du Conseil de s\u00e9curit\u00e9 et du Comit\u00e9 sp\u00e9cial de la d\u00e9colonisation (C-24)&nbsp;\u00bb,<\/em> pr\u00e9cise Attaf, lors d\u2019une conf\u00e9rence de presse au si\u00e8ge du minist\u00e8re des affaires \u00e9trang\u00e8res.<\/p>\n\n\n\n<p><strong>Pr\u00e9servation des fondamentaux d\u2019une solution juste, durable et d\u00e9finitive \u00e0 la question du Sahara occidental<\/strong><\/p>\n\n\n\n<p><em>\u00ab&nbsp;La r\u00e9solution adopt\u00e9e par le Conseil de s\u00e9curit\u00e9 a pr\u00e9serv\u00e9, dans sa teneur, tous les fondamentaux de la solution \u00e0 la question du Sahara occidental, sans toucher \u00e0 aucun de ses \u00e9l\u00e9ments interd\u00e9pendants et compl\u00e9mentaires&nbsp;\u00bb,<\/em> soutient le ministre d\u2019Etat, ministre des Affaires \u00e9trang\u00e8res, de la Communaut\u00e9 nationale \u00e0 l\u2019\u00e9tranger et des Affaires africaines. Outre la pr\u00e9servation des fondamentaux d\u2019une solution juste, durable et d\u00e9finitive \u00e0 la question du Sahara occidental, la r\u00e9solution 2797 du Conseil de s\u00e9curit\u00e9 a <em>\u00ab&nbsp;r\u00e9alis\u00e9 des acquis majeurs permettant au Front Polisario de d\u00e9fendre sa position sur une base solide, pleinement ancr\u00e9e dans la l\u00e9galit\u00e9 internationale&nbsp;\u00bb<\/em>, ajoute Attaf.<\/p>\n\n\n\n<p>Le premier acquis, c\u2019est <em>\u00ab&nbsp;le renouvellement pour une ann\u00e9e du mandat de la Mission des Nations Unies pour l\u2019organisation d\u2019un r\u00e9f\u00e9rendum au Sahara occidental (MINURSO), conform\u00e9ment aux dispositions du premier paragraphe op\u00e9ratoire du texte de la r\u00e9solution, cette Mission \u00e9tant charg\u00e9e d\u2019organiser le r\u00e9f\u00e9rendum d\u2019autod\u00e9termination au Sahara occidental, comme sa d\u00e9nomination l\u2019indique express\u00e9ment&nbsp;\u00bb,<\/em> explique t-il.<\/p>\n\n\n\n<p><strong>Le processus de r\u00e8glement politique de la question du Sahara occidental ne sort pas du cadre onusien<\/strong><\/p>\n\n\n\n<p>Le deuxi\u00e8me acquis, c\u2019est <em>\u00ab&nbsp;la lev\u00e9e du caract\u00e8re exclusif de la proposition marocaine d\u2019autonomie, qu\u2019on a voulu consacrer comme unique base de n\u00e9gociations&nbsp;\u00bb, <\/em>ajoute le ministre d\u2019Etat, faisant observer que<em> \u00ab&nbsp;le troisi\u00e8me paragraphe op\u00e9ratoire de la r\u00e9solution a grandement ouvert la voie au Front Polisario pour pr\u00e9senter ses visions et propositions dans le cadre du processus de n\u00e9gociations&nbsp;\u00bb.<\/em><\/p>\n\n\n\n<p>Quant au troisi\u00e8me acquis, c\u2019est le fait pour la r\u00e9solution de <em>\u00ab&nbsp;ne pas se prononcer d\u2019avance sur la nature ou les r\u00e9sultats auxquels devraient aboutir les n\u00e9gociations, en laissant cela \u00e0 un accord entre les deux parties au conflit, le Royaume du Maroc et le Front Polisario, comme le stipule le troisi\u00e8me paragraphe op\u00e9ratoire&nbsp;\u00bb<\/em>, poursuit Attaf, rappelant que <em>\u00ab&nbsp;la r\u00e9solution adopt\u00e9e par le Conseil de s\u00e9curit\u00e9 a pr\u00e9serv\u00e9 tous les fondamentaux de la solution \u00e0 la question du Sahara occidental, sans toucher \u00e0 aucun de ses \u00e9l\u00e9ments interd\u00e9pendants et compl\u00e9mentaires&nbsp;\u00bb.<\/em>&nbsp;En effet, ces fondamentaux sont \u00e9nonc\u00e9s express\u00e9ment dans la r\u00e9solution, a-t-il dit, citant le processus de r\u00e8glement politique de la question du Sahara occidental, qui demeure sous l\u2019\u00e9gide des Nations Unies et ne sort pas de ce cadre onusien, comme mentionn\u00e9 dans la plupart des paragraphes de la r\u00e9solution.<\/p>\n\n\n\n<p><strong>N\u00e9cessit\u00e9 pour les deux parties de s\u2019accorder sur la formule finale de la solution<\/strong><\/p>\n\n\n\n<p>Le ministre d\u2019Etat \u00e9voque \u00e9galement le maintien par la r\u00e9solution de <em>\u00ab&nbsp;la n\u00e9cessit\u00e9 de tenir des n\u00e9gociations directes entre les deux parties au conflit, le Royaume du Maroc et le Front Polisario, comme le mentionnent plusieurs de ses paragraphes, particuli\u00e8rement le troisi\u00e8me paragraphe op\u00e9ratoire&nbsp;\u00bb<\/em>, ainsi que <em>\u00ab&nbsp;la n\u00e9cessit\u00e9 pour les deux parties de s\u2019accorder sur la formule finale de la solution, comme le soulignent plusieurs des paragraphes de la r\u00e9solution, particuli\u00e8rement le troisi\u00e8me paragraphe op\u00e9ratoire&nbsp;\u00bb. <\/em>La r\u00e9solution a \u00e9galement maintenu, ajoute Attaf, <em>\u00ab&nbsp;l\u2019imp\u00e9ratif que la solution finale permette au peuple sahraoui d\u2019exercer son droit \u00e0 l\u2019autod\u00e9termination, comme le mentionnent express\u00e9ment deux paragraphes : le troisi\u00e8me paragraphe du pr\u00e9ambule et le troisi\u00e8me paragraphe op\u00e9ratoire&nbsp;\u00bb.<\/em><\/p>\n\n\n\n<p>Lors de la conf\u00e9rence de presse, le ministre d\u2019Etat fait remarquer que cette \u00e9ch\u00e9ance avait fait l\u2019objet d\u2019une campagne de propagande <em>\u00ab&nbsp;qui n\u2019est absolument pas \u00e9trang\u00e8re au dossier du Sahara occidental&nbsp;\u00bb<\/em>, notant que les observateurs qui suivent ce dossier depuis le d\u00e9but <em>\u00ab&nbsp;savent pertinemment que le disque du dossier clos n\u2019a rien de nouveau ou de r\u00e9cent, et que c\u2019est une vieille rengaine ressass\u00e9e \u00e0 chaque fois que cette question est \u00e0 nouveau soulev\u00e9e devant diff\u00e9rentes tribunes onusiennes, notamment le Conseil de s\u00e9curit\u00e9&nbsp;\u00bb<\/em>.<\/p>\n\n\n\n<p><strong><em>\u00ab&nbsp;L\u2019Alg\u00e9rie ne m\u00e9nagera aucun effort pour soutenir toute initiative de m\u00e9diation entre les deux parties&nbsp;\u00bb<\/em><\/strong><strong><\/strong><\/p>\n\n\n\n<p>Attaf affirme, par ailleurs, que <em>\u00ab&nbsp;l\u2019Alg\u00e9rie ne m\u00e9nagera aucun effort pour soutenir toute initiative de m\u00e9diation entre les deux parties au conflit, si elle s\u2019inscrit dans le cadre onusien et repose, dans sa forme et sa teneur, sur les fondamentaux d\u2019une solution juste, durable et d\u00e9finitive \u00e0 la question du Sahara occidental, conform\u00e9ment \u00e0 toutes les r\u00e9solutions pertinentes du Conseil de s\u00e9curit\u00e9, y compris la derni\u00e8re r\u00e9solution 2797&nbsp;\u00bb.<\/em><\/p>\n\n\n\n<p><em>\u00ab&nbsp;La volont\u00e9 de l\u2019Alg\u00e9rie de contribuer au r\u00e8glement du conflit au Sahara occidental est li\u00e9e \u00e0 son souci permanent de pr\u00e9server la s\u00e9curit\u00e9 et la stabilit\u00e9 dans son voisinage&nbsp;\u00bb<\/em>, soutient le ministre d\u2019Etat, pr\u00e9cisant que <em>\u00ab&nbsp;cette volont\u00e9 repose sur la conviction profonde de notre pays que sa s\u00e9curit\u00e9 et sa stabilit\u00e9 font partie int\u00e9grante de la s\u00e9curit\u00e9 et de la stabilit\u00e9 de son voisinage, de son environnement et de tous les espaces auxquels il appartient&nbsp;\u00bb. \u00ab&nbsp;L\u2019Alg\u00e9rie n\u2019a jamais envisag\u00e9 sa s\u00e9curit\u00e9 et sa stabilit\u00e9 d\u2019un point de vue individualiste, isolationniste ou \u00e9go\u00efste. Au contraire, elle pr\u00f4ne une vision globale qui n\u2019exclut aucun de ses fr\u00e8res, en particulier dans la r\u00e9gion sah\u00e9lo-saharienne&nbsp;\u00bb<\/em>, conclut Attaf.<\/p>\n\n\n\n<p>R.N.<\/p>\n","protected":false},"excerpt":{"rendered":"<p>Ahmed Attaf affirme, mardi, que le Conseil de s\u00e9curit\u00e9 n\u2019a pas adopt\u00e9 les th\u00e8ses marocaines concernant la question du Sahara occidental, soulignant que le dossier \u00ab&nbsp;n\u2019est pas clos&nbsp;\u00bb et reste soumis aux Nations Unies. \u00ab&nbsp;Le dossier du Sahara occidental n\u2019est pas clos et reste soumis aux Nations Unies, au niveau de l\u2019Assembl\u00e9e g\u00e9n\u00e9rale, du Conseil [&hellip;]<\/p>\n","protected":false},"author":3,"featured_media":3326,"comment_status":"open","ping_status":"open","sticky":false,"template":"","format":"standard","meta":{"footnotes":""},"categories":[2],"tags":[],"class_list":{"0":"post-3325","1":"post","2":"type-post","3":"status-publish","4":"format-standard","5":"has-post-thumbnail","7":"category-infos"},"_links":{"self":[{"href":"https:\/\/lequotidien-deconstantine.dz\/index.php?rest_route=\/wp\/v2\/posts\/3325","targetHints":{"allow":["GET"]}}],"collection":[{"href":"https:\/\/lequotidien-deconstantine.dz\/index.php?rest_route=\/wp\/v2\/posts"}],"about":[{"href":"https:\/\/lequotidien-deconstantine.dz\/index.php?rest_route=\/wp\/v2\/types\/post"}],"author":[{"embeddable":true,"href":"https:\/\/lequotidien-deconstantine.dz\/index.php?rest_route=\/wp\/v2\/users\/3"}],"replies":[{"embeddable":true,"href":"https:\/\/lequotidien-deconstantine.dz\/index.php?rest_route=%2Fwp%2Fv2%2Fcomments&post=3325"}],"version-history":[{"count":1,"href":"https:\/\/lequotidien-deconstantine.dz\/index.php?rest_route=\/wp\/v2\/posts\/3325\/revisions"}],"predecessor-version":[{"id":3327,"href":"https:\/\/lequotidien-deconstantine.dz\/index.php?rest_route=\/wp\/v2\/posts\/3325\/revisions\/3327"}],"wp:featuredmedia":[{"embeddable":true,"href":"https:\/\/lequotidien-deconstantine.dz\/index.php?rest_route=\/wp\/v2\/media\/3326"}],"wp:attachment":[{"href":"https:\/\/lequotidien-deconstantine.dz\/index.php?rest_route=%2Fwp%2Fv2%2Fmedia&parent=3325"}],"wp:term":[{"taxonomy":"category","embeddable":true,"href":"https:\/\/lequotidien-deconstantine.dz\/index.php?rest_route=%2Fwp%2Fv2%2Fcategories&post=3325"},{"taxonomy":"post_tag","embeddable":true,"href":"https:\/\/lequotidien-deconstantine.dz\/index.php?rest_route=%2Fwp%2Fv2%2Ftags&post=3325"}],"curies":[{"name":"wp","href":"https:\/\/api.w.org\/{rel}","templated":true}]}}