{"id":3335,"date":"2025-11-20T08:56:05","date_gmt":"2025-11-20T07:56:05","guid":{"rendered":"https:\/\/lequotidien-deconstantine.dz\/?p=3335"},"modified":"2025-11-20T08:56:07","modified_gmt":"2025-11-20T07:56:07","slug":"droits-de-lenfant-cap-sur-2030","status":"publish","type":"post","link":"https:\/\/lequotidien-deconstantine.dz\/?p=3335","title":{"rendered":"Droits de l\u2019enfant\u00a0: Cap sur 2030"},"content":{"rendered":"\n<p>L\u2019Alg\u00e9rie poursuit ses efforts pour consolider la protection des droits de l\u2019enfant, avec la mise en place de nouveaux m\u00e9canismes et d\u2019un plan national ambitieux qui s\u2019\u00e9tend jusqu\u2019en 2030. La pr\u00e9sidente de la Haute Autorit\u00e9 nationale de protection et de promotion de l\u2019enfance, Mme Mariem Cherifi, a soulign\u00e9 les progr\u00e8s significatifs r\u00e9alis\u00e9s par le pays et les avanc\u00e9es l\u00e9gislatives qui font d\u00e9sormais de l\u2019Alg\u00e9rie un mod\u00e8le dans ce domaine.<\/p>\n\n\n\n<p>\u00ab L\u2019Alg\u00e9rie a \u00e9t\u00e9 l\u2019un des premiers pays \u00e0 ratifier la Convention des Nations Unies relative aux droits de l\u2019enfant pour les moins de 18 ans \u00bb, a rappel\u00e9 Mme Cherifi lors de son intervention sur le programme <em>\u00ab Invit\u00e9 du matin \u00bb<\/em> de la Premi\u00e8re Cha\u00eene de la radio nationale. Elle a ajout\u00e9 que le Constitution de 2020 figure parmi les textes l\u00e9gislatifs rares dans le monde \u00e0 pr\u00e9voir une protection \u00e9tendue des droits de l\u2019enfant, soulignant que tout progr\u00e8s concret repose sur un cadre l\u00e9gal solide.<\/p>\n\n\n\n<p><strong>Une responsabilit\u00e9 collective et des actions concr\u00e8tes<\/strong><\/p>\n\n\n\n<p>\u00c0 l\u2019approche de la Journ\u00e9e mondiale des droits de l\u2019enfant, Mme Cherifi a insist\u00e9 sur le fait que la protection de l\u2019enfance est une responsabilit\u00e9 collective, impliquant tous les secteurs de la soci\u00e9t\u00e9. Les actions men\u00e9es par l\u2019\u00c9tat et la soci\u00e9t\u00e9 civile visent \u00e0 r\u00e9pondre aux nouveaux d\u00e9fis de l\u2019enfance moderne. Dans ce cadre, plusieurs initiatives de sensibilisation seront organis\u00e9es, notamment l\u2019installation de panneaux d\u2019information dans les stations de m\u00e9tro et la mise en place d\u2019un train \u00e9ducatif pour enfants, afin de promouvoir la connaissance de leurs droits et des m\u00e9canismes de protection.<\/p>\n\n\n\n<p>Aujourd\u2019hui, l\u2019Alg\u00e9rie compte plus de 17 millions d\u2019enfants, dont 12 millions b\u00e9n\u00e9ficient du droit \u00e0 l\u2019\u00e9ducation. Mme Cherifi a rappel\u00e9 que la protection de l\u2019enfance constitue l\u2019une des priorit\u00e9s majeures du programme pr\u00e9sidentiel, et ce \u00e0 travers des mesures sociales, \u00e9ducatives et sanitaires.<\/p>\n\n\n\n<p>Parmi les m\u00e9canismes modernes de protection, le num\u00e9ro vert 11-11 occupe une place centrale. Cette ligne permet de signaler toute situation mettant un enfant en danger, avec la garantie de confidentialit\u00e9 totale pour le d\u00e9nonciateur. Les alertes peuvent \u00eatre transmises par appel t\u00e9l\u00e9phonique, message vocal ou vid\u00e9o, offrant ainsi une r\u00e9action rapide et coordonn\u00e9e \u00e0 travers l\u2019ensemble du territoire national.<\/p>\n\n\n\n<p>Depuis l\u2019ind\u00e9pendance, l\u2019Alg\u00e9rie a pris plusieurs mesures sociales majeures, notamment la lutte contre l\u2019analphab\u00e9tisme et la mise en place de programmes de protection sociale, m\u00e9dicale et psychologique pour les enfants orphelins, marginalis\u00e9s ou victimes de pauvret\u00e9. La protection des enfants \u00e0 besoins sp\u00e9cifiques est \u00e9galement au c\u0153ur des priorit\u00e9s, avec des actions cibl\u00e9es pour les enfants atteints de troubles du spectre autistique ou de paralysie c\u00e9r\u00e9brale. Par ailleurs, l\u2019\u00c9tat a interdit certaines formes de travail des enfants, comme le m\u00e9tier de cirage de chaussures, consid\u00e9r\u00e9 comme incompatible avec la dignit\u00e9 et les droits de l\u2019enfant.<\/p>\n\n\n\n<p><strong>La vigilance face aux risques num\u00e9riques<\/strong><\/p>\n\n\n\n<p>Mme Cherifi a alert\u00e9 sur les risques li\u00e9s aux r\u00e9seaux sociaux et aux contenus inappropri\u00e9s, soulignant que la protection des enfants dans le cyberespace est devenue une priorit\u00e9 nationale, compte tenu de son impact direct sur le comportement et l\u2019avenir des jeunes g\u00e9n\u00e9rations.<\/p>\n\n\n\n<p>Pour renforcer cette protection, une cellule nationale de veille sera prochainement mise en place, compos\u00e9e de policiers judiciaires, experts et sp\u00e9cialistes, visant \u00e0 d\u00e9tecter et pr\u00e9venir les situations \u00e0 risque.<\/p>\n\n\n\n<p>Le principe de non-discrimination est au c\u0153ur des politiques de protection, notamment pour les enfants \u00e0 besoins sp\u00e9cifiques. Des campagnes de soins et de suivi m\u00e9dical seront organis\u00e9es dans diff\u00e9rentes r\u00e9gions, impliquant des m\u00e9decins sp\u00e9cialistes, pour offrir aux enfants concern\u00e9s une prise en charge sanitaire et psychologique adapt\u00e9e.<\/p>\n\n\n\n<p>Enfin, la Haute Autorit\u00e9 travaille \u00e0 finaliser un plan national de l\u2019enfance pour la p\u00e9riode 2025-2030, \u00e9labor\u00e9 avec la participation des minist\u00e8res concern\u00e9s, des services judiciaires et s\u00e9curitaires, des associations de la soci\u00e9t\u00e9 civile ainsi que des experts et sp\u00e9cialistes. Ce plan global couvrira tous les aspects de la protection de l\u2019enfance, notamment la sant\u00e9 et le bien-\u00eatre des enfants, l\u2019\u00e9ducation et l\u2019inclusion sociale, l\u2019int\u00e9gration des enfants \u00e0 besoins sp\u00e9cifiques et la pr\u00e9vention des risques li\u00e9s aux nouvelles technologies et aux r\u00e9seaux sociaux<\/p>\n\n\n\n<p>Mme Cherifi a conclu en affirmant que ce plan constitue une feuille de route ambitieuse, destin\u00e9e \u00e0 faire de la protection des enfants une priorit\u00e9 durable et syst\u00e9mique \u00e0 l\u2019\u00e9chelle nationale.<\/p>\n\n\n\n<p>L.R.<\/p>\n","protected":false},"excerpt":{"rendered":"<p>L\u2019Alg\u00e9rie poursuit ses efforts pour consolider la protection des droits de l\u2019enfant, avec la mise en place de nouveaux m\u00e9canismes et d\u2019un plan national ambitieux qui s\u2019\u00e9tend jusqu\u2019en 2030. La pr\u00e9sidente de la Haute Autorit\u00e9 nationale de protection et de promotion de l\u2019enfance, Mme Mariem Cherifi, a soulign\u00e9 les progr\u00e8s significatifs r\u00e9alis\u00e9s par le pays [&hellip;]<\/p>\n","protected":false},"author":3,"featured_media":3336,"comment_status":"open","ping_status":"open","sticky":false,"template":"","format":"standard","meta":{"footnotes":""},"categories":[10],"tags":[],"class_list":{"0":"post-3335","1":"post","2":"type-post","3":"status-publish","4":"format-standard","5":"has-post-thumbnail","7":"category-magazine"},"_links":{"self":[{"href":"https:\/\/lequotidien-deconstantine.dz\/index.php?rest_route=\/wp\/v2\/posts\/3335","targetHints":{"allow":["GET"]}}],"collection":[{"href":"https:\/\/lequotidien-deconstantine.dz\/index.php?rest_route=\/wp\/v2\/posts"}],"about":[{"href":"https:\/\/lequotidien-deconstantine.dz\/index.php?rest_route=\/wp\/v2\/types\/post"}],"author":[{"embeddable":true,"href":"https:\/\/lequotidien-deconstantine.dz\/index.php?rest_route=\/wp\/v2\/users\/3"}],"replies":[{"embeddable":true,"href":"https:\/\/lequotidien-deconstantine.dz\/index.php?rest_route=%2Fwp%2Fv2%2Fcomments&post=3335"}],"version-history":[{"count":1,"href":"https:\/\/lequotidien-deconstantine.dz\/index.php?rest_route=\/wp\/v2\/posts\/3335\/revisions"}],"predecessor-version":[{"id":3337,"href":"https:\/\/lequotidien-deconstantine.dz\/index.php?rest_route=\/wp\/v2\/posts\/3335\/revisions\/3337"}],"wp:featuredmedia":[{"embeddable":true,"href":"https:\/\/lequotidien-deconstantine.dz\/index.php?rest_route=\/wp\/v2\/media\/3336"}],"wp:attachment":[{"href":"https:\/\/lequotidien-deconstantine.dz\/index.php?rest_route=%2Fwp%2Fv2%2Fmedia&parent=3335"}],"wp:term":[{"taxonomy":"category","embeddable":true,"href":"https:\/\/lequotidien-deconstantine.dz\/index.php?rest_route=%2Fwp%2Fv2%2Fcategories&post=3335"},{"taxonomy":"post_tag","embeddable":true,"href":"https:\/\/lequotidien-deconstantine.dz\/index.php?rest_route=%2Fwp%2Fv2%2Ftags&post=3335"}],"curies":[{"name":"wp","href":"https:\/\/api.w.org\/{rel}","templated":true}]}}