{"id":3362,"date":"2025-11-24T07:34:45","date_gmt":"2025-11-24T06:34:45","guid":{"rendered":"https:\/\/lequotidien-deconstantine.dz\/?p=3362"},"modified":"2025-11-24T07:34:47","modified_gmt":"2025-11-24T06:34:47","slug":"sud-vs-nord-lafrique-fait-entendre-sa-voix","status":"publish","type":"post","link":"https:\/\/lequotidien-deconstantine.dz\/?p=3362","title":{"rendered":"Sud vs Nord\u00a0: L\u2019Afrique fait entendre sa voix"},"content":{"rendered":"\n<p>La premi\u00e8re r\u00e9union du G20 organis\u00e9e sur le sol africain marque un tournant diplomatique majeur et consacre la mont\u00e9e en puissance du continent sur la sc\u00e8ne internationale. Pour l\u2019expert en d\u00e9veloppement Abdelrahmane Hadef, invit\u00e9 de l\u2019\u00e9mission <em>\u00ab invit\u00e9 du matin \u00bb<\/em>, ce choix de Johannesburg traduit clairement l\u2019int\u00e9gration pleine et enti\u00e8re de l\u2019Union africaine au sein du G20 et confirme la reconnaissance internationale croissante du poids g\u00e9ostrat\u00e9gique de l\u2019Afrique.<\/p>\n\n\n\n<p>Selon lui, cette \u00e9dition sud-africaine offre aux pays du Sud une tribune exceptionnelle pour r\u00e9clamer une refonte en profondeur du syst\u00e8me \u00e9conomique mondial, longtemps fa\u00e7onn\u00e9 par les grandes puissances occidentales. L\u2019Alg\u00e9rie, l\u2019Afrique du Sud, l\u2019\u00c9gypte et le Nig\u00e9ria figurent parmi les \u00c9tats les plus actifs dans ce mouvement, plaidant pour un ordre international plus \u00e9quitable et davantage respectueux des besoins du continent.<\/p>\n\n\n\n<p>Hadef rappelle que le G20, n\u00e9 \u00e0 la fin des ann\u00e9es 1990 dans l\u2019apr\u00e8s-guerre froide, s\u2019est impos\u00e9 depuis la crise sanitaire de 2020 comme l\u2019espace central de gestion des crises mondiales, qu\u2019elles soient \u00e9conomiques, industrielles ou g\u00e9opolitiques. Les r\u00e9percussions de la guerre en Ukraine et l\u2019embrasement du Moyen-Orient, notamment \u00e0 Gaza, ont encore renforc\u00e9 l\u2019importance strat\u00e9gique de ce forum.<\/p>\n\n\n\n<p><strong>L\u2019instauration d\u2019un ordre international plus juste<\/strong><\/p>\n\n\n\n<p>Pour les pays du Sud, cette \u00e9dition de Johannesburg a repr\u00e9sent\u00e9 une nouvelle occasion d\u2019exiger des r\u00e9formes profondes du syst\u00e8me international h\u00e9rit\u00e9 de l\u2019apr\u00e8s-Seconde Guerre mondiale. L\u2019expert \u00e9voque notamment la n\u00e9cessit\u00e9 d\u2019une d\u00e9mocratisation des m\u00e9canismes de d\u00e9cision, d\u2019un meilleur acc\u00e8s \u00e0 la sant\u00e9, \u00e0 la technologie et aux financements, ainsi que d\u2019une r\u00e9vision du traitement de la dette ext\u00e9rieure, devenue un obstacle majeur au d\u00e9veloppement. Ces revendications s\u2019inscrivent dans une dynamique marqu\u00e9e par un d\u00e9calage de plus en plus visible entre les priorit\u00e9s des pays industrialis\u00e9s et celles des nations \u00e0 revenu faible ou interm\u00e9diaire.<\/p>\n\n\n\n<p>L\u2019Alg\u00e9rie, par la voix du Premier ministre Seifi Ghrib repr\u00e9sentant le pr\u00e9sident Abdelmadjid Tebboune, a exprim\u00e9 vigoureusement cette position. Elle a insist\u00e9 sur l\u2019urgence d\u2019\u00e9couter les besoins de l\u2019Afrique face aux d\u00e9fis environnementaux, \u00e0 la pauvret\u00e9 persistante et aux exigences d\u2019un d\u00e9veloppement durable, tout en appelant \u00e0 l\u2019instauration d\u2019un ordre international plus juste.<\/p>\n\n\n\n<p>Sur le plan \u00e9conomique, Hadef souligne que la vision alg\u00e9rienne repose sur une strat\u00e9gie de d\u00e9veloppement int\u00e9gr\u00e9e : renforcer les m\u00e9canismes de financement, favoriser les investissements \u00e9trangers, garantir le transfert technologique et moderniser les infrastructures industrielles, \u00e9nerg\u00e9tiques et scientifiques. La formation des comp\u00e9tences locales et la mont\u00e9e en capacit\u00e9 des \u00e9lites nationales constituent, selon lui, un pilier essentiel de cette transformation.<\/p>\n\n\n\n<p>Concernant la dette, il rappelle que l\u2019Afrique supporte aujourd\u2019hui un fardeau de pr\u00e8s de 1 400 milliards de dollars, un poids qui r\u00e9duit drastiquement la marge de man\u0153uvre des \u00c9tats et d\u00e9passe parfois les budgets allou\u00e9s \u00e0 des secteurs vitaux comme l\u2019\u00e9ducation, la sant\u00e9 ou l\u2019\u00e9nergie. L\u2019Alg\u00e9rie plaide ainsi pour une r\u00e9vision radicale des m\u00e9canismes internationaux de gestion de la dette : annulation partielle, conversion en investissements productifs, r\u00e9forme profonde des institutions financi\u00e8res internationales \u2014 Banque mondiale, FMI, BRICS Bank, BAD \u2014 et changement des crit\u00e8res de notation et de classification qui p\u00e9nalisent les \u00e9conomies du Sud.<\/p>\n\n\n\n<p>En conclusion, Hadef estime que la d\u00e9marche alg\u00e9rienne met l\u2019accent sur une exigence centrale : adapter les r\u00e8gles du jeu international aux r\u00e9alit\u00e9s et aux d\u00e9fis propres \u00e0 l\u2019Afrique, afin que la voix du continent soit pleinement entendue dans la gouvernance mondiale.<\/p>\n\n\n\n<p>S.B.<\/p>\n\n\n\n<p><\/p>\n","protected":false},"excerpt":{"rendered":"<p>La premi\u00e8re r\u00e9union du G20 organis\u00e9e sur le sol africain marque un tournant diplomatique majeur et consacre la mont\u00e9e en puissance du continent sur la sc\u00e8ne internationale. Pour l\u2019expert en d\u00e9veloppement Abdelrahmane Hadef, invit\u00e9 de l\u2019\u00e9mission \u00ab invit\u00e9 du matin \u00bb, ce choix de Johannesburg traduit clairement l\u2019int\u00e9gration pleine et enti\u00e8re de l\u2019Union africaine au [&hellip;]<\/p>\n","protected":false},"author":3,"featured_media":3323,"comment_status":"open","ping_status":"open","sticky":false,"template":"","format":"standard","meta":{"footnotes":""},"categories":[6],"tags":[],"class_list":{"0":"post-3362","1":"post","2":"type-post","3":"status-publish","4":"format-standard","5":"has-post-thumbnail","7":"category-monde"},"_links":{"self":[{"href":"https:\/\/lequotidien-deconstantine.dz\/index.php?rest_route=\/wp\/v2\/posts\/3362","targetHints":{"allow":["GET"]}}],"collection":[{"href":"https:\/\/lequotidien-deconstantine.dz\/index.php?rest_route=\/wp\/v2\/posts"}],"about":[{"href":"https:\/\/lequotidien-deconstantine.dz\/index.php?rest_route=\/wp\/v2\/types\/post"}],"author":[{"embeddable":true,"href":"https:\/\/lequotidien-deconstantine.dz\/index.php?rest_route=\/wp\/v2\/users\/3"}],"replies":[{"embeddable":true,"href":"https:\/\/lequotidien-deconstantine.dz\/index.php?rest_route=%2Fwp%2Fv2%2Fcomments&post=3362"}],"version-history":[{"count":1,"href":"https:\/\/lequotidien-deconstantine.dz\/index.php?rest_route=\/wp\/v2\/posts\/3362\/revisions"}],"predecessor-version":[{"id":3363,"href":"https:\/\/lequotidien-deconstantine.dz\/index.php?rest_route=\/wp\/v2\/posts\/3362\/revisions\/3363"}],"wp:featuredmedia":[{"embeddable":true,"href":"https:\/\/lequotidien-deconstantine.dz\/index.php?rest_route=\/wp\/v2\/media\/3323"}],"wp:attachment":[{"href":"https:\/\/lequotidien-deconstantine.dz\/index.php?rest_route=%2Fwp%2Fv2%2Fmedia&parent=3362"}],"wp:term":[{"taxonomy":"category","embeddable":true,"href":"https:\/\/lequotidien-deconstantine.dz\/index.php?rest_route=%2Fwp%2Fv2%2Fcategories&post=3362"},{"taxonomy":"post_tag","embeddable":true,"href":"https:\/\/lequotidien-deconstantine.dz\/index.php?rest_route=%2Fwp%2Fv2%2Ftags&post=3362"}],"curies":[{"name":"wp","href":"https:\/\/api.w.org\/{rel}","templated":true}]}}