{"id":3364,"date":"2025-11-24T07:36:36","date_gmt":"2025-11-24T06:36:36","guid":{"rendered":"https:\/\/lequotidien-deconstantine.dz\/?p=3364"},"modified":"2025-11-24T07:36:39","modified_gmt":"2025-11-24T06:36:39","slug":"protection-des-donnees-un-chantier-encore-ouvert","status":"publish","type":"post","link":"https:\/\/lequotidien-deconstantine.dz\/?p=3364","title":{"rendered":"Protection des donn\u00e9es\u00a0: Un chantier encore ouvert"},"content":{"rendered":"\n<p>Alors que l\u2019intelligence artificielle acc\u00e9l\u00e8re la collecte et l\u2019exploitation des donn\u00e9es \u00e0 grande \u00e9chelle, l\u2019Alg\u00e9rie peine encore \u00e0 appliquer pleinement sa loi sur la protection des informations personnelles. Malgr\u00e9 l\u2019existence d\u2019un cadre juridique d\u00e9di\u00e9 \u2014 la loi n\u00b0 18-07 du 10 juin 2018 \u2014 la mise en conformit\u00e9 demeure largement inachev\u00e9e, constate Djallal Bouabdallah, expert en transformation num\u00e9rique et premier invit\u00e9 de la semaine dans l\u2019\u00e9mission <em>L\u2019invit\u00e9 du jour<\/em>.<\/p>\n\n\n\n<p>Selon ce dernier, la l\u00e9gislation pr\u00e9voyait un d\u00e9lai d\u2019un an pour permettre aux institutions, entreprises et organismes de s\u2019adapter aux nouvelles obligations, d\u00e9lai d\u00e9clench\u00e9 lors de l\u2019installation de l\u2019Autorit\u00e9 nationale de protection des donn\u00e9es \u00e0 caract\u00e8re personnel (ANDPD) le 11 ao\u00fbt 2022. Logiquement, l\u2019ensemble des acteurs concern\u00e9s auraient d\u00fb \u00eatre en conformit\u00e9 au 10 ao\u00fbt 2023. \u00ab Les choses ne se sont pas d\u00e9roul\u00e9es comme pr\u00e9vu \u00bb, r\u00e9sume l\u2019expert.<\/p>\n\n\n\n<p><strong>Un retard important, malgr\u00e9 une prise de conscience \u00e9mergente<\/strong><\/p>\n\n\n\n<p>L\u2019\u00e9tat des lieux dress\u00e9 par M. Bouabdallah montre une situation encore tr\u00e8s disparate. \u00ab Il reste beaucoup d\u2019\u00e9l\u00e9ments non mis en place. Les acteurs commencent \u00e0 prendre conscience, mais la conformit\u00e9 est loin d\u2019\u00eatre totale \u00bb, regrette-t-il. L\u2019Alg\u00e9rie, affirme-t-il, entre seulement \u00ab dans l\u2019\u00e8re de la conscience num\u00e9rique \u00bb, une transition qui demande encore du temps, de l\u2019organisation et une culture de la responsabilit\u00e9.<\/p>\n\n\n\n<p><strong>Citoyens peu sensibilis\u00e9s, entreprises en progr\u00e8s<\/strong><\/p>\n\n\n\n<p>Interrog\u00e9 sur le niveau de sensibilisation du public, l\u2019expert met en avant un d\u00e9ficit pr\u00e9occupant : \u00ab Beaucoup d\u2019Alg\u00e9riens ne connaissent pas leurs droits, ni ce que constitue r\u00e9ellement une donn\u00e9e personnelle. \u00bb Une m\u00e9connaissance qui freine l\u2019adoption de bonnes pratiques et rend difficile l\u2019installation d\u2019un v\u00e9ritable r\u00e9flexe de protection num\u00e9rique.<\/p>\n\n\n\n<p>\u00c0 l\u2019inverse, certains secteurs structur\u00e9s montrent des avanc\u00e9es notables. Banques, assurances et op\u00e9rateurs t\u00e9l\u00e9coms progressent dans la mise en conformit\u00e9 et la s\u00e9curisation des donn\u00e9es, aussi bien celles de leurs clients que celles de leurs employ\u00e9s.<\/p>\n\n\n\n<p><strong>Une mobilisation collective jug\u00e9e indispensable<\/strong><\/p>\n\n\n\n<p>Pour r\u00e9ussir cette transition et garantir un environnement num\u00e9rique conforme et s\u00e9curis\u00e9, Djallal Bouabdallah appelle \u00e0 une synergie \u00e9largie. Il pr\u00e9conise une mobilisation commune entre l\u2019ANDPD, les institutions publiques, les entreprises priv\u00e9es, les experts et les formateurs. \u00ab Il faut que tout le monde travaille ensemble : public, priv\u00e9, jusqu\u2019aux services de s\u00e9curit\u00e9. C\u2019est une question de souverainet\u00e9 \u00bb, insiste-t-il.<\/p>\n\n\n\n<p>Pour lui, la protection des donn\u00e9es ne se r\u00e9sume pas \u00e0 un simple volet technique. Elle conditionne la confiance entre l\u2019\u00c9tat, les entreprises et les citoyens, et constitue l\u2019un des piliers d\u2019une \u00e9conomie num\u00e9rique solide, cr\u00e9dible et durable. \u00ab Si cette \u00e9conomie veut se d\u00e9velopper, elle doit reposer sur la souverainet\u00e9, la confiance et la responsabilit\u00e9 \u00bb, conclut-il.<\/p>\n\n\n\n<p>L.R.<\/p>\n","protected":false},"excerpt":{"rendered":"<p>Alors que l\u2019intelligence artificielle acc\u00e9l\u00e8re la collecte et l\u2019exploitation des donn\u00e9es \u00e0 grande \u00e9chelle, l\u2019Alg\u00e9rie peine encore \u00e0 appliquer pleinement sa loi sur la protection des informations personnelles. Malgr\u00e9 l\u2019existence d\u2019un cadre juridique d\u00e9di\u00e9 \u2014 la loi n\u00b0 18-07 du 10 juin 2018 \u2014 la mise en conformit\u00e9 demeure largement inachev\u00e9e, constate Djallal Bouabdallah, expert [&hellip;]<\/p>\n","protected":false},"author":3,"featured_media":3365,"comment_status":"open","ping_status":"open","sticky":false,"template":"","format":"standard","meta":{"footnotes":""},"categories":[8],"tags":[],"class_list":{"0":"post-3364","1":"post","2":"type-post","3":"status-publish","4":"format-standard","5":"has-post-thumbnail","7":"category-economie"},"_links":{"self":[{"href":"https:\/\/lequotidien-deconstantine.dz\/index.php?rest_route=\/wp\/v2\/posts\/3364","targetHints":{"allow":["GET"]}}],"collection":[{"href":"https:\/\/lequotidien-deconstantine.dz\/index.php?rest_route=\/wp\/v2\/posts"}],"about":[{"href":"https:\/\/lequotidien-deconstantine.dz\/index.php?rest_route=\/wp\/v2\/types\/post"}],"author":[{"embeddable":true,"href":"https:\/\/lequotidien-deconstantine.dz\/index.php?rest_route=\/wp\/v2\/users\/3"}],"replies":[{"embeddable":true,"href":"https:\/\/lequotidien-deconstantine.dz\/index.php?rest_route=%2Fwp%2Fv2%2Fcomments&post=3364"}],"version-history":[{"count":1,"href":"https:\/\/lequotidien-deconstantine.dz\/index.php?rest_route=\/wp\/v2\/posts\/3364\/revisions"}],"predecessor-version":[{"id":3366,"href":"https:\/\/lequotidien-deconstantine.dz\/index.php?rest_route=\/wp\/v2\/posts\/3364\/revisions\/3366"}],"wp:featuredmedia":[{"embeddable":true,"href":"https:\/\/lequotidien-deconstantine.dz\/index.php?rest_route=\/wp\/v2\/media\/3365"}],"wp:attachment":[{"href":"https:\/\/lequotidien-deconstantine.dz\/index.php?rest_route=%2Fwp%2Fv2%2Fmedia&parent=3364"}],"wp:term":[{"taxonomy":"category","embeddable":true,"href":"https:\/\/lequotidien-deconstantine.dz\/index.php?rest_route=%2Fwp%2Fv2%2Fcategories&post=3364"},{"taxonomy":"post_tag","embeddable":true,"href":"https:\/\/lequotidien-deconstantine.dz\/index.php?rest_route=%2Fwp%2Fv2%2Ftags&post=3364"}],"curies":[{"name":"wp","href":"https:\/\/api.w.org\/{rel}","templated":true}]}}