{"id":3367,"date":"2025-11-24T07:38:00","date_gmt":"2025-11-24T06:38:00","guid":{"rendered":"https:\/\/lequotidien-deconstantine.dz\/?p=3367"},"modified":"2025-11-24T07:38:02","modified_gmt":"2025-11-24T06:38:02","slug":"trump-annonce-les-freres-musulmans-sur-la-liste-terroriste","status":"publish","type":"post","link":"https:\/\/lequotidien-deconstantine.dz\/?p=3367","title":{"rendered":"Trump annonce\u00a0: Les Fr\u00e8res musulmans sur la liste terroriste"},"content":{"rendered":"\n<p>Le pr\u00e9sident am\u00e9ricain Donald Trump a annonc\u00e9 son intention de classer les Fr\u00e8res musulmans comme \u00ab organisation terroriste \u00e9trang\u00e8re \u00bb, une mesure qui s\u2019inscrit dans un contexte international o\u00f9 plusieurs pays ont d\u00e9j\u00e0 pris des d\u00e9cisions similaires contre cette confr\u00e9rie islamiste. Cette initiative pourrait transformer profond\u00e9ment le cadre l\u00e9gal et politique entourant le mouvement aux \u00c9tats-Unis.<\/p>\n\n\n\n<p><strong>Une offensive politique annonc\u00e9e<\/strong><\/p>\n\n\n\n<p>Donald Trump a d\u00e9clar\u00e9 que \u00ab les documents finaux sont en cours de r\u00e9daction \u00bb et a promis que la classification serait formul\u00e9e \u00ab en des termes tr\u00e8s fermes et tr\u00e8s forts \u00bb. Cette d\u00e9marche s\u2019inscrit dans une campagne plus large de lutte contre ce que le pr\u00e9sident consid\u00e8re comme une menace de l\u2019islam politique.<\/p>\n\n\n\n<p>Elle fait \u00e9cho \u00e0 l\u2019action du gouverneur du Texas, Greg Abbott, qui a r\u00e9cemment d\u00e9sign\u00e9 les Fr\u00e8res musulmans et le Conseil des relations am\u00e9ricano-islamiques (CAIR) comme \u00ab organisations terroristes \u00e9trang\u00e8res et criminelles transnationales \u00bb. Abbott a ordonn\u00e9 des enqu\u00eates sur des tribunaux pr\u00e9sum\u00e9s de la charia, accusant certaines entit\u00e9s du nord Texas de contourner la l\u00e9gislation am\u00e9ricaine.<\/p>\n\n\n\n<p>En r\u00e9action, des groupes musulmans ont port\u00e9 l\u2019affaire devant la justice f\u00e9d\u00e9rale, d\u00e9non\u00e7ant une \u00ab proclamation inconstitutionnelle et diffamatoire \u00bb visant la branche texane du CAIR et, plus largement, le courant fr\u00e9riste.<\/p>\n\n\n\n<p>Alors que Donald Trump annonce son intention de qualifier les Fr\u00e8res musulmans d\u2019\u00ab organisation terroriste \u00e9trang\u00e8re \u00bb, il est utile de replacer cette d\u00e9marche dans un contexte international. Plusieurs pays, notamment au Moyen-Orient et en Europe, ont d\u00e9j\u00e0 pris des mesures s\u00e9v\u00e8res \u00e0 l\u2019encontre de cette confr\u00e9rie islamiste, souvent pour des motifs m\u00ealant s\u00e9curit\u00e9 nationale et contr\u00f4le politique.<\/p>\n\n\n\n<p><strong>\u00c9gypte : le berceau historique du mouvement<\/strong><\/p>\n\n\n\n<p>Fond\u00e9s en 1928, les Fr\u00e8res musulmans ont \u00e9t\u00e9 d\u00e9clar\u00e9s \u00ab terroristes \u00bb par l\u2019\u00c9tat \u00e9gyptien d\u00e8s 2013, peu apr\u00e8s le renversement du pr\u00e9sident Mohamed Morsi, issu de la confr\u00e9rie. En avril 2014, un d\u00e9cret gouvernemental a interdit toute promotion de leurs id\u00e9es, assortie de sanctions allant jusqu\u2019\u00e0 l\u2019emprisonnement et la confiscation de biens. Plus r\u00e9cemment, en d\u00e9cembre 2024, un tribunal p\u00e9nal du Caire a reconfirm\u00e9 cette classification pour cinq ann\u00e9es suppl\u00e9mentaires, en inscrivant plusieurs dirigeants sur la \u00ab liste terroriste \u00bb. Selon Amnesty International, plus de 7 000 personnes ont \u00e9t\u00e9 touch\u00e9es depuis 2015, et le Freedom and Justice Party, bras politique des Fr\u00e8res musulmans, a \u00e9t\u00e9 dissous.<\/p>\n\n\n\n<p><strong>Jordanie : durcissement r\u00e9cent et saisie des biens<\/strong><\/p>\n\n\n\n<p>Le 23 avril 2025, la Jordanie a interdit toutes les activit\u00e9s des Fr\u00e8res musulmans, ferm\u00e9 leurs bureaux et saisi leurs biens, invoquant des risques pour la s\u00e9curit\u00e9 nationale et des accusations de sabotage. Le Front d\u2019action islamique (IAF), li\u00e9 au mouvement, a \u00e9t\u00e9 fragilis\u00e9. Des ONG d\u00e9noncent toutefois une atteinte \u00e0 la libert\u00e9 d\u2019expression et \u00e0 la participation politique l\u00e9gitime, soulignant le risque de marginalisation de certaines forces d\u2019opposition.<\/p>\n\n\n\n<p><strong>Autres \u00c9tats concern\u00e9s<\/strong><\/p>\n\n\n\n<p>La r\u00e9pression ne se limite pas au Moyen-Orient. En Russie, la Cour supr\u00eame a class\u00e9 les Fr\u00e8res musulmans comme organisation terroriste d\u00e8s 2003. En 2014, l\u2019Arabie saoudite, Bahre\u00efn et les \u00c9mirats arabes unis ont adopt\u00e9 des mesures similaires, invoquant la lutte contre l\u2019islam politique. L\u2019Autriche, en Europe, a interdit en 2021 toute diffusion de symboles ou publications li\u00e9s au mouvement, tandis que la Syrie interdit la confr\u00e9rie depuis la loi n\u00b0?49 de 1980, avec des peines s\u00e9v\u00e8res. Enfin, le Kazakhstan a inscrit l\u2019organisation sur sa liste des groupes terroristes d\u00e8s 2006.<\/p>\n\n\n\n<p><strong>Entre s\u00e9curit\u00e9 et politique<\/strong><\/p>\n\n\n\n<p>Dans de nombreux cas, ces interdictions r\u00e9pondent autant \u00e0 des consid\u00e9rations politiques qu\u2019\u00e0 des enjeux s\u00e9curitaires. Les gouvernements visent \u00e0 neutraliser un mouvement capable de contester l\u2019ordre \u00e9tabli, dans des contextes souvent marqu\u00e9s par des tensions r\u00e9gionales ou des transitions politiques difficiles. Les mesures prises \u2014 arrestations, confiscations, restrictions des libert\u00e9s \u2014 suscitent r\u00e9guli\u00e8rement des critiques de la part d\u2019ONG et d\u2019observateurs des droits humains.<\/p>\n\n\n\n<p><strong>Perspectives et implications<\/strong><\/p>\n\n\n\n<p>Si les \u00c9tats-Unis adoptent cette classification, elle pourrait renforcer la pression internationale sur la confr\u00e9rie et l\u00e9gitimer des mesures similaires dans d\u2019autres pays. Toutefois, cette d\u00e9marche comporte des risques : marginaliser les partisans pourrait radicaliser certaines franges du mouvement, et les d\u00e9bats sur la libert\u00e9 religieuse et l\u2019expression politique pourraient s\u2019intensifier.<\/p>\n\n\n\n<p>L\u2019exp\u00e9rience internationale montre que la lutte contre les Fr\u00e8res musulmans ne se limite pas \u00e0 une question de s\u00e9curit\u00e9 : elle touche au c\u0153ur des enjeux politiques et id\u00e9ologiques de chaque \u00c9tat, et toute d\u00e9cision am\u00e9ricaine pourrait avoir des r\u00e9percussions mondiales.<\/p>\n\n\n\n<p>L\u2019annonce de Trump ne constitue pas un geste isol\u00e9 mais s\u2019inscrit dans une dynamique mondiale o\u00f9 plusieurs pays ont d\u00e9j\u00e0 interdit les Fr\u00e8res musulmans pour des raisons \u00e0 la fois s\u00e9curitaires, politiques et id\u00e9ologiques. Comprendre ces pr\u00e9c\u00e9dents est essentiel pour \u00e9valuer les impacts d\u2019une \u00e9ventuelle d\u00e9signation f\u00e9d\u00e9rale aux \u00c9tats-Unis sur le plan juridique, social et g\u00e9opolitique.<\/p>\n","protected":false},"excerpt":{"rendered":"<p>Le pr\u00e9sident am\u00e9ricain Donald Trump a annonc\u00e9 son intention de classer les Fr\u00e8res musulmans comme \u00ab organisation terroriste \u00e9trang\u00e8re \u00bb, une mesure qui s\u2019inscrit dans un contexte international o\u00f9 plusieurs pays ont d\u00e9j\u00e0 pris des d\u00e9cisions similaires contre cette confr\u00e9rie islamiste. Cette initiative pourrait transformer profond\u00e9ment le cadre l\u00e9gal et politique entourant le mouvement aux [&hellip;]<\/p>\n","protected":false},"author":3,"featured_media":3368,"comment_status":"open","ping_status":"open","sticky":false,"template":"","format":"standard","meta":{"footnotes":""},"categories":[6],"tags":[],"class_list":{"0":"post-3367","1":"post","2":"type-post","3":"status-publish","4":"format-standard","5":"has-post-thumbnail","7":"category-monde"},"_links":{"self":[{"href":"https:\/\/lequotidien-deconstantine.dz\/index.php?rest_route=\/wp\/v2\/posts\/3367","targetHints":{"allow":["GET"]}}],"collection":[{"href":"https:\/\/lequotidien-deconstantine.dz\/index.php?rest_route=\/wp\/v2\/posts"}],"about":[{"href":"https:\/\/lequotidien-deconstantine.dz\/index.php?rest_route=\/wp\/v2\/types\/post"}],"author":[{"embeddable":true,"href":"https:\/\/lequotidien-deconstantine.dz\/index.php?rest_route=\/wp\/v2\/users\/3"}],"replies":[{"embeddable":true,"href":"https:\/\/lequotidien-deconstantine.dz\/index.php?rest_route=%2Fwp%2Fv2%2Fcomments&post=3367"}],"version-history":[{"count":1,"href":"https:\/\/lequotidien-deconstantine.dz\/index.php?rest_route=\/wp\/v2\/posts\/3367\/revisions"}],"predecessor-version":[{"id":3369,"href":"https:\/\/lequotidien-deconstantine.dz\/index.php?rest_route=\/wp\/v2\/posts\/3367\/revisions\/3369"}],"wp:featuredmedia":[{"embeddable":true,"href":"https:\/\/lequotidien-deconstantine.dz\/index.php?rest_route=\/wp\/v2\/media\/3368"}],"wp:attachment":[{"href":"https:\/\/lequotidien-deconstantine.dz\/index.php?rest_route=%2Fwp%2Fv2%2Fmedia&parent=3367"}],"wp:term":[{"taxonomy":"category","embeddable":true,"href":"https:\/\/lequotidien-deconstantine.dz\/index.php?rest_route=%2Fwp%2Fv2%2Fcategories&post=3367"},{"taxonomy":"post_tag","embeddable":true,"href":"https:\/\/lequotidien-deconstantine.dz\/index.php?rest_route=%2Fwp%2Fv2%2Ftags&post=3367"}],"curies":[{"name":"wp","href":"https:\/\/api.w.org\/{rel}","templated":true}]}}