{"id":3370,"date":"2025-11-24T15:15:49","date_gmt":"2025-11-24T14:15:49","guid":{"rendered":"https:\/\/lequotidien-deconstantine.dz\/?p=3370"},"modified":"2025-11-24T15:15:52","modified_gmt":"2025-11-24T14:15:52","slug":"ukraine-colere-et-scepticisme-face-au-plan-de-paix-americain","status":"publish","type":"post","link":"https:\/\/lequotidien-deconstantine.dz\/?p=3370","title":{"rendered":"Ukraine\u00a0: Col\u00e8re et scepticisme face au plan de paix am\u00e9ricain"},"content":{"rendered":"\n<p>Les premi\u00e8res r\u00e9actions des soldats ukrainiens au projet am\u00e9ricain de paix oscillent entre d\u00e9fi, col\u00e8re et r\u00e9signation. Alors que des n\u00e9gociations se tiennent \u00e0 Gen\u00e8ve pour affiner le texte, le foss\u00e9 entre diplomatie internationale et r\u00e9alit\u00e9 du front ukrainien semble s\u2019\u00e9largir. Entre concessions territoriales, plafonnement de l\u2019arm\u00e9e et garanties de s\u00e9curit\u00e9 floues, les troupes expriment une m\u00e9fiance profonde.<\/p>\n\n\n\n<p><strong>Un plan am\u00e9ricain initial largement rejet\u00e9<\/strong><\/p>\n\n\n\n<p>La version initiale du projet de paix, divulgu\u00e9e la semaine derni\u00e8re, a provoqu\u00e9 un toll\u00e9 au sein des forces ukrainiennes. Ses principaux points controvers\u00e9s incluaient :<\/p>\n\n\n\n<ul class=\"wp-block-list\">\n<li>La cessation compl\u00e8te du contr\u00f4le ukrainien sur le Donbass (Luhansk et Donetsk), des territoires d\u00e9fendus depuis pr\u00e8s de quatre ans contre l\u2019invasion russe.<\/li>\n\n\n\n<li>La limitation de l\u2019arm\u00e9e ukrainienne \u00e0 600 000 soldats, contre plus de 800 000 actuellement mobilis\u00e9s, alors que le pays a connu une expansion consid\u00e9rable de ses effectifs depuis 2022.<\/li>\n\n\n\n<li>L\u2019exclusion de forces de l\u2019Otan sur le sol ukrainien et l\u2019absence de garanties militaires d\u00e9taill\u00e9es pour pr\u00e9venir de nouvelles agressions.<\/li>\n\n\n\n<li>La tenue d\u2019\u00e9lections rapides dans les 100 jours suivant la fin du conflit, malgr\u00e9 la Constitution ukrainienne qui interdit tout scrutin en temps de guerre.<\/li>\n<\/ul>\n\n\n\n<p>Ces propositions ont \u00e9t\u00e9 per\u00e7ues par beaucoup comme un compromis trop favorable \u00e0 la Russie et ont d\u00e9clench\u00e9 des r\u00e9actions tr\u00e8s vives du c\u00f4t\u00e9 des militaires.<\/p>\n\n\n\n<p><strong>R\u00e9actions des soldats sur le front<\/strong><\/p>\n\n\n\n<p>La BBC a recueilli les t\u00e9moignages de plusieurs soldats en premi\u00e8re ligne :<\/p>\n\n\n\n<ul class=\"wp-block-list\">\n<li>Yaroslav (est de l\u2019Ukraine) : \u00ab \u00c7a craint\u2026 personne ne le soutiendra. \u00bb<\/li>\n\n\n\n<li>Shtutser, m\u00e9decin militaire : \u00ab Un projet absolument honteux, indigne de notre attention. \u00bb<\/li>\n\n\n\n<li>Matros, engag\u00e9 depuis 2018 : \u00ab Abandonner le Donbass annulerait tout \u2014 les efforts et les vies perdues. \u00bb<\/li>\n\n\n\n<li>Snake, soldat pragmatique : \u00ab Il est temps d\u2019accepter au moins quelque chose. \u00bb<\/li>\n<\/ul>\n\n\n\n<p>Ces r\u00e9actions traduisent un spectre de sentiments allant de la col\u00e8re \u00e0 la r\u00e9signation, avec un noyau pragmatique qui accepte que certains compromis puissent \u00eatre n\u00e9cessaires pour mettre fin aux combats.<\/p>\n\n\n\n<p><strong>La question territoriale : Donbass et symbolique nationale<\/strong><\/p>\n\n\n\n<p>Le Donbass reste une ligne rouge \u00e9motionnelle et symbolique. M\u00eame si certaines villes sont aujourd\u2019hui largement d\u00e9sert\u00e9es, les soldats et l\u2019opinion publique ukrainienne consid\u00e8rent ces territoires comme le c\u0153ur de la r\u00e9sistance nationale.<\/p>\n\n\n\n<ul class=\"wp-block-list\">\n<li>Snake note que \u00ab les villes sont vides\u2026 On ne se bat plus pour les gens mais pour la terre \u00bb.<\/li>\n\n\n\n<li>Andrii, officier de l\u2019\u00e9tat-major, reconna\u00eet que c\u00e9der ces zones serait \u00ab douloureux et difficile \u00bb, mais peut-\u00eatre in\u00e9vitable face \u00e0 la sup\u00e9riorit\u00e9 militaire russe dans certaines zones.<\/li>\n\n\n\n<li>Matros estime qu\u2019un abandon du Donbass serait la n\u00e9gation de tout le sacrifice humain et militaire accumul\u00e9 depuis 2014.<\/li>\n<\/ul>\n\n\n\n<p><strong>Taille de l\u2019arm\u00e9e et garanties de s\u00e9curit\u00e9<\/strong><\/p>\n\n\n\n<p>Le plan am\u00e9ricain limitait la taille de l\u2019arm\u00e9e \u00e0 600 000 soldats.<\/p>\n\n\n\n<ul class=\"wp-block-list\">\n<li>Pour certains, comme Snake, la r\u00e9duction des effectifs pourrait \u00eatre compens\u00e9e par un red\u00e9ploiement dans la reconstruction post-conflit.<\/li>\n\n\n\n<li>D\u2019autres, comme Shtutser et Matros, consid\u00e8rent cette limitation comme une menace \u00e0 la s\u00e9curit\u00e9 nationale.<\/li>\n<\/ul>\n\n\n\n<p>Les garanties de s\u00e9curit\u00e9 figurent parmi les points les plus sensibles :<\/p>\n\n\n\n<ul class=\"wp-block-list\">\n<li>Le plan exclut l\u2019adh\u00e9sion \u00e0 l\u2019Otan mais laisse ouverte l\u2019entr\u00e9e dans l\u2019Union europ\u00e9enne.<\/li>\n\n\n\n<li>Yevhen, op\u00e9rateur de drones, plaide pour un d\u00e9ploiement de troupes occidentales en Ukraine via une coalition internationale (\u201creassurance forces\u201d).<\/li>\n\n\n\n<li>La m\u00e9fiance vis-\u00e0-vis des assurances am\u00e9ricaines et europ\u00e9ennes reste forte, notamment en raison de la volatilit\u00e9 politique interne aux \u00c9tats-Unis et du manque de m\u00e9canismes contraignants.<\/li>\n<\/ul>\n\n\n\n<p><strong>N\u00e9gociations \u00e0 Gen\u00e8ve : vers un cadre \u00ab affin\u00e9 \u00bb<\/strong><\/p>\n\n\n\n<p>Les pourparlers \u00e0 Gen\u00e8ve, impliquant les hauts responsables ukrainiens et am\u00e9ricains, visaient \u00e0 r\u00e9viser le plan initial :<\/p>\n\n\n\n<ul class=\"wp-block-list\">\n<li>Selon la Maison-Blanche et Kiev, les discussions ont produit un \u201ccadre de paix mis \u00e0 jour et affin\u00e9\u201d, prenant mieux en compte les priorit\u00e9s ukrainiennes.<\/li>\n\n\n\n<li>Moscou affirme ne pas avoir re\u00e7u de version officielle, ce qui alimente l\u2019incertitude et la m\u00e9fiance sur la cr\u00e9dibilit\u00e9 de l\u2019accord.<\/li>\n\n\n\n<li>Les partenaires europ\u00e9ens (Royaume-Uni, France, Allemagne) ont propos\u00e9 des amendements renfor\u00e7ant la souverainet\u00e9 ukrainienne et les m\u00e9canismes de contr\u00f4le.<\/li>\n<\/ul>\n\n\n\n<p>L\u2019issue de ces n\u00e9gociations demeure fragile : aucun texte officiel n\u2019a encore \u00e9t\u00e9 valid\u00e9, et la diplomatie internationale tente d\u2019aligner s\u00e9curit\u00e9, territorialit\u00e9 et viabilit\u00e9 \u00e9conomique.<\/p>\n\n\n\n<p><strong>Politique int\u00e9rieure et \u00e9lections<\/strong><\/p>\n\n\n\n<p>Le projet am\u00e9ricain propose la tenue d\u2019\u00e9lections anticip\u00e9es, afin de renouveler le gouvernement ukrainien, fragilis\u00e9 par plusieurs scandales de corruption.<\/p>\n\n\n\n<ul class=\"wp-block-list\">\n<li>Certains soldats demandent un \u00ab reset \u00bb politique et consid\u00e8rent les \u00e9lections comme n\u00e9cessaires pour restaurer la confiance.<\/li>\n\n\n\n<li>L\u2019opinion publique et la classe politique ukrainienne suivent de pr\u00e8s ces discussions, conscientes que tout accord per\u00e7u comme impos\u00e9 pourrait d\u00e9stabiliser encore davantage le pays.<\/li>\n<\/ul>\n\n\n\n<p><strong>Risques et perception du front<\/strong><\/p>\n\n\n\n<p>Les principaux risques identifi\u00e9s par les soldats et analystes :<\/p>\n\n\n\n<ol start=\"1\" class=\"wp-block-list\">\n<li>Un accord pr\u00e9matur\u00e9, per\u00e7u comme un abandon ou une capitulation.<\/li>\n\n\n\n<li>Des garanties floues, non accompagn\u00e9es de m\u00e9canismes de contr\u00f4le ou de forces de terrain.<\/li>\n\n\n\n<li>Une d\u00e9connexion entre diplomatie et r\u00e9alit\u00e9 militaire, qui pourrait g\u00e9n\u00e9rer frustration et d\u00e9moralisation parmi les combattants.<\/li>\n<\/ol>\n\n\n\n<p>Pour la majorit\u00e9 des militaires, la paix ne sera acceptable que si elle est tangible, v\u00e9rifiable et durable.<\/p>\n\n\n\n<p>Entre fatigue, d\u00e9fiance et exigence de garanties concr\u00e8tes, les soldats ukrainiens traduisent l\u2019\u00e9cart croissant entre la diplomatie internationale et la r\u00e9alit\u00e9 sur le terrain. Le cadre affin\u00e9 issu de Gen\u00e8ve pourrait constituer une lueur d\u2019espoir, mais sa r\u00e9ussite d\u00e9pendra de la capacit\u00e9 des n\u00e9gociateurs \u00e0 transformer promesses floues en mesures concr\u00e8tes et cr\u00e9dibles.<\/p>\n\n\n\n<p>La perception des troupes reste centrale : sans garanties v\u00e9rifiables et respect des lignes rouges territoriales, toute paix n\u00e9goci\u00e9e risquerait d\u2019\u00eatre un simple armistice fragile et contest\u00e9.<\/p>\n\n\n\n<p><\/p>\n","protected":false},"excerpt":{"rendered":"<p>Les premi\u00e8res r\u00e9actions des soldats ukrainiens au projet am\u00e9ricain de paix oscillent entre d\u00e9fi, col\u00e8re et r\u00e9signation. Alors que des n\u00e9gociations se tiennent \u00e0 Gen\u00e8ve pour affiner le texte, le foss\u00e9 entre diplomatie internationale et r\u00e9alit\u00e9 du front ukrainien semble s\u2019\u00e9largir. Entre concessions territoriales, plafonnement de l\u2019arm\u00e9e et garanties de s\u00e9curit\u00e9 floues, les troupes expriment [&hellip;]<\/p>\n","protected":false},"author":3,"featured_media":3371,"comment_status":"open","ping_status":"open","sticky":false,"template":"","format":"standard","meta":{"footnotes":""},"categories":[6],"tags":[],"class_list":{"0":"post-3370","1":"post","2":"type-post","3":"status-publish","4":"format-standard","5":"has-post-thumbnail","7":"category-monde"},"_links":{"self":[{"href":"https:\/\/lequotidien-deconstantine.dz\/index.php?rest_route=\/wp\/v2\/posts\/3370","targetHints":{"allow":["GET"]}}],"collection":[{"href":"https:\/\/lequotidien-deconstantine.dz\/index.php?rest_route=\/wp\/v2\/posts"}],"about":[{"href":"https:\/\/lequotidien-deconstantine.dz\/index.php?rest_route=\/wp\/v2\/types\/post"}],"author":[{"embeddable":true,"href":"https:\/\/lequotidien-deconstantine.dz\/index.php?rest_route=\/wp\/v2\/users\/3"}],"replies":[{"embeddable":true,"href":"https:\/\/lequotidien-deconstantine.dz\/index.php?rest_route=%2Fwp%2Fv2%2Fcomments&post=3370"}],"version-history":[{"count":1,"href":"https:\/\/lequotidien-deconstantine.dz\/index.php?rest_route=\/wp\/v2\/posts\/3370\/revisions"}],"predecessor-version":[{"id":3372,"href":"https:\/\/lequotidien-deconstantine.dz\/index.php?rest_route=\/wp\/v2\/posts\/3370\/revisions\/3372"}],"wp:featuredmedia":[{"embeddable":true,"href":"https:\/\/lequotidien-deconstantine.dz\/index.php?rest_route=\/wp\/v2\/media\/3371"}],"wp:attachment":[{"href":"https:\/\/lequotidien-deconstantine.dz\/index.php?rest_route=%2Fwp%2Fv2%2Fmedia&parent=3370"}],"wp:term":[{"taxonomy":"category","embeddable":true,"href":"https:\/\/lequotidien-deconstantine.dz\/index.php?rest_route=%2Fwp%2Fv2%2Fcategories&post=3370"},{"taxonomy":"post_tag","embeddable":true,"href":"https:\/\/lequotidien-deconstantine.dz\/index.php?rest_route=%2Fwp%2Fv2%2Ftags&post=3370"}],"curies":[{"name":"wp","href":"https:\/\/api.w.org\/{rel}","templated":true}]}}