{"id":3376,"date":"2025-11-25T08:05:58","date_gmt":"2025-11-25T07:05:58","guid":{"rendered":"https:\/\/lequotidien-deconstantine.dz\/?p=3376"},"modified":"2025-11-25T08:06:00","modified_gmt":"2025-11-25T07:06:00","slug":"stupefiants-a-lecole-la-contre-offensive-est-lancee","status":"publish","type":"post","link":"https:\/\/lequotidien-deconstantine.dz\/?p=3376","title":{"rendered":"Stup\u00e9fiants \u00e0 l\u2019\u00e9cole\u00a0: La contre-offensive est lanc\u00e9e"},"content":{"rendered":"\n<p>L\u2019Alg\u00e9rie franchit une nouvelle \u00e9tape dans la lutte contre l\u2019usage des stup\u00e9fiants en milieu scolaire. Le ministre de l\u2019\u00c9ducation nationale, Mohamed Seghir Sadaoui, et le ministre de la Sant\u00e9, Mohamed Seddik A\u00eft Messaoudene, ont proc\u00e9d\u00e9 lundi \u00e0 Alger \u00e0 l\u2019installation officielle d\u2019une commission multisectorielle charg\u00e9e d\u2019\u00e9laborer la feuille de route pour l\u2019application du d\u00e9cret ex\u00e9cutif encadrant le d\u00e9pistage des stup\u00e9fiants et substances psychotropes dans les \u00e9tablissements d\u2019\u00e9ducation et de formation.<\/p>\n\n\n\n<p><strong>Une coordination intersectorielle in\u00e9dite<\/strong><\/p>\n\n\n\n<p>Compos\u00e9e de repr\u00e9sentants de plus d\u2019une douzaine de d\u00e9partements minist\u00e9riels \u2014 dont l\u2019Int\u00e9rieur, la Justice, l\u2019Enseignement sup\u00e9rieur, la Jeunesse, l\u2019Industrie pharmaceutique et la Solidarit\u00e9 nationale \u2014 la commission r\u00e9unit \u00e9galement des institutions cl\u00e9s telles que la DGSN, la Gendarmerie nationale, la Protection civile, le Haut-commissariat \u00e0 la num\u00e9risation et l\u2019ONPPE.<\/p>\n\n\n\n<p>Cette structuration large vise \u00e0 instaurer une r\u00e9ponse nationale int\u00e9gr\u00e9e, \u00e0 la hauteur de l\u2019ampleur du ph\u00e9nom\u00e8ne de consommation de psychotropes parmi les jeunes.<\/p>\n\n\n\n<p><strong>Une feuille de route pour pr\u00e9venir et d\u00e9pister<\/strong><\/p>\n\n\n\n<p>Le ministre de l\u2019\u00c9ducation a rappel\u00e9 que la cr\u00e9ation de cette commission d\u00e9coule des d\u00e9cisions du gouvernement du 5 novembre 2025 ainsi que des instructions du pr\u00e9sident de la R\u00e9publique. Sa mission principale consiste \u00e0 proposer un plan d\u2019action d\u00e9taill\u00e9 pour l\u2019application du d\u00e9cret fixant les conditions et modalit\u00e9s du d\u00e9pistage pr\u00e9coce en milieu scolaire.<\/p>\n\n\n\n<p>Cette feuille de route devra d\u00e9finir le cadre op\u00e9rationnel des tests de d\u00e9pistage, les modalit\u00e9s d\u2019intervention des \u00e9quipes m\u00e9dicales, les m\u00e9canismes de coordination entre secteurs, et les proc\u00e9dures de prise en charge des \u00e9l\u00e8ves concern\u00e9s.<\/p>\n\n\n\n<p>La loi en vigueur insiste sur la n\u00e9cessit\u00e9 de pr\u00e9server les \u00e9tablissements de toute infiltration du fl\u00e9au et de renforcer la coordination dans les domaines de la pr\u00e9vention et de la r\u00e9pression.<\/p>\n\n\n\n<p><strong>Un d\u00e9pistage encadr\u00e9 par la loi et prot\u00e9g\u00e9 par le consentement<\/strong><\/p>\n\n\n\n<p>Conform\u00e9ment aux textes l\u00e9gislatifs, les examens m\u00e9dicaux p\u00e9riodiques pr\u00e9vus dans les \u00e9tablissements peuvent comporter des analyses de d\u00e9pistage pr\u00e9coce, \u00e0 condition d\u2019obtenir le consentement des repr\u00e9sentants l\u00e9gaux des \u00e9l\u00e8ves ou, \u00e0 d\u00e9faut, celui du juge des mineurs comp\u00e9tent.<\/p>\n\n\n\n<p>Le caract\u00e8re non punitif du d\u00e9pistage a \u00e9t\u00e9 r\u00e9affirm\u00e9 :<br>si un \u00e9l\u00e8ve pr\u00e9sente un r\u00e9sultat positif, il b\u00e9n\u00e9ficie exclusivement de mesures curatives, sans poursuites judiciaires li\u00e9es au test lui-m\u00eame. L\u2019objectif affich\u00e9 est protecteur avant tout, centrant l\u2019action publique sur la pr\u00e9vention, l\u2019accompagnement et la prise en charge.<\/p>\n\n\n\n<p><strong>Suivi sanitaire et sant\u00e9 mentale des \u00e9l\u00e8ves<\/strong><\/p>\n\n\n\n<p>De son c\u00f4t\u00e9, le ministre de la Sant\u00e9 a soulign\u00e9 que les unit\u00e9s de d\u00e9pistage et de suivi \u2014 compos\u00e9es de m\u00e9decins, psychologues et param\u00e9dicaux \u2014 joueront un r\u00f4le crucial aupr\u00e8s des \u00e9l\u00e8ves, notamment en mati\u00e8re de surveillance de la sant\u00e9 mentale, un domaine devenu prioritaire face \u00e0 la mont\u00e9e de l\u2019usage de psychotropes chez les jeunes.<\/p>\n\n\n\n<p>Selon le ministre, cette approche int\u00e9gr\u00e9e doit permettre de d\u00e9tecter pr\u00e9cocement, d\u2019orienter les \u00e9l\u00e8ves vers les structures adapt\u00e9es et de renforcer la pr\u00e9sence sanitaire dans les \u00e9tablissements.<\/p>\n\n\n\n<p><\/p>\n","protected":false},"excerpt":{"rendered":"<p>L\u2019Alg\u00e9rie franchit une nouvelle \u00e9tape dans la lutte contre l\u2019usage des stup\u00e9fiants en milieu scolaire. Le ministre de l\u2019\u00c9ducation nationale, Mohamed Seghir Sadaoui, et le ministre de la Sant\u00e9, Mohamed Seddik A\u00eft Messaoudene, ont proc\u00e9d\u00e9 lundi \u00e0 Alger \u00e0 l\u2019installation officielle d\u2019une commission multisectorielle charg\u00e9e d\u2019\u00e9laborer la feuille de route pour l\u2019application du d\u00e9cret ex\u00e9cutif [&hellip;]<\/p>\n","protected":false},"author":3,"featured_media":3377,"comment_status":"open","ping_status":"open","sticky":false,"template":"","format":"standard","meta":{"footnotes":""},"categories":[10],"tags":[],"class_list":{"0":"post-3376","1":"post","2":"type-post","3":"status-publish","4":"format-standard","5":"has-post-thumbnail","7":"category-magazine"},"_links":{"self":[{"href":"https:\/\/lequotidien-deconstantine.dz\/index.php?rest_route=\/wp\/v2\/posts\/3376","targetHints":{"allow":["GET"]}}],"collection":[{"href":"https:\/\/lequotidien-deconstantine.dz\/index.php?rest_route=\/wp\/v2\/posts"}],"about":[{"href":"https:\/\/lequotidien-deconstantine.dz\/index.php?rest_route=\/wp\/v2\/types\/post"}],"author":[{"embeddable":true,"href":"https:\/\/lequotidien-deconstantine.dz\/index.php?rest_route=\/wp\/v2\/users\/3"}],"replies":[{"embeddable":true,"href":"https:\/\/lequotidien-deconstantine.dz\/index.php?rest_route=%2Fwp%2Fv2%2Fcomments&post=3376"}],"version-history":[{"count":1,"href":"https:\/\/lequotidien-deconstantine.dz\/index.php?rest_route=\/wp\/v2\/posts\/3376\/revisions"}],"predecessor-version":[{"id":3378,"href":"https:\/\/lequotidien-deconstantine.dz\/index.php?rest_route=\/wp\/v2\/posts\/3376\/revisions\/3378"}],"wp:featuredmedia":[{"embeddable":true,"href":"https:\/\/lequotidien-deconstantine.dz\/index.php?rest_route=\/wp\/v2\/media\/3377"}],"wp:attachment":[{"href":"https:\/\/lequotidien-deconstantine.dz\/index.php?rest_route=%2Fwp%2Fv2%2Fmedia&parent=3376"}],"wp:term":[{"taxonomy":"category","embeddable":true,"href":"https:\/\/lequotidien-deconstantine.dz\/index.php?rest_route=%2Fwp%2Fv2%2Fcategories&post=3376"},{"taxonomy":"post_tag","embeddable":true,"href":"https:\/\/lequotidien-deconstantine.dz\/index.php?rest_route=%2Fwp%2Fv2%2Ftags&post=3376"}],"curies":[{"name":"wp","href":"https:\/\/api.w.org\/{rel}","templated":true}]}}