{"id":3379,"date":"2025-11-25T08:07:00","date_gmt":"2025-11-25T07:07:00","guid":{"rendered":"https:\/\/lequotidien-deconstantine.dz\/?p=3379"},"modified":"2025-11-25T08:07:02","modified_gmt":"2025-11-25T07:07:02","slug":"khenchela-a-lheure-du-film-mobile","status":"publish","type":"post","link":"https:\/\/lequotidien-deconstantine.dz\/?p=3379","title":{"rendered":"Khenchela \u00e0 l\u2019heure du film mobile"},"content":{"rendered":"\n<p>La premi\u00e8re \u00e9dition des <strong>Journ\u00e9es nationales du Film Mobile de Khenchela<\/strong> s\u2019est ouverte ce lundi apr\u00e8s-midi \u00e0 la maison de la culture Ali-Soua\u00efhi dans une ambiance festive et conviviale. Plac\u00e9e sous le th\u00e8me <strong>\u00ab Votre mobile, votre histoire \u00bb<\/strong><strong>,<\/strong> la manifestation a \u00e9t\u00e9 supervis\u00e9e par le wali, Salim Harizi, en pr\u00e9sence du directeur de la culture et des arts, Mohamed El Alouani, et de la directrice de la maison de la culture, Samia Merzougui.<\/p>\n\n\n\n<p>Organis\u00e9e par la maison de la culture Ali-Soua\u00efhi en coordination avec le Centre alg\u00e9rien de la cin\u00e9matographie et l\u2019universit\u00e9 Abbas Laghrour, cette premi\u00e8re \u00e9dition se d\u00e9roule du <strong>24 au 27 novembre<\/strong><strong>.<\/strong> Trente films, repr\u00e9sentant <strong>15 wilayas<\/strong>, seront pr\u00e9sent\u00e9s, ainsi qu\u2019un film en provenance de Mauritanie, mis \u00e0 l\u2019honneur lors de l\u2019\u00e9v\u00e9nement.<\/p>\n\n\n\n<p>Dans son allocution d\u2019ouverture, le directeur de la culture a rappel\u00e9 que la manifestation se tient sous l\u2019\u00e9gide du <strong>minist\u00e8re de la Culture et des Arts<\/strong>. Les \u0153uvres seront \u00e9valu\u00e9es par un jury compos\u00e9 de <strong>Issam Taachit, Malika Belbey, Lydia Laarini et Adel Mekhalfia<\/strong>, qui d\u00e9signeront les laur\u00e9ats honor\u00e9s lors de la c\u00e9r\u00e9monie de cl\u00f4ture jeudi.<\/p>\n\n\n\n<p>Les projections auront lieu dans les salles de la maison de la culture Ali-Soua\u00efhi et \u00e0 la cin\u00e9math\u00e8que. Parall\u00e8lement, des <strong>ateliers de formation intensive<\/strong> seront propos\u00e9s dans les domaines de la photo, la mise en sc\u00e8ne, le sc\u00e9nario, le son et le montage, encadr\u00e9s par les sp\u00e9cialistes <strong>Salim Hamdi, Feri Lounis, Moncif Essafi, Kamel Mekser et El Hachemi Meliani<\/strong>.<\/p>\n\n\n\n<p>Jeudi matin, un s\u00e9minaire intitul\u00e9 <strong>\u00ab Court m\u00e9trage sur mobile : nouveaux challenges de l\u2019expression cin\u00e9matographique num\u00e9rique \u00bb<\/strong> sera organis\u00e9 en partenariat avec l\u2019universit\u00e9 Abbas Laghrour et le laboratoire des \u00e9tudes en sciences humaines et sociales.<\/p>\n\n\n\n<p><strong>Des invit\u00e9s d\u2019honneur pour une ouverture marquante<\/strong><br>La c\u00e9r\u00e9monie d\u2019ouverture a \u00e9galement accueilli plusieurs invit\u00e9s d\u2019honneur, parmi lesquels le com\u00e9dien <strong>El Hadi Tir<\/strong>, c\u00e9l\u00e8bre pour son r\u00f4le d\u2019El Badji dans la s\u00e9rie t\u00e9l\u00e9vis\u00e9e <em>Sultan Achour 10<\/em>.<\/p>\n\n\n\n<p>S.B.<\/p>\n","protected":false},"excerpt":{"rendered":"<p>La premi\u00e8re \u00e9dition des Journ\u00e9es nationales du Film Mobile de Khenchela s\u2019est ouverte ce lundi apr\u00e8s-midi \u00e0 la maison de la culture Ali-Soua\u00efhi dans une ambiance festive et conviviale. Plac\u00e9e sous le th\u00e8me \u00ab Votre mobile, votre histoire \u00bb, la manifestation a \u00e9t\u00e9 supervis\u00e9e par le wali, Salim Harizi, en pr\u00e9sence du directeur de la [&hellip;]<\/p>\n","protected":false},"author":3,"featured_media":3380,"comment_status":"open","ping_status":"open","sticky":false,"template":"","format":"standard","meta":{"footnotes":""},"categories":[5],"tags":[],"class_list":{"0":"post-3379","1":"post","2":"type-post","3":"status-publish","4":"format-standard","5":"has-post-thumbnail","7":"category-culture"},"_links":{"self":[{"href":"https:\/\/lequotidien-deconstantine.dz\/index.php?rest_route=\/wp\/v2\/posts\/3379","targetHints":{"allow":["GET"]}}],"collection":[{"href":"https:\/\/lequotidien-deconstantine.dz\/index.php?rest_route=\/wp\/v2\/posts"}],"about":[{"href":"https:\/\/lequotidien-deconstantine.dz\/index.php?rest_route=\/wp\/v2\/types\/post"}],"author":[{"embeddable":true,"href":"https:\/\/lequotidien-deconstantine.dz\/index.php?rest_route=\/wp\/v2\/users\/3"}],"replies":[{"embeddable":true,"href":"https:\/\/lequotidien-deconstantine.dz\/index.php?rest_route=%2Fwp%2Fv2%2Fcomments&post=3379"}],"version-history":[{"count":1,"href":"https:\/\/lequotidien-deconstantine.dz\/index.php?rest_route=\/wp\/v2\/posts\/3379\/revisions"}],"predecessor-version":[{"id":3381,"href":"https:\/\/lequotidien-deconstantine.dz\/index.php?rest_route=\/wp\/v2\/posts\/3379\/revisions\/3381"}],"wp:featuredmedia":[{"embeddable":true,"href":"https:\/\/lequotidien-deconstantine.dz\/index.php?rest_route=\/wp\/v2\/media\/3380"}],"wp:attachment":[{"href":"https:\/\/lequotidien-deconstantine.dz\/index.php?rest_route=%2Fwp%2Fv2%2Fmedia&parent=3379"}],"wp:term":[{"taxonomy":"category","embeddable":true,"href":"https:\/\/lequotidien-deconstantine.dz\/index.php?rest_route=%2Fwp%2Fv2%2Fcategories&post=3379"},{"taxonomy":"post_tag","embeddable":true,"href":"https:\/\/lequotidien-deconstantine.dz\/index.php?rest_route=%2Fwp%2Fv2%2Ftags&post=3379"}],"curies":[{"name":"wp","href":"https:\/\/api.w.org\/{rel}","templated":true}]}}