{"id":3382,"date":"2025-11-25T08:08:21","date_gmt":"2025-11-25T07:08:21","guid":{"rendered":"https:\/\/lequotidien-deconstantine.dz\/?p=3382"},"modified":"2025-11-25T08:08:23","modified_gmt":"2025-11-25T07:08:23","slug":"constantine-le-grand-ecran-de-la-renaissance","status":"publish","type":"post","link":"https:\/\/lequotidien-deconstantine.dz\/?p=3382","title":{"rendered":"Constantine\u00a0: Le grand \u00e9cran de la renaissance"},"content":{"rendered":"\n<p>Hakim Dakkar, acteur alg\u00e9rien et \u00e9lu municipal \u00e0 Constantine, est reconnu pour son engagement artistique et citoyen. Passionn\u00e9 par le cin\u00e9ma, le th\u00e9\u00e2tre et la musique traditionnelle, il milite pour la promotion des arts et du patrimoine constantinois, notamment \u00e0 travers des initiatives visant \u00e0 relancer des \u00e9v\u00e9nements culturels embl\u00e9matiques, comme le Festival international du cin\u00e9ma de Constantine. Sa capacit\u00e9 \u00e0 allier \u00e9motion, conviction et vision strat\u00e9gique en fait une voix influente du renouveau culturel de la r\u00e9gion.<\/p>\n\n\n\n<p>Lors d\u2019une intervention empreinte d\u2019\u00e9motion, Dakkar a lanc\u00e9 un appel direct au pr\u00e9sident de la R\u00e9publique pour relancer le Festival international du cin\u00e9ma de Constantine d\u00e8s 2026. Entre attachement profond \u00e0 sa ville et vision culturelle ambitieuse, il a plaid\u00e9 pour redonner \u00e0 la capitale de l\u2019Est son rayonnement artistique d\u2019antan.<\/p>\n\n\n\n<p>D\u00e8s ses premi\u00e8res paroles, l\u2019acteur a rappel\u00e9 l\u2019histoire exceptionnelle de Constantine, l\u2019une des plus anciennes villes du monde, et ses grandes figures historiques, de Massinissa, unificateur de la Numidie, \u00e0 Yugurtha, symbole de r\u00e9sistance et de dignit\u00e9.<\/p>\n\n\n\n<p>Pour lui, la renaissance culturelle doit s\u2019accompagner d\u2019un d\u00e9veloppement touristique et urbain : \u00ab Quand on parle de culture et de tourisme, on parle d\u2019infrastructures. Constantine a besoin de nouveaux espaces, partout, m\u00eame dans la vieille ville et la Souika \u00bb, a-t-il soulign\u00e9. L\u2019acteur insiste sur un urbanisme culturel accessible, avec des petits mus\u00e9es, des espaces artisanaux et des lieux d\u00e9di\u00e9s au malouf, cet art musical embl\u00e9matique de la ville.<\/p>\n\n\n\n<p><strong>Revitaliser Constantine : un nouveau printemps<\/strong><\/p>\n\n\n\n<p>Dakkar d\u00e9plore l\u2019absence de rep\u00e8res culturels traditionnels et appelle \u00e0 \u00ab un nouveau printemps \u00e0 Constantine\u2026 un printemps des fleurs, des senteurs et des arts traditionnels \u00bb. Selon lui, un programme culturel continu est essentiel pour redonner vie \u00e0 l\u2019artisanat, aux traditions et \u00e0 l\u2019identit\u00e9 plurielle de la r\u00e9gion.<\/p>\n\n\n\n<p>Le point culminant de son intervention a port\u00e9 sur la relance du Festival international du cin\u00e9ma de Constantine, projet \u00e9labor\u00e9 depuis trois ans par une \u00e9quipe d\u2019artistes locaux. Autrefois consid\u00e9r\u00e9 comme l\u2019un des plus prestigieux du pays, ce festival pourrait devenir un levier \u00e9conomique, touristique et culturel majeur : \u00ab Ce festival fera vivre des centaines de personnes. Il cr\u00e9era des emplois directs et indirects. Constantine peut redevenir une capitale culturelle, meilleure encore que l\u2019Andalousie \u00bb, affirme Dakkar. Le dossier complet a d\u00e9j\u00e0 \u00e9t\u00e9 soumis au minist\u00e8re de la Culture, et l\u2019\u00e9quipe attend d\u00e9sormais le feu vert pr\u00e9sidentiel pour lancer l\u2019\u00e9v\u00e9nement en 2026.<\/p>\n\n\n\n<p>\u00c0 la fin de son allocution, l\u2019acteur a exprim\u00e9 son enthousiasme d\u00e9bordant : \u00ab Pardon si j\u2019ai \u00e9t\u00e9 long\u2026 mais je parle avec passion, car j\u2019aime Constantine et j\u2019aime mon pays. \u00bb<\/p>\n\n\n\n<p>L.R.<\/p>\n","protected":false},"excerpt":{"rendered":"<p>Hakim Dakkar, acteur alg\u00e9rien et \u00e9lu municipal \u00e0 Constantine, est reconnu pour son engagement artistique et citoyen. Passionn\u00e9 par le cin\u00e9ma, le th\u00e9\u00e2tre et la musique traditionnelle, il milite pour la promotion des arts et du patrimoine constantinois, notamment \u00e0 travers des initiatives visant \u00e0 relancer des \u00e9v\u00e9nements culturels embl\u00e9matiques, comme le Festival international du [&hellip;]<\/p>\n","protected":false},"author":3,"featured_media":3383,"comment_status":"open","ping_status":"open","sticky":false,"template":"","format":"standard","meta":{"footnotes":""},"categories":[5],"tags":[],"class_list":{"0":"post-3382","1":"post","2":"type-post","3":"status-publish","4":"format-standard","5":"has-post-thumbnail","7":"category-culture"},"_links":{"self":[{"href":"https:\/\/lequotidien-deconstantine.dz\/index.php?rest_route=\/wp\/v2\/posts\/3382","targetHints":{"allow":["GET"]}}],"collection":[{"href":"https:\/\/lequotidien-deconstantine.dz\/index.php?rest_route=\/wp\/v2\/posts"}],"about":[{"href":"https:\/\/lequotidien-deconstantine.dz\/index.php?rest_route=\/wp\/v2\/types\/post"}],"author":[{"embeddable":true,"href":"https:\/\/lequotidien-deconstantine.dz\/index.php?rest_route=\/wp\/v2\/users\/3"}],"replies":[{"embeddable":true,"href":"https:\/\/lequotidien-deconstantine.dz\/index.php?rest_route=%2Fwp%2Fv2%2Fcomments&post=3382"}],"version-history":[{"count":1,"href":"https:\/\/lequotidien-deconstantine.dz\/index.php?rest_route=\/wp\/v2\/posts\/3382\/revisions"}],"predecessor-version":[{"id":3384,"href":"https:\/\/lequotidien-deconstantine.dz\/index.php?rest_route=\/wp\/v2\/posts\/3382\/revisions\/3384"}],"wp:featuredmedia":[{"embeddable":true,"href":"https:\/\/lequotidien-deconstantine.dz\/index.php?rest_route=\/wp\/v2\/media\/3383"}],"wp:attachment":[{"href":"https:\/\/lequotidien-deconstantine.dz\/index.php?rest_route=%2Fwp%2Fv2%2Fmedia&parent=3382"}],"wp:term":[{"taxonomy":"category","embeddable":true,"href":"https:\/\/lequotidien-deconstantine.dz\/index.php?rest_route=%2Fwp%2Fv2%2Fcategories&post=3382"},{"taxonomy":"post_tag","embeddable":true,"href":"https:\/\/lequotidien-deconstantine.dz\/index.php?rest_route=%2Fwp%2Fv2%2Ftags&post=3382"}],"curies":[{"name":"wp","href":"https:\/\/api.w.org\/{rel}","templated":true}]}}