{"id":3388,"date":"2025-11-26T07:50:25","date_gmt":"2025-11-26T06:50:25","guid":{"rendered":"https:\/\/lequotidien-deconstantine.dz\/?p=3388"},"modified":"2025-11-26T07:50:28","modified_gmt":"2025-11-26T06:50:28","slug":"secheresse-et-agriculture-leau-enjeu-strategique","status":"publish","type":"post","link":"https:\/\/lequotidien-deconstantine.dz\/?p=3388","title":{"rendered":"S\u00e9cheresse et agriculture\u00a0: L\u2019eau, enjeu strat\u00e9gique"},"content":{"rendered":"\n<p>L\u2019optimisme r\u00e8gne parmi les agriculteurs alg\u00e9riens apr\u00e8s un \u00e9pisode r\u00e9cent de pluies abondantes, selon les d\u00e9clarations de <strong>Khalfallah Mechri<\/strong><strong>,<\/strong> secr\u00e9taire national de l\u2019Union g\u00e9n\u00e9rale des paysans alg\u00e9riens (UGPA). Ces pr\u00e9cipitations viennent redonner espoir aux producteurs de c\u00e9r\u00e9ales, particuli\u00e8rement touch\u00e9s par le manque d\u2019eau et les changements climatiques ces derni\u00e8res ann\u00e9es, notamment dans l\u2019Ouest du pays et les Hauts-Plateaux, comme les wilayas de <strong>S\u00e9tif<\/strong><strong> et <\/strong><strong>Bordj Bou Arreridj<\/strong>, consid\u00e9r\u00e9es parmi les principales zones de production c\u00e9r\u00e9ali\u00e8re en Alg\u00e9rie.<\/p>\n\n\n\n<p>Lors d\u2019une interview accord\u00e9e ce mardi au programme <strong>\u201cInvit\u00e9 du matin\u201d<\/strong>sur la Premi\u00e8re cha\u00eene de la Radio alg\u00e9rienne, \u00e0 la veille du 51? anniversaire de l\u2019UGPA, Mechri a annonc\u00e9 avoir rencontr\u00e9 r\u00e9cemment <strong>le Premier ministre, Sifi Ghrieb<\/strong><strong>,<\/strong> pour exposer les pr\u00e9occupations des paysans, notamment apr\u00e8s les pertes consid\u00e9rables subies par les producteurs de c\u00e9r\u00e9ales. Une rencontre a \u00e9galement eu lieu avec le <strong>ministre de l\u2019Agriculture et du D\u00e9veloppement rural<\/strong><strong>,<\/strong> visant \u00e0 identifier des solutions urgentes pour renforcer la r\u00e9silience de la fili\u00e8re agricole et garantir la s\u00e9curit\u00e9 alimentaire nationale.<\/p>\n\n\n\n<p><strong>Un soutien imm\u00e9diat aux agriculteurs<\/strong><\/p>\n\n\n\n<p>Mechri a indiqu\u00e9 que des instructions avaient \u00e9t\u00e9 donn\u00e9es aux <strong>directions agricoles<\/strong> et aux <strong>institutions financi\u00e8res<\/strong> pour acc\u00e9l\u00e9rer la fourniture d\u2019engrais et de semences aux agriculteurs. Il a rappel\u00e9 que le d\u00e9marrage de la campagne agricole avait \u00e9t\u00e9 particuli\u00e8rement difficile cette ann\u00e9e, en raison des difficult\u00e9s financi\u00e8res rencontr\u00e9es par de nombreux producteurs apr\u00e8s les pertes de la saison pr\u00e9c\u00e9dente.<\/p>\n\n\n\n<p>Le secr\u00e9taire national a \u00e9galement soulign\u00e9 que le secteur agricole suscite un int\u00e9r\u00eat croissant parmi les jeunes, notamment gr\u00e2ce aux programmes de soutien et de formation mis en place ces derni\u00e8res ann\u00e9es.<\/p>\n\n\n\n<p><strong>L\u2019eau, enjeu strat\u00e9gique pour l\u2019avenir<\/strong><\/p>\n\n\n\n<p>Face aux changements climatiques, Mechri a insist\u00e9 sur l\u2019urgence de s\u2019adapter : les r\u00e9gions du Nord, traditionnellement humides, deviennent aujourd\u2019hui presque arides. Il a appel\u00e9 \u00e0 une mobilisation nationale pour <strong>\u201cgagner la bataille de l\u2019\u00e9conomie de l\u2019eau\u201d<\/strong><strong>,<\/strong> en optimisant chaque goutte de pluie et en utilisant les stations de traitement des eaux domestiques pour l\u2019irrigation agricole, conform\u00e9ment aux directives du pr\u00e9sident de la R\u00e9publique.<\/p>\n\n\n\n<p>\u201cIl est aujourd\u2019hui essentiel de cr\u00e9er de nouvelles zones agricoles entour\u00e9es de ressources hydriques importantes et de recourir \u00e0 l\u2019irrigation compl\u00e9mentaire des c\u00e9r\u00e9ales, surtout apr\u00e8s la d\u00e9cision de l\u2019\u00c9tat de fournir gratuitement l\u2019\u00e9quipement n\u00e9cessaire dans les zones c\u00e9r\u00e9ali\u00e8res\u201d, a pr\u00e9cis\u00e9 Mechri.<\/p>\n\n\n\n<p><strong>R\u00e9former un plan agricole d\u00e9pass\u00e9<\/strong><\/p>\n\n\n\n<p>L\u2019UGPA critique le maintien en vigueur de plans agricoles anciens, datant d\u2019avant 2005, qu\u2019il juge <strong>inadapt\u00e9s aux r\u00e9alit\u00e9s climatiques actuelles<\/strong><strong>,<\/strong> notamment avec le retard des pluies qui d\u00e9cale le v\u00e9ritable d\u00e9but de la saison agricole. Mechri a insist\u00e9 sur la n\u00e9cessit\u00e9 d\u2019\u00e9laborer <strong>de nouveaux plans agricoles bas\u00e9s sur des donn\u00e9es scientifiques actualis\u00e9es<\/strong><strong>,<\/strong> en recherchant de nouvelles sources d\u2019eau pour l\u2019irrigation et en privil\u00e9giant les plantes r\u00e9sistantes \u00e0 la s\u00e9cheresse et les vari\u00e9t\u00e9s locales traditionnelles, en collaboration avec les instituts de recherche en g\u00e9nie agricole.<\/p>\n\n\n\n<p><strong>Augmenter la production et garantir la s\u00e9curit\u00e9 alimentaire<\/strong><\/p>\n\n\n\n<p>Mechri a soulign\u00e9 que les paysans sont pr\u00eats \u00e0 contribuer \u00e0 l\u2019augmentation de la production afin d\u2019assurer la s\u00e9curit\u00e9 alimentaire, mais a averti que <strong>continuer \u00e0 semer sans r\u00e9colter<\/strong>n\u2019est plus acceptable. Il appelle \u00e0 une approche technique plus s\u00e9rieuse, en particulier dans les zones touch\u00e9es par la s\u00e9cheresse dans l\u2019Ouest et les Hauts-Plateaux.<\/p>\n\n\n\n<p>Il a \u00e9galement insist\u00e9 sur la n\u00e9cessit\u00e9 de <strong>r\u00e9duire la bureaucratie<\/strong><strong>,<\/strong> de faciliter l\u2019acc\u00e8s aux engrais et aux \u00e9quipements agricoles, de restructurer l\u2019administration agricole et de soutenir l\u2019acquisition de mat\u00e9riel agricole \u00e2g\u00e9 de moins de cinq ans. Mechri a conclu en rappelant que <strong>tous les pays du monde soutiennent leurs agriculteurs<\/strong>, et que les autorit\u00e9s alg\u00e9riennes s\u2019efforcent de b\u00e2tir une base agricole solide capable de garantir la s\u00e9curit\u00e9 alimentaire pour plus de <strong>45 millions de personnes<\/strong><strong>.<\/strong><\/p>\n\n\n\n<p>L.R.<\/p>\n","protected":false},"excerpt":{"rendered":"<p>L\u2019optimisme r\u00e8gne parmi les agriculteurs alg\u00e9riens apr\u00e8s un \u00e9pisode r\u00e9cent de pluies abondantes, selon les d\u00e9clarations de Khalfallah Mechri, secr\u00e9taire national de l\u2019Union g\u00e9n\u00e9rale des paysans alg\u00e9riens (UGPA). Ces pr\u00e9cipitations viennent redonner espoir aux producteurs de c\u00e9r\u00e9ales, particuli\u00e8rement touch\u00e9s par le manque d\u2019eau et les changements climatiques ces derni\u00e8res ann\u00e9es, notamment dans l\u2019Ouest du pays [&hellip;]<\/p>\n","protected":false},"author":3,"featured_media":3202,"comment_status":"open","ping_status":"open","sticky":false,"template":"","format":"standard","meta":{"footnotes":""},"categories":[8],"tags":[],"class_list":{"0":"post-3388","1":"post","2":"type-post","3":"status-publish","4":"format-standard","5":"has-post-thumbnail","7":"category-economie"},"_links":{"self":[{"href":"https:\/\/lequotidien-deconstantine.dz\/index.php?rest_route=\/wp\/v2\/posts\/3388","targetHints":{"allow":["GET"]}}],"collection":[{"href":"https:\/\/lequotidien-deconstantine.dz\/index.php?rest_route=\/wp\/v2\/posts"}],"about":[{"href":"https:\/\/lequotidien-deconstantine.dz\/index.php?rest_route=\/wp\/v2\/types\/post"}],"author":[{"embeddable":true,"href":"https:\/\/lequotidien-deconstantine.dz\/index.php?rest_route=\/wp\/v2\/users\/3"}],"replies":[{"embeddable":true,"href":"https:\/\/lequotidien-deconstantine.dz\/index.php?rest_route=%2Fwp%2Fv2%2Fcomments&post=3388"}],"version-history":[{"count":1,"href":"https:\/\/lequotidien-deconstantine.dz\/index.php?rest_route=\/wp\/v2\/posts\/3388\/revisions"}],"predecessor-version":[{"id":3389,"href":"https:\/\/lequotidien-deconstantine.dz\/index.php?rest_route=\/wp\/v2\/posts\/3388\/revisions\/3389"}],"wp:featuredmedia":[{"embeddable":true,"href":"https:\/\/lequotidien-deconstantine.dz\/index.php?rest_route=\/wp\/v2\/media\/3202"}],"wp:attachment":[{"href":"https:\/\/lequotidien-deconstantine.dz\/index.php?rest_route=%2Fwp%2Fv2%2Fmedia&parent=3388"}],"wp:term":[{"taxonomy":"category","embeddable":true,"href":"https:\/\/lequotidien-deconstantine.dz\/index.php?rest_route=%2Fwp%2Fv2%2Fcategories&post=3388"},{"taxonomy":"post_tag","embeddable":true,"href":"https:\/\/lequotidien-deconstantine.dz\/index.php?rest_route=%2Fwp%2Fv2%2Ftags&post=3388"}],"curies":[{"name":"wp","href":"https:\/\/api.w.org\/{rel}","templated":true}]}}