{"id":3392,"date":"2025-11-26T07:53:11","date_gmt":"2025-11-26T06:53:11","guid":{"rendered":"https:\/\/lequotidien-deconstantine.dz\/?p=3392"},"modified":"2025-11-26T07:53:14","modified_gmt":"2025-11-26T06:53:14","slug":"soutien-aux-femmes-himayati-bouclier-anti-violence","status":"publish","type":"post","link":"https:\/\/lequotidien-deconstantine.dz\/?p=3392","title":{"rendered":"Soutien aux femmes\u00a0: Himayati, bouclier anti-violence"},"content":{"rendered":"\n<p>\u00c0 l\u2019occasion de la <strong>Journ\u00e9e internationale pour l\u2019\u00e9limination de la violence \u00e0 l\u2019\u00e9gard des femmes<\/strong><strong>,<\/strong> ce 25 novembre, le minist\u00e8re de la Solidarit\u00e9 nationale, de la Famille et de la Condition f\u00e9minine a mis en avant ses m\u00e9canismes de soutien aux femmes victimes de violences, allant de la pr\u00e9vention \u00e0 la prise en charge et \u00e0 l\u2019accompagnement vers l\u2019autonomisation.<\/p>\n\n\n\n<p>Mme <strong>Soumia Oulmane<\/strong>, Directrice centrale au minist\u00e8re, a rappel\u00e9 lors de son passage \u00e0 l\u2019\u00e9mission <em>L\u2019invit\u00e9 de la r\u00e9daction<\/em> sur la cha\u00eene 3 de la Radio Alg\u00e9rienne que plusieurs outils sont disponibles pour venir en aide aux femmes. Parmi eux : le <strong>num\u00e9ro vert gratuit 1026<\/strong><strong>,<\/strong> les<strong>centres d\u2019accueil et d\u2019\u00e9coute<\/strong> pr\u00e9sents dans toutes les wilayas via les Directions de la solidarit\u00e9 (DAS), ainsi que <strong>trois centres nationaux de prise en charge<\/strong><strong>,<\/strong> situ\u00e9s \u00e0 Annaba \u00e0 l\u2019Est, Tipaza au Centre et Mostaganem \u00e0 l\u2019Ouest.<\/p>\n\n\n\n<p>\u00ab Nous \u0153uvrons tout au long de l\u2019ann\u00e9e pour rapprocher les femmes, particuli\u00e8rement celles victimes de violence, de nos services \u00e0 travers plusieurs m\u00e9canismes \u00bb, a soulign\u00e9 Mme Oulmane.<\/p>\n\n\n\n<p>Pour renforcer cette proximit\u00e9 et moderniser la prise en charge, le minist\u00e8re a lanc\u00e9, le <strong>2 septembre 2025<\/strong><strong>, <\/strong>la <strong>plateforme Himayati<\/strong><strong>,<\/strong> d\u00e9di\u00e9e \u00e0 l\u2019accompagnement total des femmes victimes de toutes les formes de violence. Cette initiative permet un suivi plus rapide et coordonn\u00e9 des situations de violence et assure un acc\u00e8s direct \u00e0 des services de soutien.<\/p>\n\n\n\n<p><strong>Campagne nationale de sensibilisation<\/strong><\/p>\n\n\n\n<p>Par ailleurs, la ministre <strong>Soraya Mouloudji<\/strong> a annonc\u00e9 le lancement d\u2019une <strong>campagne nationale de 16 jours<\/strong>visant \u00e0 sensibiliser le public sur la violence faite aux femmes et aux filles. L\u2019objectif est de faire conna\u00eetre les <strong>m\u00e9canismes de protection et de pr\u00e9vention<\/strong> mis en place par l\u2019\u00c9tat, de renforcer la s\u00e9curit\u00e9 des femmes et de pr\u00e9server leur dignit\u00e9.<\/p>\n\n\n\n<p>La ministre a copr\u00e9sid\u00e9, avec le <strong>ministre de la Justice, Lotfi Boudjemaa<\/strong>, la c\u00e9r\u00e9monie officielle de c\u00e9l\u00e9bration de cette Journ\u00e9e internationale. \u00c0 cette occasion, l\u2019application mobile <strong>Himayati<\/strong>a \u00e9t\u00e9 pr\u00e9sent\u00e9e, et une <strong>s\u00e9ance de dialogue<\/strong> a \u00e9t\u00e9 organis\u00e9e autour de la prise en charge des femmes victimes de violence.<\/p>\n\n\n\n<p>Il convient de rappeler que la Journ\u00e9e internationale pour l\u2019\u00e9limination de la violence \u00e0 l\u2019\u00e9gard des femmes a \u00e9t\u00e9 proclam\u00e9e par l\u2019Assembl\u00e9e g\u00e9n\u00e9rale des Nations unies en 1999, pour comm\u00e9morer l\u2019assassinat des <strong>s\u0153urs Mirabal<\/strong><strong>,<\/strong> militantes dominicaines tu\u00e9es le 25 novembre 1960. Cette journ\u00e9e symbolise la lutte contre toutes les formes de violence faites aux femmes \u00e0 travers le monde.<\/p>\n\n\n\n<p><strong>K.N.<\/strong><\/p>\n","protected":false},"excerpt":{"rendered":"<p>\u00c0 l\u2019occasion de la Journ\u00e9e internationale pour l\u2019\u00e9limination de la violence \u00e0 l\u2019\u00e9gard des femmes, ce 25 novembre, le minist\u00e8re de la Solidarit\u00e9 nationale, de la Famille et de la Condition f\u00e9minine a mis en avant ses m\u00e9canismes de soutien aux femmes victimes de violences, allant de la pr\u00e9vention \u00e0 la prise en charge et [&hellip;]<\/p>\n","protected":false},"author":3,"featured_media":3393,"comment_status":"open","ping_status":"open","sticky":false,"template":"","format":"standard","meta":{"footnotes":""},"categories":[10],"tags":[],"class_list":{"0":"post-3392","1":"post","2":"type-post","3":"status-publish","4":"format-standard","5":"has-post-thumbnail","7":"category-magazine"},"_links":{"self":[{"href":"https:\/\/lequotidien-deconstantine.dz\/index.php?rest_route=\/wp\/v2\/posts\/3392","targetHints":{"allow":["GET"]}}],"collection":[{"href":"https:\/\/lequotidien-deconstantine.dz\/index.php?rest_route=\/wp\/v2\/posts"}],"about":[{"href":"https:\/\/lequotidien-deconstantine.dz\/index.php?rest_route=\/wp\/v2\/types\/post"}],"author":[{"embeddable":true,"href":"https:\/\/lequotidien-deconstantine.dz\/index.php?rest_route=\/wp\/v2\/users\/3"}],"replies":[{"embeddable":true,"href":"https:\/\/lequotidien-deconstantine.dz\/index.php?rest_route=%2Fwp%2Fv2%2Fcomments&post=3392"}],"version-history":[{"count":1,"href":"https:\/\/lequotidien-deconstantine.dz\/index.php?rest_route=\/wp\/v2\/posts\/3392\/revisions"}],"predecessor-version":[{"id":3394,"href":"https:\/\/lequotidien-deconstantine.dz\/index.php?rest_route=\/wp\/v2\/posts\/3392\/revisions\/3394"}],"wp:featuredmedia":[{"embeddable":true,"href":"https:\/\/lequotidien-deconstantine.dz\/index.php?rest_route=\/wp\/v2\/media\/3393"}],"wp:attachment":[{"href":"https:\/\/lequotidien-deconstantine.dz\/index.php?rest_route=%2Fwp%2Fv2%2Fmedia&parent=3392"}],"wp:term":[{"taxonomy":"category","embeddable":true,"href":"https:\/\/lequotidien-deconstantine.dz\/index.php?rest_route=%2Fwp%2Fv2%2Fcategories&post=3392"},{"taxonomy":"post_tag","embeddable":true,"href":"https:\/\/lequotidien-deconstantine.dz\/index.php?rest_route=%2Fwp%2Fv2%2Ftags&post=3392"}],"curies":[{"name":"wp","href":"https:\/\/api.w.org\/{rel}","templated":true}]}}