{"id":3397,"date":"2025-11-26T07:57:12","date_gmt":"2025-11-26T06:57:12","guid":{"rendered":"https:\/\/lequotidien-deconstantine.dz\/?p=3397"},"modified":"2025-11-26T07:57:15","modified_gmt":"2025-11-26T06:57:15","slug":"rencontre-de-la-caar-a-constantine-couverture-complete-destinee-aux-fermes-agricoles","status":"publish","type":"post","link":"https:\/\/lequotidien-deconstantine.dz\/?p=3397","title":{"rendered":"Rencontre de la CAAR \u00e0 Constantine\u00a0: Couverture compl\u00e8te destin\u00e9e aux fermes agricoles"},"content":{"rendered":"\n<p>Le pr\u00e9sident-directeur g\u00e9n\u00e9ral de la Compagnie alg\u00e9rienne d\u2019assurances et de r\u00e9assurance (CAAR), M. Ammar Meslouh, a annonc\u00e9 hier, en marge d\u2019une d\u00e9claration \u00e0 la presse, que la soci\u00e9t\u00e9 pr\u00e9voit de lancer en 2026 une couverture compl\u00e8te destin\u00e9e aux fermes agricoles, couvrant l\u2019ensemble des risques li\u00e9s \u00e0 leurs exploitations. Cette annonce a \u00e9t\u00e9 faite \u00e0 l\u2019occasion d\u2019un s\u00e9minaire organis\u00e9 \u00e0 l\u2019h\u00f4tel Marriott de Constantine.<\/p>\n\n\n\n<p>Le PDG a rappel\u00e9 que la CAAR accompagne depuis plusieurs ann\u00e9es les exploitants agricoles \u00e0 travers le pays, couvrant notamment les grandes fili\u00e8res c\u00e9r\u00e9ali\u00e8res, les vergers ou encore l\u2019\u00e9levage soulignant que la compagnie s\u2019oriente aujourd\u2019hui vers un renforcement de ses offres, avec pour objectif d\u2019am\u00e9liorer la prise en charge des sinistres et l\u2019accompagnement des assur\u00e9s. \u201c Cette d\u00e9marche repose sur l\u2019int\u00e9gration de conseils pr\u00e9ventifs et sur l\u2019\u00e9laboration de contrats sur mesure, adapt\u00e9s \u00e0 la taille de l\u2019entreprise, \u00e0 la nature de son activit\u00e9 et au niveau de pr\u00e9vention interne \u201d, a-t -il pr\u00e9cis\u00e9.<\/p>\n\n\n\n<p>Selon M. Meslouh, ces initiatives s\u2019inscrivent dans la volont\u00e9 de la CAAR de favoriser les \u00e9changes autour des nouveaux d\u00e9fis \u00e9conomiques, industriels et technologiques auxquels font face les acteurs nationaux, afin de proposer des solutions d\u2019assurance plus efficaces et adapt\u00e9es au contexte actuel.<\/p>\n\n\n\n<p><strong>Vers une gestion moderne des risques<\/strong><\/p>\n\n\n\n<p>Pour sa part, M. Adel Djoufelkit, directeur central de la communication de la CAAR, a soulign\u00e9 que le s\u00e9minaire visait avant tout \u00e0 instaurer une culture moderne de la gestion des risques au sein des entreprises alg\u00e9riennes. L\u2019\u00e9v\u00e9nement constitue un espace privil\u00e9gi\u00e9 d\u2019\u00e9changes, mettant en lumi\u00e8re le r\u00f4le strat\u00e9gique de l\u2019assurance dans la protection de l\u2019activit\u00e9 \u00e9conomique et la cr\u00e9ation d\u2019une valeur durable. Il a \u00e9galement pour objectif de sensibiliser les entreprises aux outils d\u2019analyse, de pr\u00e9vention et de gestion des risques, devenus essentiels face aux transformations profondes du contexte \u00e9conomique.<\/p>\n\n\n\n<p>Le responsable de la communication a ajout\u00e9 que les ateliers programm\u00e9s constitueront une occasion pr\u00e9cieuse pour mieux cerner les besoins des entreprises, agissant ainsi comme une v\u00e9ritable \u00e9tude de march\u00e9 afin de proposer, par la suite, des produits adapt\u00e9s \u00e0 leurs exigences.<\/p>\n\n\n\n<p>Plac\u00e9e sous le th\u00e8me \u201c Intelligence du risque\u2026 Comment prot\u00e9ger l\u2019avenir ? \u201d, cette rencontre s\u2019inscrit dans la continuit\u00e9 du cycle national de s\u00e9minaires lanc\u00e9 par la CAAR, apr\u00e8s les \u00e9tapes d\u2019Annaba et d\u2019Oran. Elle confirme la volont\u00e9 de l\u2019assureur d\u2019accompagner de mani\u00e8re proactive ses clients strat\u00e9giques et de promouvoir une approche innovante et int\u00e9gr\u00e9e de la gestion des risques.<\/p>\n\n\n\n<p>Il convient de rappeler que la CAAR est la doyenne des compagnies d\u2019assurance en Alg\u00e9rie. Fond\u00e9e en 1963, elle propose une gamme compl\u00e8te de produits \u00e0 ses clients, soutenue par une couverture nationale efficace. En combinant pr\u00e9vention, conseils et solutions sur mesure, la soci\u00e9t\u00e9 d\u2019assurance confirme sa capacit\u00e9 \u00e0 accompagner ses clients et \u00e0 r\u00e9pondre aux d\u00e9fis \u00e9conomiques actuels avec r\u00e9activit\u00e9 et innovation.<\/p>\n\n\n\n<p>&nbsp;Soumeya B.M<\/p>\n","protected":false},"excerpt":{"rendered":"<p>Le pr\u00e9sident-directeur g\u00e9n\u00e9ral de la Compagnie alg\u00e9rienne d\u2019assurances et de r\u00e9assurance (CAAR), M. Ammar Meslouh, a annonc\u00e9 hier, en marge d\u2019une d\u00e9claration \u00e0 la presse, que la soci\u00e9t\u00e9 pr\u00e9voit de lancer en 2026 une couverture compl\u00e8te destin\u00e9e aux fermes agricoles, couvrant l\u2019ensemble des risques li\u00e9s \u00e0 leurs exploitations. Cette annonce a \u00e9t\u00e9 faite \u00e0 l\u2019occasion [&hellip;]<\/p>\n","protected":false},"author":3,"featured_media":3398,"comment_status":"open","ping_status":"open","sticky":false,"template":"","format":"standard","meta":{"footnotes":""},"categories":[4],"tags":[],"class_list":{"0":"post-3397","1":"post","2":"type-post","3":"status-publish","4":"format-standard","5":"has-post-thumbnail","7":"category-actuest"},"_links":{"self":[{"href":"https:\/\/lequotidien-deconstantine.dz\/index.php?rest_route=\/wp\/v2\/posts\/3397","targetHints":{"allow":["GET"]}}],"collection":[{"href":"https:\/\/lequotidien-deconstantine.dz\/index.php?rest_route=\/wp\/v2\/posts"}],"about":[{"href":"https:\/\/lequotidien-deconstantine.dz\/index.php?rest_route=\/wp\/v2\/types\/post"}],"author":[{"embeddable":true,"href":"https:\/\/lequotidien-deconstantine.dz\/index.php?rest_route=\/wp\/v2\/users\/3"}],"replies":[{"embeddable":true,"href":"https:\/\/lequotidien-deconstantine.dz\/index.php?rest_route=%2Fwp%2Fv2%2Fcomments&post=3397"}],"version-history":[{"count":1,"href":"https:\/\/lequotidien-deconstantine.dz\/index.php?rest_route=\/wp\/v2\/posts\/3397\/revisions"}],"predecessor-version":[{"id":3399,"href":"https:\/\/lequotidien-deconstantine.dz\/index.php?rest_route=\/wp\/v2\/posts\/3397\/revisions\/3399"}],"wp:featuredmedia":[{"embeddable":true,"href":"https:\/\/lequotidien-deconstantine.dz\/index.php?rest_route=\/wp\/v2\/media\/3398"}],"wp:attachment":[{"href":"https:\/\/lequotidien-deconstantine.dz\/index.php?rest_route=%2Fwp%2Fv2%2Fmedia&parent=3397"}],"wp:term":[{"taxonomy":"category","embeddable":true,"href":"https:\/\/lequotidien-deconstantine.dz\/index.php?rest_route=%2Fwp%2Fv2%2Fcategories&post=3397"},{"taxonomy":"post_tag","embeddable":true,"href":"https:\/\/lequotidien-deconstantine.dz\/index.php?rest_route=%2Fwp%2Fv2%2Ftags&post=3397"}],"curies":[{"name":"wp","href":"https:\/\/api.w.org\/{rel}","templated":true}]}}